{"id":7994,"date":"2026-03-23T10:03:13","date_gmt":"2026-03-23T06:03:13","guid":{"rendered":"https:\/\/etab.ac-reunion.fr\/clg-marcel-goulette\/?p=7994"},"modified":"2026-03-23T10:08:14","modified_gmt":"2026-03-23T06:08:14","slug":"%f0%9f%8c%8d-semaine-des-langues-2026-une-ouverture-sur-le-monde","status":"publish","type":"post","link":"https:\/\/etab.ac-reunion.fr\/clg-marcel-goulette\/%f0%9f%8c%8d-semaine-des-langues-2026-une-ouverture-sur-le-monde\/","title":{"rendered":"\ud83c\udf0d Semaine des langues 2026 : une ouverture sur le monde !"},"content":{"rendered":"\n<figure class=\"wp-block-image size-large\"><img loading=\"lazy\" decoding=\"async\" width=\"1024\" height=\"575\" src=\"https:\/\/etab.ac-reunion.fr\/clg-marcel-goulette\/wp-content\/uploads\/sites\/153\/2026\/03\/Semaine_des_langues_2026-1024x575.png\" alt=\"\" class=\"wp-image-7996\" srcset=\"https:\/\/etab.ac-reunion.fr\/clg-marcel-goulette\/wp-content\/uploads\/sites\/153\/2026\/03\/Semaine_des_langues_2026-1024x575.png 1024w, https:\/\/etab.ac-reunion.fr\/clg-marcel-goulette\/wp-content\/uploads\/sites\/153\/2026\/03\/Semaine_des_langues_2026-300x169.png 300w, https:\/\/etab.ac-reunion.fr\/clg-marcel-goulette\/wp-content\/uploads\/sites\/153\/2026\/03\/Semaine_des_langues_2026-120x67.png 120w, https:\/\/etab.ac-reunion.fr\/clg-marcel-goulette\/wp-content\/uploads\/sites\/153\/2026\/03\/Semaine_des_langues_2026-768x432.png 768w, https:\/\/etab.ac-reunion.fr\/clg-marcel-goulette\/wp-content\/uploads\/sites\/153\/2026\/03\/Semaine_des_langues_2026-150x84.png 150w, https:\/\/etab.ac-reunion.fr\/clg-marcel-goulette\/wp-content\/uploads\/sites\/153\/2026\/03\/Semaine_des_langues_2026.png 1463w\" sizes=\"auto, (max-width: 1024px) 100vw, 1024px\" \/><\/figure>\n\n\n\n<div style=\"height:30px\" aria-hidden=\"true\" class=\"wp-block-spacer\"><\/div>\n\n\n\n<p>Du lundi 23 au vendredi 27 mars 2026, le coll\u00e8ge c\u00e9l\u00e8bre la <strong>Semaine des langues<\/strong>, un moment fort de l\u2019ann\u00e9e plac\u00e9 sous le signe de la d\u00e9couverte, du partage et de l\u2019ouverture culturelle.<\/p>\n\n\n\n<p>Tout au long de la semaine, les \u00e9l\u00e8ves auront l\u2019occasion de voyager \u00e0 travers diff\u00e9rentes langues et cultures gr\u00e2ce \u00e0 un programme riche et vari\u00e9 .<\/p>\n\n\n\n<div style=\"height:20px\" aria-hidden=\"true\" class=\"wp-block-spacer\"><\/div>\n\n\n\n<hr class=\"wp-block-separator has-alpha-channel-opacity\" \/>\n\n\n\n<div style=\"height:20px\" aria-hidden=\"true\" class=\"wp-block-spacer\"><\/div>\n\n\n\n<h2 class=\"wp-block-heading\">\ud83c\udfaf Des activit\u00e9s pour apprendre autrement<\/h2>\n\n\n\n<p><\/p>\n\n\n\n<p>De nombreuses animations sont propos\u00e9es aux \u00e9l\u00e8ves :<\/p>\n\n\n\n<ul class=\"wp-block-list\">\n<li>\ud83e\udde0 <strong>Quiz linguistiques (Big Challenge)<\/strong> pour tous les niveaux (6e \u00e0 3e)<\/li>\n\n\n\n<li>\ud83d\udd0d <strong>Escape game et jeux de piste en ext\u00e9rieur<\/strong><\/li>\n\n\n\n<li>\ud83c\udfa4 <strong>Karaok\u00e9 autour de chansons engag\u00e9es<\/strong><\/li>\n\n\n\n<li>\ud83d\udcda <strong>Lectures d\u2019histoires en anglais<\/strong>, \u00e9crites par les \u00e9l\u00e8ves<\/li>\n\n\n\n<li>\ud83c\udfb2 <strong>Jeux interactifs<\/strong> (Who is it ?, Battleship, Monopoly\u2026)<\/li>\n\n\n\n<li>\ud83d\udee1\ufe0f <strong>Actions de sensibilisation<\/strong> (internet responsable, lutte contre le harc\u00e8lement)<\/li>\n\n\n\n<li>\ud83c\udfb6 <strong>Atelier musical : \u201cLet\u2019s rap to the beat!\u201d<\/strong><\/li>\n<\/ul>\n\n\n\n<p>Ces activit\u00e9s se d\u00e9roulent principalement entre <strong>12h et 14h<\/strong>, mais certaines sont accessibles \u00e0 tout moment dans diff\u00e9rents espaces du coll\u00e8ge (CDI, salles de classe, ext\u00e9rieur) .<\/p>\n\n\n\n<div style=\"height:20px\" aria-hidden=\"true\" class=\"wp-block-spacer\"><\/div>\n\n\n\n<hr class=\"wp-block-separator has-alpha-channel-opacity\" \/>\n\n\n\n<div style=\"height:20px\" aria-hidden=\"true\" class=\"wp-block-spacer\"><\/div>\n\n\n\n<h2 class=\"wp-block-heading\">\ud83c\udf7d\ufe0f Une cantine aux couleurs du monde<\/h2>\n\n\n\n<p><\/p>\n\n\n\n<p>\u00c0 l\u2019occasion de cette semaine sp\u00e9ciale, <strong>les menus de la cantine s\u2019adaptent chaque jour \u00e0 un pays diff\u00e9rent<\/strong>, permettant ainsi aux \u00e9l\u00e8ves de d\u00e9couvrir de nouvelles saveurs et traditions.<\/p>\n\n\n\n<div style=\"height:20px\" aria-hidden=\"true\" class=\"wp-block-spacer\"><\/div>\n\n\n\n<hr class=\"wp-block-separator has-alpha-channel-opacity\" \/>\n\n\n\n<div style=\"height:20px\" aria-hidden=\"true\" class=\"wp-block-spacer\"><\/div>\n\n\n\n<h2 class=\"wp-block-heading\">\ud83c\udfb6 Une ambiance musicale internationale<\/h2>\n\n\n\n<p><\/p>\n\n\n\n<p>Entre <strong>12h et 14h<\/strong>, des musiques en lien avec les langues \u00e9tudi\u00e9es seront diffus\u00e9es dans l\u2019\u00e9tablissement.<br>Une mani\u00e8re conviviale de prolonger l\u2019immersion culturelle jusque dans les temps de pause !<\/p>\n\n\n\n<div style=\"height:20px\" aria-hidden=\"true\" class=\"wp-block-spacer\"><\/div>\n\n\n\n<hr class=\"wp-block-separator has-alpha-channel-opacity\" \/>\n\n\n\n<div style=\"height:20px\" aria-hidden=\"true\" class=\"wp-block-spacer\"><\/div>\n\n\n\n<h2 class=\"wp-block-heading\">\ud83d\udc55 Un dress code aux couleurs des pays<\/h2>\n\n\n\n<p><\/p>\n\n\n\n<p>Chaque journ\u00e9e est \u00e9galement associ\u00e9e \u00e0 un <strong>pays et \u00e0 des couleurs sp\u00e9cifiques<\/strong>, invitant les \u00e9l\u00e8ves \u00e0 participer activement en adaptant leur tenue .<\/p>\n\n\n\n<div style=\"height:20px\" aria-hidden=\"true\" class=\"wp-block-spacer\"><\/div>\n\n\n\n<hr class=\"wp-block-separator has-alpha-channel-opacity\" \/>\n\n\n\n<div style=\"height:20px\" aria-hidden=\"true\" class=\"wp-block-spacer\"><\/div>\n\n\n\n<h2 class=\"wp-block-heading\">\ud83c\udf0e Une semaine pour s\u2019ouvrir au monde<\/h2>\n\n\n\n<p><\/p>\n\n\n\n<p>Cette Semaine des langues est une belle occasion pour les \u00e9l\u00e8ves de :<\/p>\n\n\n\n<ul class=\"wp-block-list\">\n<li>d\u00e9velopper leur curiosit\u00e9<\/li>\n\n\n\n<li>d\u00e9couvrir d\u2019autres cultures<\/li>\n\n\n\n<li>pratiquer les langues autrement<\/li>\n\n\n\n<li>partager des moments conviviaux<\/li>\n<\/ul>\n\n\n\n<p>Une initiative qui donne tout son sens \u00e0 l\u2019apprentissage des langues vivantes !<\/p>\n\n\n\n<div style=\"height:30px\" aria-hidden=\"true\" class=\"wp-block-spacer\"><\/div>\n\n\n\n<div data-wp-interactive=\"core\/file\" class=\"wp-block-file\"><object data-wp-bind--hidden=\"!state.hasPdfPreview\" hidden class=\"wp-block-file__embed\" data=\"https:\/\/etab.ac-reunion.fr\/clg-marcel-goulette\/wp-content\/uploads\/sites\/153\/2026\/03\/SEMAINE-DES-LANGUES-2026-PROGRAMME-DE-LA-SEMAINE-ANGLAIS.pdf\" type=\"application\/pdf\" style=\"width:100%;height:1000px\" aria-label=\"Contenu embarqu\u00e9 SEMAINE DES LANGUES 2026 - PROGRAMME DE LA SEMAINE - ANGLAIS.\"><\/object><a id=\"wp-block-file--media-ea483138-3d4d-4e79-b90f-aae8d09cca16\" href=\"https:\/\/etab.ac-reunion.fr\/clg-marcel-goulette\/wp-content\/uploads\/sites\/153\/2026\/03\/SEMAINE-DES-LANGUES-2026-PROGRAMME-DE-LA-SEMAINE-ANGLAIS.pdf\">SEMAINE DES LANGUES 2026 &#8211; PROGRAMME DE LA SEMAINE &#8211; ANGLAIS<\/a><a href=\"https:\/\/etab.ac-reunion.fr\/clg-marcel-goulette\/wp-content\/uploads\/sites\/153\/2026\/03\/SEMAINE-DES-LANGUES-2026-PROGRAMME-DE-LA-SEMAINE-ANGLAIS.pdf\" class=\"wp-block-file__button wp-element-button\" download aria-describedby=\"wp-block-file--media-ea483138-3d4d-4e79-b90f-aae8d09cca16\">T\u00e9l\u00e9charger<\/a><\/div>\n\n\n\n<p><\/p>\n","protected":false},"excerpt":{"rendered":"<p>Du lundi 23 au vendredi 27 mars 2026, le coll\u00e8ge c\u00e9l\u00e8bre la Semaine des langues, un moment fort de l\u2019ann\u00e9e plac\u00e9 sous le signe de la d\u00e9couverte, du partage et\u2026<\/p>\n<p class=\"continue-reading-button\"> <a class=\"continue-reading-link\" href=\"https:\/\/etab.ac-reunion.fr\/clg-marcel-goulette\/%f0%9f%8c%8d-semaine-des-langues-2026-une-ouverture-sur-le-monde\/\">Lire la suite&#8230;<i class=\"crycon-right-dir\"><\/i><\/a><\/p>\n","protected":false},"author":38518,"featured_media":8001,"comment_status":"closed","ping_status":"closed","sticky":false,"template":"","format":"standard","meta":{"footnotes":""},"categories":[99,37,87],"tags":[],"class_list":["post-7994","post","type-post","status-publish","format-standard","has-post-thumbnail","hentry","category-actu-vie-scolaire","category-evenements-manifestations-sorties-scolaires","category-langues-vivantes"],"_links":{"self":[{"href":"https:\/\/etab.ac-reunion.fr\/clg-marcel-goulette\/wp-json\/wp\/v2\/posts\/7994","targetHints":{"allow":["GET"]}}],"collection":[{"href":"https:\/\/etab.ac-reunion.fr\/clg-marcel-goulette\/wp-json\/wp\/v2\/posts"}],"about":[{"href":"https:\/\/etab.ac-reunion.fr\/clg-marcel-goulette\/wp-json\/wp\/v2\/types\/post"}],"author":[{"embeddable":true,"href":"https:\/\/etab.ac-reunion.fr\/clg-marcel-goulette\/wp-json\/wp\/v2\/users\/38518"}],"replies":[{"embeddable":true,"href":"https:\/\/etab.ac-reunion.fr\/clg-marcel-goulette\/wp-json\/wp\/v2\/comments?post=7994"}],"version-history":[{"count":3,"href":"https:\/\/etab.ac-reunion.fr\/clg-marcel-goulette\/wp-json\/wp\/v2\/posts\/7994\/revisions"}],"predecessor-version":[{"id":8000,"href":"https:\/\/etab.ac-reunion.fr\/clg-marcel-goulette\/wp-json\/wp\/v2\/posts\/7994\/revisions\/8000"}],"wp:featuredmedia":[{"embeddable":true,"href":"https:\/\/etab.ac-reunion.fr\/clg-marcel-goulette\/wp-json\/wp\/v2\/media\/8001"}],"wp:attachment":[{"href":"https:\/\/etab.ac-reunion.fr\/clg-marcel-goulette\/wp-json\/wp\/v2\/media?parent=7994"}],"wp:term":[{"taxonomy":"category","embeddable":true,"href":"https:\/\/etab.ac-reunion.fr\/clg-marcel-goulette\/wp-json\/wp\/v2\/categories?post=7994"},{"taxonomy":"post_tag","embeddable":true,"href":"https:\/\/etab.ac-reunion.fr\/clg-marcel-goulette\/wp-json\/wp\/v2\/tags?post=7994"}],"curies":[{"name":"wp","href":"https:\/\/api.w.org\/{rel}","templated":true}]}}