{"id":8007,"date":"2026-03-23T14:16:29","date_gmt":"2026-03-23T10:16:29","guid":{"rendered":"https:\/\/etab.ac-reunion.fr\/clg-marcel-goulette\/?p=8007"},"modified":"2026-03-23T15:12:27","modified_gmt":"2026-03-23T11:12:27","slug":"web-radio-tempo-goulette-emission-theme-eau","status":"publish","type":"post","link":"https:\/\/etab.ac-reunion.fr\/clg-marcel-goulette\/web-radio-tempo-goulette-emission-theme-eau\/","title":{"rendered":"Web radio Tempo Goulette \u00c9mission 1 du 11\/12\/25 Th\u00e8me \u00ab\u00a0Eau\u00a0\u00bb"},"content":{"rendered":"\n<p>Cette ann\u00e9e les \u00e9l\u00e8ves de la web radio vous propose des \u00e9missions consacr\u00e9es \u00e0 un th\u00e8me.<\/p>\n\n\n\n<p>Leur premier podcast enregistr\u00e9 en d\u00e9cembre 2025 a pour th\u00e8me \u00ab\u00a0l&rsquo;eau\u00a0\u00bb.<\/p>\n\n\n\n<p>D\u00e9couvrez leurs chroniques, interviews et reportages sur :<\/p>\n\n\n\n<ul class=\"wp-block-list\">\n<li>les tortues marines avec l&rsquo;itw de Kolo soigneur \u00e0 K\u00e9lonia<\/li>\n\n\n\n<li>la fiction narrative \u00ab\u00a0Belle mais cruelle\u00a0\u00bb<\/li>\n\n\n\n<li>le portrait de L\u00e9on Marchand <\/li>\n\n\n\n<li>la pr\u00e9sentation d&rsquo;un m\u00e9tier: professeur de natation<\/li>\n\n\n\n<li>les baleines<\/li>\n\n\n\n<li>l&rsquo;impact des d\u00e9chets sur les oc\u00e9ans<\/li>\n\n\n\n<li>le d\u00e9barquement en Provence<\/li>\n\n\n\n<li>une petite s\u00e9rie de blagues<\/li>\n<\/ul>\n\n\n\n<ul class=\"wp-block-list\">\n<li><\/li>\n<\/ul>\n\n\n\n<p>Bonne \u00e9coute !<\/p>\n\n\n\n<p>F\u00e9licitation aux apprentis journalistes<\/p>\n\n\n\n<p>Pour \u00e9couter le podcast cliquer sur le lien suivant: <\/p>\n\n\n\n<p><a href=\"https:\/\/portail.college-marcelgoulette.ac-reunion.fr\/nextcloud\/index.php\/s\/RKtwko44KwAyH6z\">https:\/\/portail.college-marcelgoulette.ac-reunion.fr\/nextcloud\/index.php\/s\/RKtwko44KwAyH6z<\/a><\/p>\n\n\n\n<p>Leur prochain podcast aura pour th\u00e8me &lsquo;Les animaux\u00a0\u00bb<\/p>\n\n\n\n<p><\/p>\n","protected":false},"excerpt":{"rendered":"<p>Cette ann\u00e9e les \u00e9l\u00e8ves de la web radio vous propose des \u00e9missions consacr\u00e9es \u00e0 un th\u00e8me. Leur premier podcast enregistr\u00e9 en d\u00e9cembre 2025 a pour th\u00e8me \u00ab\u00a0l&rsquo;eau\u00a0\u00bb. D\u00e9couvrez leurs chroniques,\u2026<\/p>\n<p class=\"continue-reading-button\"> <a class=\"continue-reading-link\" href=\"https:\/\/etab.ac-reunion.fr\/clg-marcel-goulette\/web-radio-tempo-goulette-emission-theme-eau\/\">Lire la suite&#8230;<i class=\"crycon-right-dir\"><\/i><\/a><\/p>\n","protected":false},"author":37644,"featured_media":8013,"comment_status":"closed","ping_status":"closed","sticky":false,"template":"","format":"standard","meta":{"footnotes":""},"categories":[82,39],"tags":[],"class_list":["post-8007","post","type-post","status-publish","format-standard","has-post-thumbnail","hentry","category-2025-2026","category-webradio"],"_links":{"self":[{"href":"https:\/\/etab.ac-reunion.fr\/clg-marcel-goulette\/wp-json\/wp\/v2\/posts\/8007","targetHints":{"allow":["GET"]}}],"collection":[{"href":"https:\/\/etab.ac-reunion.fr\/clg-marcel-goulette\/wp-json\/wp\/v2\/posts"}],"about":[{"href":"https:\/\/etab.ac-reunion.fr\/clg-marcel-goulette\/wp-json\/wp\/v2\/types\/post"}],"author":[{"embeddable":true,"href":"https:\/\/etab.ac-reunion.fr\/clg-marcel-goulette\/wp-json\/wp\/v2\/users\/37644"}],"replies":[{"embeddable":true,"href":"https:\/\/etab.ac-reunion.fr\/clg-marcel-goulette\/wp-json\/wp\/v2\/comments?post=8007"}],"version-history":[{"count":6,"href":"https:\/\/etab.ac-reunion.fr\/clg-marcel-goulette\/wp-json\/wp\/v2\/posts\/8007\/revisions"}],"predecessor-version":[{"id":8019,"href":"https:\/\/etab.ac-reunion.fr\/clg-marcel-goulette\/wp-json\/wp\/v2\/posts\/8007\/revisions\/8019"}],"wp:featuredmedia":[{"embeddable":true,"href":"https:\/\/etab.ac-reunion.fr\/clg-marcel-goulette\/wp-json\/wp\/v2\/media\/8013"}],"wp:attachment":[{"href":"https:\/\/etab.ac-reunion.fr\/clg-marcel-goulette\/wp-json\/wp\/v2\/media?parent=8007"}],"wp:term":[{"taxonomy":"category","embeddable":true,"href":"https:\/\/etab.ac-reunion.fr\/clg-marcel-goulette\/wp-json\/wp\/v2\/categories?post=8007"},{"taxonomy":"post_tag","embeddable":true,"href":"https:\/\/etab.ac-reunion.fr\/clg-marcel-goulette\/wp-json\/wp\/v2\/tags?post=8007"}],"curies":[{"name":"wp","href":"https:\/\/api.w.org\/{rel}","templated":true}]}}