{"id":8015,"date":"2026-03-23T15:04:56","date_gmt":"2026-03-23T11:04:56","guid":{"rendered":"https:\/\/etab.ac-reunion.fr\/clg-marcel-goulette\/?p=8015"},"modified":"2026-03-23T15:10:34","modified_gmt":"2026-03-23T11:10:34","slug":"un-podcast-par-et-pour-les-eleves-a-haut-potentiel-ehp","status":"publish","type":"post","link":"https:\/\/etab.ac-reunion.fr\/clg-marcel-goulette\/un-podcast-par-et-pour-les-eleves-a-haut-potentiel-ehp\/","title":{"rendered":"Un podcast par et pour les \u00e9l\u00e8ves \u00e0 haut potentiel (EHP)"},"content":{"rendered":"\n<p>Les \u00e9l\u00e8ves \u00e0 haut potentiel (EHP) du coll\u00e8ge ont relev\u00e9 un d\u00e9fi original : concevoir et r\u00e9aliser des podcasts enti\u00e8rement d\u00e9di\u00e9s \u00e0 leur v\u00e9cu, leurs questionnements et leurs talents.<\/p>\n\n\n\n<p>Ces podcasts sont n\u00e9s d\u2019une envie simple mais essentielle : donner la parole aux \u00e9l\u00e8ves \u00e0 haut potentiel. Trop souvent m\u00e9connus ou sujets \u00e0 des id\u00e9es re\u00e7ues, ces \u00e9l\u00e8ves ont souhait\u00e9 partager leur r\u00e9alit\u00e9 quotidienne, entre curiosit\u00e9 d\u00e9bordante, sensibilit\u00e9 accrue et besoin de sens dans les apprentissages.<\/p>\n\n\n\n<p>\u00c0 travers plusieurs \u00e9pisodes, ils abordent des th\u00e8mes vari\u00e9s :<\/p>\n\n\n\n<ul class=\"wp-block-list\">\n<li>Qu\u2019est-ce que le haut potentiel ?<\/li>\n\n\n\n<li>La d\u00e9couverte des EHP par les chercheurs<\/li>\n\n\n\n<li>Le cerveau des EHP<\/li>\n\n\n\n<li>L&rsquo;hypersensibilit\u00e9 des EHP<\/li>\n\n\n\n<li>Les id\u00e9es re\u00e7ues et les st\u00e9r\u00e9otypes<\/li>\n\n\n\n<li>Les diff\u00e9rents probl\u00e8mes des EHP ( sommeil, concentration, difficult\u00e9s sociales, stress)<\/li>\n\n\n\n<li>Le faux self<\/li>\n\n\n\n<li>La musique ou les \u00e9crans pour se d\u00e9stresser<\/li>\n<\/ul>\n\n\n\n<p><strong>Un travail collaboratif et formateur<\/strong> !<\/p>\n\n\n\n<p>Pour \u00e9couter le premier podcast, cliquer sur le lien suivant : <\/p>\n\n\n\n<p><a href=\"https:\/\/portail.college-marcelgoulette.ac-reunion.fr\/nextcloud\/index.php\/s\/GHWy6NjZL78kCmB\">https:\/\/portail.college-marcelgoulette.ac-reunion.fr\/nextcloud\/index.php\/s\/GHWy6NjZL78kCmB<\/a><\/p>\n\n\n\n<p>Pour \u00e9couter le second podcast, cliquer sur le lien suivant:<\/p>\n\n\n\n<p> <a href=\"https:\/\/portail.college-marcelgoulette.ac-reunion.fr\/nextcloud\/index.php\/s\/WrGaLSg9L9cY3Ds\">https:\/\/portail.college-marcelgoulette.ac-reunion.fr\/nextcloud\/index.php\/s\/WrGaLSg9L9cY3Ds<\/a><\/p>\n\n\n\n<p>F\u00e9licitation \u00e0 eux pour cet exercice pas facile !<\/p>\n\n\n\n<p><\/p>\n","protected":false},"excerpt":{"rendered":"<p>Les \u00e9l\u00e8ves \u00e0 haut potentiel (EHP) du coll\u00e8ge ont relev\u00e9 un d\u00e9fi original : concevoir et r\u00e9aliser des podcasts enti\u00e8rement d\u00e9di\u00e9s \u00e0 leur v\u00e9cu, leurs questionnements et leurs talents. Ces\u2026<\/p>\n<p class=\"continue-reading-button\"> <a class=\"continue-reading-link\" href=\"https:\/\/etab.ac-reunion.fr\/clg-marcel-goulette\/un-podcast-par-et-pour-les-eleves-a-haut-potentiel-ehp\/\">Lire la suite&#8230;<i class=\"crycon-right-dir\"><\/i><\/a><\/p>\n","protected":false},"author":37644,"featured_media":0,"comment_status":"closed","ping_status":"closed","sticky":false,"template":"","format":"standard","meta":{"footnotes":""},"categories":[82,5,39],"tags":[],"class_list":["post-8015","post","type-post","status-publish","format-standard","hentry","category-2025-2026","category-e-h-p","category-webradio"],"_links":{"self":[{"href":"https:\/\/etab.ac-reunion.fr\/clg-marcel-goulette\/wp-json\/wp\/v2\/posts\/8015","targetHints":{"allow":["GET"]}}],"collection":[{"href":"https:\/\/etab.ac-reunion.fr\/clg-marcel-goulette\/wp-json\/wp\/v2\/posts"}],"about":[{"href":"https:\/\/etab.ac-reunion.fr\/clg-marcel-goulette\/wp-json\/wp\/v2\/types\/post"}],"author":[{"embeddable":true,"href":"https:\/\/etab.ac-reunion.fr\/clg-marcel-goulette\/wp-json\/wp\/v2\/users\/37644"}],"replies":[{"embeddable":true,"href":"https:\/\/etab.ac-reunion.fr\/clg-marcel-goulette\/wp-json\/wp\/v2\/comments?post=8015"}],"version-history":[{"count":3,"href":"https:\/\/etab.ac-reunion.fr\/clg-marcel-goulette\/wp-json\/wp\/v2\/posts\/8015\/revisions"}],"predecessor-version":[{"id":8018,"href":"https:\/\/etab.ac-reunion.fr\/clg-marcel-goulette\/wp-json\/wp\/v2\/posts\/8015\/revisions\/8018"}],"wp:attachment":[{"href":"https:\/\/etab.ac-reunion.fr\/clg-marcel-goulette\/wp-json\/wp\/v2\/media?parent=8015"}],"wp:term":[{"taxonomy":"category","embeddable":true,"href":"https:\/\/etab.ac-reunion.fr\/clg-marcel-goulette\/wp-json\/wp\/v2\/categories?post=8015"},{"taxonomy":"post_tag","embeddable":true,"href":"https:\/\/etab.ac-reunion.fr\/clg-marcel-goulette\/wp-json\/wp\/v2\/tags?post=8015"}],"curies":[{"name":"wp","href":"https:\/\/api.w.org\/{rel}","templated":true}]}}