{"id":8026,"date":"2026-03-30T11:42:15","date_gmt":"2026-03-30T07:42:15","guid":{"rendered":"https:\/\/etab.ac-reunion.fr\/clg-marcel-goulette\/?p=8026"},"modified":"2026-04-16T12:32:48","modified_gmt":"2026-04-16T08:32:48","slug":"%f0%9f%8e%93-orientation-apres-la-3e-tout-comprendre-pour-bien-preparer-lentree-au-lycee","status":"publish","type":"post","link":"https:\/\/etab.ac-reunion.fr\/clg-marcel-goulette\/%f0%9f%8e%93-orientation-apres-la-3e-tout-comprendre-pour-bien-preparer-lentree-au-lycee\/","title":{"rendered":"\ud83c\udf93 Orientation apr\u00e8s la 3e : tout comprendre pour bien pr\u00e9parer l\u2019entr\u00e9e au lyc\u00e9e"},"content":{"rendered":"\n<p>L\u2019ann\u00e9e de 3e est une \u00e9tape importante dans la scolarit\u00e9 de votre enfant : elle marque le moment des choix d\u2019orientation vers le lyc\u00e9e.<\/p>\n\n\n\n<p>Afin de vous accompagner dans ces d\u00e9marches, le minist\u00e8re de l\u2019\u00c9ducation nationale met \u00e0 disposition un <strong>service en ligne simple et accessible<\/strong>, ainsi que plusieurs ressources (documents explicatifs et tutoriel vid\u00e9o).<\/p>\n\n\n\n<div data-wp-interactive=\"core\/file\" class=\"wp-block-file aligncenter\"><object data-wp-bind--hidden=\"!state.hasPdfPreview\" hidden class=\"wp-block-file__embed\" data=\"https:\/\/etab.ac-reunion.fr\/clg-marcel-goulette\/wp-content\/uploads\/sites\/153\/2026\/03\/2026flyerorientationaffectationlyceepdf-126197.pdf\" type=\"application\/pdf\" style=\"width:100%;height:1080px\" aria-label=\"Contenu embarqu\u00e9 2026flyerorientationaffectationlyceepdf-126197.\"><\/object><a id=\"wp-block-file--media-feb69f3f-fa7c-4a48-bc53-1baa5d98fe38\" href=\"https:\/\/etab.ac-reunion.fr\/clg-marcel-goulette\/wp-content\/uploads\/sites\/153\/2026\/03\/2026flyerorientationaffectationlyceepdf-126197.pdf\">2026flyerorientationaffectationlyceepdf-126197<\/a><a href=\"https:\/\/etab.ac-reunion.fr\/clg-marcel-goulette\/wp-content\/uploads\/sites\/153\/2026\/03\/2026flyerorientationaffectationlyceepdf-126197.pdf\" class=\"wp-block-file__button wp-element-button\" download aria-describedby=\"wp-block-file--media-feb69f3f-fa7c-4a48-bc53-1baa5d98fe38\">T\u00e9l\u00e9charger<\/a><\/div>\n\n\n\n<div style=\"height:40px\" aria-hidden=\"true\" class=\"wp-block-spacer\"><\/div>\n\n\n\n<figure class=\"wp-block-embed aligncenter is-type-video is-provider-youtube wp-block-embed-youtube wp-embed-aspect-16-9 wp-has-aspect-ratio\"><div class=\"wp-block-embed__wrapper\">\n<iframe loading=\"lazy\" title=\"Poursuite d&#039;\u00e9tudes apr\u00e8s la 3e : suivez le guide !\" width=\"830\" height=\"467\" src=\"https:\/\/www.youtube.com\/embed\/MivxqvDl2ew?feature=oembed\" frameborder=\"0\" allow=\"accelerometer; autoplay; clipboard-write; encrypted-media; gyroscope; picture-in-picture; web-share\" referrerpolicy=\"strict-origin-when-cross-origin\" allowfullscreen><\/iframe>\n<\/div><\/figure>\n\n\n\n<h2 class=\"wp-block-heading\">\ud83d\udda5\ufe0f Une d\u00e9marche 100 % en ligne<\/h2>\n\n\n\n<p>Toutes les \u00e9tapes se d\u00e9roulent via le portail <strong>Scolarit\u00e9 Services<\/strong>, accessible avec votre compte <strong>\u00c9duConnect<\/strong>.<\/p>\n\n\n\n<p>\u2714\ufe0f Un seul compte pour tous vos enfants<br>\u2714\ufe0f Accessible sur ordinateur, tablette ou smartphone<br>\u2714\ufe0f Permet de suivre, saisir et valider toutes les d\u00e9marches d\u2019orientation<\/p>\n\n\n\n<div style=\"height:20px\" aria-hidden=\"true\" class=\"wp-block-spacer\"><\/div>\n\n\n\n<hr class=\"wp-block-separator has-alpha-channel-opacity\" \/>\n\n\n\n<div style=\"height:20px\" aria-hidden=\"true\" class=\"wp-block-spacer\"><\/div>\n\n\n\n<h2 class=\"wp-block-heading\">\ud83d\udcc5 Les grandes \u00e9tapes de l\u2019orientation (calendrier 2026)<\/h2>\n\n\n\n<h3 class=\"wp-block-heading\">\ud83d\udd0d 1. D\u00e9couvrir les formations (\u00e0 partir du 3 avril 2026)<\/h3>\n\n\n\n<ul class=\"wp-block-list\">\n<li>Acc\u00e9dez au service Orientation via Scolarit\u00e9 Services<\/li>\n\n\n\n<li>Recherchez les formations (g\u00e9n\u00e9rale, technologique, professionnelle\u2026)<\/li>\n\n\n\n<li>Consultez les \u00e9tablissements et leurs sp\u00e9cificit\u00e9s<\/li>\n<\/ul>\n\n\n\n<div style=\"height:20px\" aria-hidden=\"true\" class=\"wp-block-spacer\"><\/div>\n\n\n\n<hr class=\"wp-block-separator has-alpha-channel-opacity\" \/>\n\n\n\n<div style=\"height:20px\" aria-hidden=\"true\" class=\"wp-block-spacer\"><\/div>\n\n\n\n<h3 class=\"wp-block-heading\">\u270d\ufe0f 2. Formuler ses demandes (du 4 au 26 mai 2026)<\/h3>\n\n\n\n<ul class=\"wp-block-list\">\n<li>Saisissez vos choix d\u2019orientation et d\u2019\u00e9tablissements<\/li>\n\n\n\n<li>Classez-les par ordre de pr\u00e9f\u00e9rence<\/li>\n\n\n\n<li>Enregistrez imp\u00e9rativement vos demandes pour qu\u2019elles soient prises en compte<\/li>\n<\/ul>\n\n\n\n<p>\ud83d\udca1 \u00c0 savoir : un seul repr\u00e9sentant l\u00e9gal effectue la saisie, mais tous peuvent consulter.<\/p>\n\n\n\n<div style=\"height:20px\" aria-hidden=\"true\" class=\"wp-block-spacer\"><\/div>\n\n\n\n<hr class=\"wp-block-separator has-alpha-channel-opacity\" \/>\n\n\n\n<div style=\"height:20px\" aria-hidden=\"true\" class=\"wp-block-spacer\"><\/div>\n\n\n\n<h3 class=\"wp-block-heading\">\ud83e\udded 3. R\u00e9pondre aux propositions d\u2019orientation (fin mai \u2013 d\u00e9but juin)<\/h3>\n\n\n\n<ul class=\"wp-block-list\">\n<li>Le conseil de classe \u00e9tudie les demandes<\/li>\n\n\n\n<li>Vous recevez une proposition d\u2019orientation<\/li>\n\n\n\n<li>Vous devez y r\u00e9pondre en ligne<\/li>\n<\/ul>\n\n\n\n<p>\u26a0\ufe0f En cas de d\u00e9saccord, il est possible de demander un rendez-vous avec le chef d\u2019\u00e9tablissement<\/p>\n\n\n\n<div style=\"height:20px\" aria-hidden=\"true\" class=\"wp-block-spacer\"><\/div>\n\n\n\n<hr class=\"wp-block-separator has-alpha-channel-opacity\" \/>\n\n\n\n<div style=\"height:20px\" aria-hidden=\"true\" class=\"wp-block-spacer\"><\/div>\n\n\n\n<h3 class=\"wp-block-heading\">\ud83c\udfeb 4. R\u00e9sultats et inscription (\u00e0 partir du 30 juin 2026)<\/h3>\n\n\n\n<ul class=\"wp-block-list\">\n<li>Consultez les r\u00e9sultats d\u2019affectation<\/li>\n\n\n\n<li>T\u00e9l\u00e9chargez la notification<\/li>\n\n\n\n<li>Proc\u00e9dez rapidement \u00e0 l\u2019inscription dans le lyc\u00e9e<\/li>\n<\/ul>\n\n\n\n<p>\u26a0\ufe0f Attention : le respect des d\u00e9lais est indispensable pour conserver la place obtenue<\/p>\n\n\n\n<div style=\"height:20px\" aria-hidden=\"true\" class=\"wp-block-spacer\"><\/div>\n\n\n\n<hr class=\"wp-block-separator has-alpha-channel-opacity\" \/>\n\n\n\n<div style=\"height:20px\" aria-hidden=\"true\" class=\"wp-block-spacer\"><\/div>\n\n\n\n<h2 class=\"wp-block-heading\">\u2696\ufe0f Comment est d\u00e9cid\u00e9e l\u2019affectation ?<\/h2>\n\n\n\n<p>L\u2019affectation en lyc\u00e9e d\u00e9pend de plusieurs \u00e9l\u00e9ments :<\/p>\n\n\n\n<ul class=\"wp-block-list\">\n<li>la d\u00e9cision d\u2019orientation valid\u00e9e par le chef d\u2019\u00e9tablissement<\/li>\n\n\n\n<li>le nombre de places disponibles<\/li>\n\n\n\n<li>les choix formul\u00e9s par la famille<\/li>\n<\/ul>\n\n\n\n<p>\ud83d\udc49 Important : sans validation de la voie (ex : seconde g\u00e9n\u00e9rale), l\u2019\u00e9l\u00e8ve ne pourra pas \u00eatre affect\u00e9 dans cette fili\u00e8re, m\u00eame si elle a \u00e9t\u00e9 demand\u00e9e<\/p>\n\n\n\n<div style=\"height:20px\" aria-hidden=\"true\" class=\"wp-block-spacer\"><\/div>\n\n\n\n<hr class=\"wp-block-separator has-alpha-channel-opacity\" \/>\n\n\n\n<div style=\"height:20px\" aria-hidden=\"true\" class=\"wp-block-spacer\"><\/div>\n\n\n\n<h2 class=\"wp-block-heading\">\ud83d\udd10 \u00c9duConnect : votre acc\u00e8s aux d\u00e9marches<\/h2>\n\n\n\n<p>Le compte \u00c9duConnect est indispensable pour :<\/p>\n\n\n\n<ul class=\"wp-block-list\">\n<li>effectuer les d\u00e9marches en ligne<\/li>\n\n\n\n<li>suivre la scolarit\u00e9<\/li>\n\n\n\n<li>acc\u00e9der aux services num\u00e9riques<\/li>\n<\/ul>\n\n\n\n<p>\ud83d\udccc Activation simple avec votre num\u00e9ro de t\u00e9l\u00e9phone<br>\ud83d\udccc Possibilit\u00e9 d\u2019utiliser FranceConnect<\/p>\n\n\n\n<div style=\"height:20px\" aria-hidden=\"true\" class=\"wp-block-spacer\"><\/div>\n\n\n\n<hr class=\"wp-block-separator has-alpha-channel-opacity\" \/>\n\n\n\n<div style=\"height:20px\" aria-hidden=\"true\" class=\"wp-block-spacer\"><\/div>\n\n\n\n<h2 class=\"wp-block-heading\">\u2705 Notre conseil<\/h2>\n\n\n\n<p>Ne vous y prenez pas au dernier moment.<br>Prenez le temps d\u2019\u00e9changer avec votre enfant, de vous informer sur les fili\u00e8res et de bien hi\u00e9rarchiser vos choix.<\/p>\n\n\n\n<p>\ud83d\udc49 Une orientation r\u00e9fl\u00e9chie, c\u2019est d\u00e9j\u00e0 une r\u00e9ussite.<\/p>\n\n\n\n<div style=\"height:20px\" aria-hidden=\"true\" class=\"wp-block-spacer\"><\/div>\n\n\n\n<div data-wp-interactive=\"core\/file\" class=\"wp-block-file\"><object data-wp-bind--hidden=\"!state.hasPdfPreview\" hidden class=\"wp-block-file__embed\" data=\"https:\/\/etab.ac-reunion.fr\/clg-marcel-goulette\/wp-content\/uploads\/sites\/153\/2026\/03\/presentationorientationaffectationlycee3e2026.pdf\" type=\"application\/pdf\" style=\"width:100%;height:600px\" aria-label=\"Contenu embarqu\u00e9 presentationorientationaffectationlycee3e2026.\"><\/object><a id=\"wp-block-file--media-97bb05ff-8e64-4d04-b300-112b95880f3e\" href=\"https:\/\/etab.ac-reunion.fr\/clg-marcel-goulette\/wp-content\/uploads\/sites\/153\/2026\/03\/presentationorientationaffectationlycee3e2026.pdf\">presentationorientationaffectationlycee3e2026<\/a><a href=\"https:\/\/etab.ac-reunion.fr\/clg-marcel-goulette\/wp-content\/uploads\/sites\/153\/2026\/03\/presentationorientationaffectationlycee3e2026.pdf\" class=\"wp-block-file__button wp-element-button\" download aria-describedby=\"wp-block-file--media-97bb05ff-8e64-4d04-b300-112b95880f3e\">T\u00e9l\u00e9charger<\/a><\/div>\n","protected":false},"excerpt":{"rendered":"<p>L\u2019ann\u00e9e de 3e est une \u00e9tape importante dans la scolarit\u00e9 de votre enfant : elle marque le moment des choix d\u2019orientation vers le lyc\u00e9e. Afin de vous accompagner dans ces\u2026<\/p>\n<p class=\"continue-reading-button\"> <a class=\"continue-reading-link\" href=\"https:\/\/etab.ac-reunion.fr\/clg-marcel-goulette\/%f0%9f%8e%93-orientation-apres-la-3e-tout-comprendre-pour-bien-preparer-lentree-au-lycee\/\">Lire la suite&#8230;<i class=\"crycon-right-dir\"><\/i><\/a><\/p>\n","protected":false},"author":38518,"featured_media":8040,"comment_status":"closed","ping_status":"closed","sticky":true,"template":"","format":"standard","meta":{"footnotes":""},"categories":[99,34],"tags":[],"class_list":["post-8026","post","type-post","status-publish","format-standard","has-post-thumbnail","hentry","category-actu-vie-scolaire","category-orientation"],"_links":{"self":[{"href":"https:\/\/etab.ac-reunion.fr\/clg-marcel-goulette\/wp-json\/wp\/v2\/posts\/8026","targetHints":{"allow":["GET"]}}],"collection":[{"href":"https:\/\/etab.ac-reunion.fr\/clg-marcel-goulette\/wp-json\/wp\/v2\/posts"}],"about":[{"href":"https:\/\/etab.ac-reunion.fr\/clg-marcel-goulette\/wp-json\/wp\/v2\/types\/post"}],"author":[{"embeddable":true,"href":"https:\/\/etab.ac-reunion.fr\/clg-marcel-goulette\/wp-json\/wp\/v2\/users\/38518"}],"replies":[{"embeddable":true,"href":"https:\/\/etab.ac-reunion.fr\/clg-marcel-goulette\/wp-json\/wp\/v2\/comments?post=8026"}],"version-history":[{"count":8,"href":"https:\/\/etab.ac-reunion.fr\/clg-marcel-goulette\/wp-json\/wp\/v2\/posts\/8026\/revisions"}],"predecessor-version":[{"id":8038,"href":"https:\/\/etab.ac-reunion.fr\/clg-marcel-goulette\/wp-json\/wp\/v2\/posts\/8026\/revisions\/8038"}],"wp:featuredmedia":[{"embeddable":true,"href":"https:\/\/etab.ac-reunion.fr\/clg-marcel-goulette\/wp-json\/wp\/v2\/media\/8040"}],"wp:attachment":[{"href":"https:\/\/etab.ac-reunion.fr\/clg-marcel-goulette\/wp-json\/wp\/v2\/media?parent=8026"}],"wp:term":[{"taxonomy":"category","embeddable":true,"href":"https:\/\/etab.ac-reunion.fr\/clg-marcel-goulette\/wp-json\/wp\/v2\/categories?post=8026"},{"taxonomy":"post_tag","embeddable":true,"href":"https:\/\/etab.ac-reunion.fr\/clg-marcel-goulette\/wp-json\/wp\/v2\/tags?post=8026"}],"curies":[{"name":"wp","href":"https:\/\/api.w.org\/{rel}","templated":true}]}}