{"id":8070,"date":"2026-04-13T08:58:37","date_gmt":"2026-04-13T04:58:37","guid":{"rendered":"https:\/\/etab.ac-reunion.fr\/clg-marcel-goulette\/?p=8070"},"modified":"2026-04-23T10:09:46","modified_gmt":"2026-04-23T06:09:46","slug":"%f0%9f%8e%ad-un-spectacle-incroyable-pour-les-eleves-de-4b","status":"publish","type":"post","link":"https:\/\/etab.ac-reunion.fr\/clg-marcel-goulette\/%f0%9f%8e%ad-un-spectacle-incroyable-pour-les-eleves-de-4b\/","title":{"rendered":"\ud83c\udfad Un spectacle incroyable pour les \u00e9l\u00e8ves de 4B !"},"content":{"rendered":"\n<figure class=\"wp-block-gallery has-nested-images columns-default is-cropped wp-block-gallery-1 is-layout-flex wp-block-gallery-is-layout-flex\">\n<figure class=\"wp-block-image size-large\"><img loading=\"lazy\" decoding=\"async\" width=\"738\" height=\"1024\" data-id=\"8071\" src=\"https:\/\/etab.ac-reunion.fr\/clg-marcel-goulette\/wp-content\/uploads\/sites\/153\/2026\/04\/affiche-19-03-26-738x1024.jpg\" alt=\"\" class=\"wp-image-8071\" srcset=\"https:\/\/etab.ac-reunion.fr\/clg-marcel-goulette\/wp-content\/uploads\/sites\/153\/2026\/04\/affiche-19-03-26-738x1024.jpg 738w, https:\/\/etab.ac-reunion.fr\/clg-marcel-goulette\/wp-content\/uploads\/sites\/153\/2026\/04\/affiche-19-03-26-216x300.jpg 216w, https:\/\/etab.ac-reunion.fr\/clg-marcel-goulette\/wp-content\/uploads\/sites\/153\/2026\/04\/affiche-19-03-26-87x120.jpg 87w, https:\/\/etab.ac-reunion.fr\/clg-marcel-goulette\/wp-content\/uploads\/sites\/153\/2026\/04\/affiche-19-03-26-768x1065.jpg 768w, https:\/\/etab.ac-reunion.fr\/clg-marcel-goulette\/wp-content\/uploads\/sites\/153\/2026\/04\/affiche-19-03-26-108x150.jpg 108w, https:\/\/etab.ac-reunion.fr\/clg-marcel-goulette\/wp-content\/uploads\/sites\/153\/2026\/04\/affiche-19-03-26.jpg 1034w\" sizes=\"auto, (max-width: 738px) 100vw, 738px\" \/><\/figure>\n\n\n\n<figure class=\"wp-block-image size-large\"><img loading=\"lazy\" decoding=\"async\" width=\"932\" height=\"1024\" data-id=\"8072\" src=\"https:\/\/etab.ac-reunion.fr\/clg-marcel-goulette\/wp-content\/uploads\/sites\/153\/2026\/04\/IMG-20260319-19-03-26-932x1024.jpg\" alt=\"\" class=\"wp-image-8072\" srcset=\"https:\/\/etab.ac-reunion.fr\/clg-marcel-goulette\/wp-content\/uploads\/sites\/153\/2026\/04\/IMG-20260319-19-03-26-932x1024.jpg 932w, https:\/\/etab.ac-reunion.fr\/clg-marcel-goulette\/wp-content\/uploads\/sites\/153\/2026\/04\/IMG-20260319-19-03-26-273x300.jpg 273w, https:\/\/etab.ac-reunion.fr\/clg-marcel-goulette\/wp-content\/uploads\/sites\/153\/2026\/04\/IMG-20260319-19-03-26-109x120.jpg 109w, https:\/\/etab.ac-reunion.fr\/clg-marcel-goulette\/wp-content\/uploads\/sites\/153\/2026\/04\/IMG-20260319-19-03-26-768x844.jpg 768w, https:\/\/etab.ac-reunion.fr\/clg-marcel-goulette\/wp-content\/uploads\/sites\/153\/2026\/04\/IMG-20260319-19-03-26-137x150.jpg 137w, https:\/\/etab.ac-reunion.fr\/clg-marcel-goulette\/wp-content\/uploads\/sites\/153\/2026\/04\/IMG-20260319-19-03-26.jpg 1165w\" sizes=\"auto, (max-width: 932px) 100vw, 932px\" \/><\/figure>\n\n\n\n<figure class=\"wp-block-image size-large\"><img loading=\"lazy\" decoding=\"async\" width=\"930\" height=\"1024\" data-id=\"8073\" src=\"https:\/\/etab.ac-reunion.fr\/clg-marcel-goulette\/wp-content\/uploads\/sites\/153\/2026\/04\/IMG-2026031902-19-03-26-930x1024.jpg\" alt=\"\" class=\"wp-image-8073\" srcset=\"https:\/\/etab.ac-reunion.fr\/clg-marcel-goulette\/wp-content\/uploads\/sites\/153\/2026\/04\/IMG-2026031902-19-03-26-930x1024.jpg 930w, https:\/\/etab.ac-reunion.fr\/clg-marcel-goulette\/wp-content\/uploads\/sites\/153\/2026\/04\/IMG-2026031902-19-03-26-273x300.jpg 273w, https:\/\/etab.ac-reunion.fr\/clg-marcel-goulette\/wp-content\/uploads\/sites\/153\/2026\/04\/IMG-2026031902-19-03-26-109x120.jpg 109w, https:\/\/etab.ac-reunion.fr\/clg-marcel-goulette\/wp-content\/uploads\/sites\/153\/2026\/04\/IMG-2026031902-19-03-26-768x845.jpg 768w, https:\/\/etab.ac-reunion.fr\/clg-marcel-goulette\/wp-content\/uploads\/sites\/153\/2026\/04\/IMG-2026031902-19-03-26-136x150.jpg 136w, https:\/\/etab.ac-reunion.fr\/clg-marcel-goulette\/wp-content\/uploads\/sites\/153\/2026\/04\/IMG-2026031902-19-03-26.jpg 1163w\" sizes=\"auto, (max-width: 930px) 100vw, 930px\" \/><\/figure>\n<\/figure>\n\n\n\n<div style=\"height:20px\" aria-hidden=\"true\" class=\"wp-block-spacer\"><\/div>\n\n\n\n<p><strong>Jeudi 19 mars<\/strong>, la classe de <strong>4B<\/strong> a eu la chance de se rendre au <strong>th\u00e9\u00e2tre de Champ Fleuri \u00e0 Saint-Denis<\/strong> pour assister \u00e0 un spectacle aussi fort qu\u2019\u00e9mouvant :<br>\ud83d\udc49 <em>Les enfants d\u2019Ilet \u00e0 Guillaume<\/em>. <\/p>\n\n\n\n<p> En voici un petit extrait :<\/p>\n\n\n\n<figure class=\"wp-block-video\"><video height=\"480\" style=\"aspect-ratio: 852 \/ 480;\" width=\"852\" controls src=\"https:\/\/etab.ac-reunion.fr\/clg-marcel-goulette\/wp-content\/uploads\/sites\/153\/2026\/04\/oiseaux-blancs-1.mp4\"><\/video><\/figure>\n\n\n\n<div style=\"height:20px\" aria-hidden=\"true\" class=\"wp-block-spacer\"><\/div>\n\n\n\n<hr class=\"wp-block-separator has-alpha-channel-opacity\" \/>\n\n\n\n<div style=\"height:20px\" aria-hidden=\"true\" class=\"wp-block-spacer\"><\/div>\n\n\n\n<h2 class=\"wp-block-heading\">\ud83d\udcd6 Une plong\u00e9e dans l\u2019histoire de La R\u00e9union<\/h2>\n\n\n\n<p>Ce spectacle retrace une page m\u00e9connue de l\u2019histoire locale : celle du <strong>bagne d\u2019enfants de l\u2019\u00eelet \u00e0 Guillaume<\/strong>, situ\u00e9 dans les hauts de Saint-Denis, o\u00f9 des jeunes \u00e9taient plac\u00e9s de force \u00e0 la fin du XIX\u1d49 si\u00e8cle.<\/p>\n\n\n\n<p>\u00c0 travers une mise en sc\u00e8ne poignante, m\u00ealant th\u00e9\u00e2tre, musique et \u00e9motion, les \u00e9l\u00e8ves ont d\u00e9couvert une r\u00e9alit\u00e9 historique marquante, profond\u00e9ment ancr\u00e9e dans le patrimoine r\u00e9unionnais.<\/p>\n\n\n\n<div style=\"height:20px\" aria-hidden=\"true\" class=\"wp-block-spacer\"><\/div>\n\n\n\n<hr class=\"wp-block-separator has-alpha-channel-opacity\" \/>\n\n\n\n<div style=\"height:20px\" aria-hidden=\"true\" class=\"wp-block-spacer\"><\/div>\n\n\n\n<h2 class=\"wp-block-heading\">\ud83c\udfb6 Des \u00e9l\u00e8ves acteurs du spectacle<\/h2>\n\n\n\n<p>Ce moment a \u00e9t\u00e9 d\u2019autant plus marquant que les \u00e9l\u00e8ves n\u2019\u00e9taient pas de simples spectateurs\u2026<br>\ud83d\udc49 <strong>Ils ont eux-m\u00eames particip\u00e9 au spectacle !<\/strong><\/p>\n\n\n\n<p>En amont, ils avaient pr\u00e9par\u00e9 plusieurs chants en classe, qu\u2019ils ont pu interpr\u00e9ter sur sc\u00e8ne :<\/p>\n\n\n\n<ul class=\"wp-block-list\">\n<li><em>Sur le sentier marron<\/em><\/li>\n\n\n\n<li><em>Sanctions<\/em><\/li>\n\n\n\n<li><em>Les oiseaux blancs<\/em><\/li>\n<\/ul>\n\n\n\n<p>Une immersion totale qui leur a permis de vivre pleinement l\u2019exp\u00e9rience artistique.<\/p>\n\n\n\n<div style=\"height:20px\" aria-hidden=\"true\" class=\"wp-block-spacer\"><\/div>\n\n\n\n<hr class=\"wp-block-separator has-alpha-channel-opacity\" \/>\n\n\n\n<div style=\"height:20px\" aria-hidden=\"true\" class=\"wp-block-spacer\"><\/div>\n\n\n\n<h2 class=\"wp-block-heading\">\ud83d\udcac Leurs impressions<\/h2>\n\n\n\n<p>Les \u00e9l\u00e8ves de 4B partagent leurs ressentis :<\/p>\n\n\n\n<blockquote class=\"wp-block-quote is-layout-flow wp-block-quote-is-layout-flow\">\n<p>\u00ab Le spectacle \u00e9tait tr\u00e8s \u00e9mouvant et expressif. L\u2019histoire touchante et bien racont\u00e9e. \u00bb<br><em>(M\u00e9lie, Oc\u00e9ane, Samaya, Ruben &amp; Luna)<\/em><\/p>\n<\/blockquote>\n\n\n\n<blockquote class=\"wp-block-quote is-layout-flow wp-block-quote-is-layout-flow\">\n<p>\u00ab Nous avons aim\u00e9 car c\u2019\u00e9tait une histoire de La R\u00e9union et nous avons tous chant\u00e9 ensemble. \u00bb<br><em>(Am\u00e9lie, Jahya &amp; L\u00e9ana)<\/em><\/p>\n<\/blockquote>\n\n\n\n<blockquote class=\"wp-block-quote is-layout-flow wp-block-quote-is-layout-flow\">\n<p>\u00ab Il y avait beaucoup de chansons. Nous en avons chant\u00e9 3, apprises au pr\u00e9alable en classe. \u00bb<br><em>(Rapha\u00ebl, Martty &amp; Mat\u00e9o)<\/em><\/p>\n<\/blockquote>\n\n\n\n<blockquote class=\"wp-block-quote is-layout-flow wp-block-quote-is-layout-flow\">\n<p>\u00ab Le fait de pouvoir participer \u00e0 certaines sc\u00e8nes nous a mis vraiment dans l\u2019ambiance. \u00bb<br><em>(Ma\u00eblie &amp; An\u00e9mone)<\/em><\/p>\n<\/blockquote>\n\n\n\n<blockquote class=\"wp-block-quote is-layout-flow wp-block-quote-is-layout-flow\">\n<p>\u00ab Les artistes \u00e9taient vraiment talentueux ! \u00bb<br><em>(K\u00e9royne &amp; J\u00e9vane)<\/em><\/p>\n<\/blockquote>\n\n\n\n<blockquote class=\"wp-block-quote is-layout-flow wp-block-quote-is-layout-flow\">\n<p>\u00ab Vu que les artistes \u00e9taient des enfants, on \u00e9tait plus dans le spectacle. \u00bb<br><em>(Florentin &amp; Eloan)<\/em><\/p>\n<\/blockquote>\n\n\n\n<div style=\"height:20px\" aria-hidden=\"true\" class=\"wp-block-spacer\"><\/div>\n\n\n\n<hr class=\"wp-block-separator has-alpha-channel-opacity\" \/>\n\n\n\n<div style=\"height:20px\" aria-hidden=\"true\" class=\"wp-block-spacer\"><\/div>\n\n\n\n<h2 class=\"wp-block-heading\">\ud83d\udc4f Une exp\u00e9rience inoubliable<\/h2>\n\n\n\n<p>Entre \u00e9motion, participation et d\u00e9couverte historique, cette sortie restera un moment fort pour les \u00e9l\u00e8ves.<\/p>\n\n\n\n<p><strong>Un immense bravo aux artistes pour leur talent et leur engagement, et un grand merci aux \u00e9quipes du th\u00e9\u00e2tre de Champ Fleuri pour leur accueil !<\/strong><\/p>\n\n\n\n<div style=\"height:50px\" aria-hidden=\"true\" class=\"wp-block-spacer\"><\/div>\n","protected":false},"excerpt":{"rendered":"<p>Jeudi 19 mars, la classe de 4B a eu la chance de se rendre au th\u00e9\u00e2tre de Champ Fleuri \u00e0 Saint-Denis pour assister \u00e0 un spectacle aussi fort qu\u2019\u00e9mouvant :\ud83d\udc49\u2026<\/p>\n<p class=\"continue-reading-button\"> <a class=\"continue-reading-link\" href=\"https:\/\/etab.ac-reunion.fr\/clg-marcel-goulette\/%f0%9f%8e%ad-un-spectacle-incroyable-pour-les-eleves-de-4b\/\">Lire la suite&#8230;<i class=\"crycon-right-dir\"><\/i><\/a><\/p>\n","protected":false},"author":38518,"featured_media":8076,"comment_status":"closed","ping_status":"closed","sticky":false,"template":"","format":"standard","meta":{"footnotes":""},"categories":[56,37],"tags":[],"class_list":["post-8070","post","type-post","status-publish","format-standard","has-post-thumbnail","hentry","category-education-musicale","category-evenements-manifestations-sorties-scolaires"],"_links":{"self":[{"href":"https:\/\/etab.ac-reunion.fr\/clg-marcel-goulette\/wp-json\/wp\/v2\/posts\/8070","targetHints":{"allow":["GET"]}}],"collection":[{"href":"https:\/\/etab.ac-reunion.fr\/clg-marcel-goulette\/wp-json\/wp\/v2\/posts"}],"about":[{"href":"https:\/\/etab.ac-reunion.fr\/clg-marcel-goulette\/wp-json\/wp\/v2\/types\/post"}],"author":[{"embeddable":true,"href":"https:\/\/etab.ac-reunion.fr\/clg-marcel-goulette\/wp-json\/wp\/v2\/users\/38518"}],"replies":[{"embeddable":true,"href":"https:\/\/etab.ac-reunion.fr\/clg-marcel-goulette\/wp-json\/wp\/v2\/comments?post=8070"}],"version-history":[{"count":4,"href":"https:\/\/etab.ac-reunion.fr\/clg-marcel-goulette\/wp-json\/wp\/v2\/posts\/8070\/revisions"}],"predecessor-version":[{"id":8139,"href":"https:\/\/etab.ac-reunion.fr\/clg-marcel-goulette\/wp-json\/wp\/v2\/posts\/8070\/revisions\/8139"}],"wp:featuredmedia":[{"embeddable":true,"href":"https:\/\/etab.ac-reunion.fr\/clg-marcel-goulette\/wp-json\/wp\/v2\/media\/8076"}],"wp:attachment":[{"href":"https:\/\/etab.ac-reunion.fr\/clg-marcel-goulette\/wp-json\/wp\/v2\/media?parent=8070"}],"wp:term":[{"taxonomy":"category","embeddable":true,"href":"https:\/\/etab.ac-reunion.fr\/clg-marcel-goulette\/wp-json\/wp\/v2\/categories?post=8070"},{"taxonomy":"post_tag","embeddable":true,"href":"https:\/\/etab.ac-reunion.fr\/clg-marcel-goulette\/wp-json\/wp\/v2\/tags?post=8070"}],"curies":[{"name":"wp","href":"https:\/\/api.w.org\/{rel}","templated":true}]}}