{"id":8078,"date":"2026-04-13T09:49:16","date_gmt":"2026-04-13T05:49:16","guid":{"rendered":"https:\/\/etab.ac-reunion.fr\/clg-marcel-goulette\/?p=8078"},"modified":"2026-04-13T09:49:16","modified_gmt":"2026-04-13T05:49:16","slug":"%f0%9f%8c%8c-la-chorale-sous-les-etoiles","status":"publish","type":"post","link":"https:\/\/etab.ac-reunion.fr\/clg-marcel-goulette\/%f0%9f%8c%8c-la-chorale-sous-les-etoiles\/","title":{"rendered":"\ud83c\udf0c La chorale sous les \u00e9toiles !"},"content":{"rendered":"\n<figure class=\"wp-block-gallery has-nested-images columns-default is-cropped wp-block-gallery-1 is-layout-flex wp-block-gallery-is-layout-flex\">\n<figure class=\"wp-block-image size-large\"><img loading=\"lazy\" decoding=\"async\" width=\"1024\" height=\"536\" data-id=\"8081\" src=\"https:\/\/etab.ac-reunion.fr\/clg-marcel-goulette\/wp-content\/uploads\/sites\/153\/2026\/04\/lunartist-1024x536.jpg\" alt=\"\" class=\"wp-image-8081\" srcset=\"https:\/\/etab.ac-reunion.fr\/clg-marcel-goulette\/wp-content\/uploads\/sites\/153\/2026\/04\/lunartist-1024x536.jpg 1024w, https:\/\/etab.ac-reunion.fr\/clg-marcel-goulette\/wp-content\/uploads\/sites\/153\/2026\/04\/lunartist-300x157.jpg 300w, https:\/\/etab.ac-reunion.fr\/clg-marcel-goulette\/wp-content\/uploads\/sites\/153\/2026\/04\/lunartist-120x63.jpg 120w, https:\/\/etab.ac-reunion.fr\/clg-marcel-goulette\/wp-content\/uploads\/sites\/153\/2026\/04\/lunartist-768x402.jpg 768w, https:\/\/etab.ac-reunion.fr\/clg-marcel-goulette\/wp-content\/uploads\/sites\/153\/2026\/04\/lunartist-1536x804.jpg 1536w, https:\/\/etab.ac-reunion.fr\/clg-marcel-goulette\/wp-content\/uploads\/sites\/153\/2026\/04\/lunartist-2048x1072.jpg 2048w, https:\/\/etab.ac-reunion.fr\/clg-marcel-goulette\/wp-content\/uploads\/sites\/153\/2026\/04\/lunartist-150x78.jpg 150w\" sizes=\"auto, (max-width: 1024px) 100vw, 1024px\" \/><\/figure>\n\n\n\n<figure class=\"wp-block-image size-large\"><img loading=\"lazy\" decoding=\"async\" width=\"1024\" height=\"472\" data-id=\"8079\" src=\"https:\/\/etab.ac-reunion.fr\/clg-marcel-goulette\/wp-content\/uploads\/sites\/153\/2026\/04\/etoiles1-1024x472.jpg\" alt=\"\" class=\"wp-image-8079\" srcset=\"https:\/\/etab.ac-reunion.fr\/clg-marcel-goulette\/wp-content\/uploads\/sites\/153\/2026\/04\/etoiles1-1024x472.jpg 1024w, https:\/\/etab.ac-reunion.fr\/clg-marcel-goulette\/wp-content\/uploads\/sites\/153\/2026\/04\/etoiles1-300x138.jpg 300w, https:\/\/etab.ac-reunion.fr\/clg-marcel-goulette\/wp-content\/uploads\/sites\/153\/2026\/04\/etoiles1-120x55.jpg 120w, https:\/\/etab.ac-reunion.fr\/clg-marcel-goulette\/wp-content\/uploads\/sites\/153\/2026\/04\/etoiles1-768x354.jpg 768w, https:\/\/etab.ac-reunion.fr\/clg-marcel-goulette\/wp-content\/uploads\/sites\/153\/2026\/04\/etoiles1-1536x708.jpg 1536w, https:\/\/etab.ac-reunion.fr\/clg-marcel-goulette\/wp-content\/uploads\/sites\/153\/2026\/04\/etoiles1-150x69.jpg 150w, https:\/\/etab.ac-reunion.fr\/clg-marcel-goulette\/wp-content\/uploads\/sites\/153\/2026\/04\/etoiles1.jpg 1600w\" sizes=\"auto, (max-width: 1024px) 100vw, 1024px\" \/><\/figure>\n\n\n\n<figure class=\"wp-block-image size-large\"><img loading=\"lazy\" decoding=\"async\" width=\"768\" height=\"1024\" data-id=\"8080\" src=\"https:\/\/etab.ac-reunion.fr\/clg-marcel-goulette\/wp-content\/uploads\/sites\/153\/2026\/04\/etoiles2-768x1024.jpg\" alt=\"\" class=\"wp-image-8080\" srcset=\"https:\/\/etab.ac-reunion.fr\/clg-marcel-goulette\/wp-content\/uploads\/sites\/153\/2026\/04\/etoiles2-768x1024.jpg 768w, https:\/\/etab.ac-reunion.fr\/clg-marcel-goulette\/wp-content\/uploads\/sites\/153\/2026\/04\/etoiles2-225x300.jpg 225w, https:\/\/etab.ac-reunion.fr\/clg-marcel-goulette\/wp-content\/uploads\/sites\/153\/2026\/04\/etoiles2-90x120.jpg 90w, https:\/\/etab.ac-reunion.fr\/clg-marcel-goulette\/wp-content\/uploads\/sites\/153\/2026\/04\/etoiles2-1152x1536.jpg 1152w, https:\/\/etab.ac-reunion.fr\/clg-marcel-goulette\/wp-content\/uploads\/sites\/153\/2026\/04\/etoiles2-113x150.jpg 113w, https:\/\/etab.ac-reunion.fr\/clg-marcel-goulette\/wp-content\/uploads\/sites\/153\/2026\/04\/etoiles2.jpg 1200w\" sizes=\"auto, (max-width: 768px) 100vw, 768px\" \/><\/figure>\n\n\n\n<figure class=\"wp-block-image size-large\"><img loading=\"lazy\" decoding=\"async\" width=\"1024\" height=\"768\" data-id=\"8083\" src=\"https:\/\/etab.ac-reunion.fr\/clg-marcel-goulette\/wp-content\/uploads\/sites\/153\/2026\/04\/etoiles3-1024x768.jpg\" alt=\"\" class=\"wp-image-8083\" srcset=\"https:\/\/etab.ac-reunion.fr\/clg-marcel-goulette\/wp-content\/uploads\/sites\/153\/2026\/04\/etoiles3-1024x768.jpg 1024w, https:\/\/etab.ac-reunion.fr\/clg-marcel-goulette\/wp-content\/uploads\/sites\/153\/2026\/04\/etoiles3-300x225.jpg 300w, https:\/\/etab.ac-reunion.fr\/clg-marcel-goulette\/wp-content\/uploads\/sites\/153\/2026\/04\/etoiles3-120x90.jpg 120w, https:\/\/etab.ac-reunion.fr\/clg-marcel-goulette\/wp-content\/uploads\/sites\/153\/2026\/04\/etoiles3-768x576.jpg 768w, https:\/\/etab.ac-reunion.fr\/clg-marcel-goulette\/wp-content\/uploads\/sites\/153\/2026\/04\/etoiles3-1536x1152.jpg 1536w, https:\/\/etab.ac-reunion.fr\/clg-marcel-goulette\/wp-content\/uploads\/sites\/153\/2026\/04\/etoiles3-150x113.jpg 150w, https:\/\/etab.ac-reunion.fr\/clg-marcel-goulette\/wp-content\/uploads\/sites\/153\/2026\/04\/etoiles3.jpg 1600w\" sizes=\"auto, (max-width: 1024px) 100vw, 1024px\" \/><\/figure>\n\n\n\n<figure class=\"wp-block-image size-large\"><img loading=\"lazy\" decoding=\"async\" width=\"709\" height=\"1024\" data-id=\"8084\" src=\"https:\/\/etab.ac-reunion.fr\/clg-marcel-goulette\/wp-content\/uploads\/sites\/153\/2026\/04\/Makes-709x1024.jpg\" alt=\"\" class=\"wp-image-8084\" srcset=\"https:\/\/etab.ac-reunion.fr\/clg-marcel-goulette\/wp-content\/uploads\/sites\/153\/2026\/04\/Makes-709x1024.jpg 709w, https:\/\/etab.ac-reunion.fr\/clg-marcel-goulette\/wp-content\/uploads\/sites\/153\/2026\/04\/Makes-208x300.jpg 208w, https:\/\/etab.ac-reunion.fr\/clg-marcel-goulette\/wp-content\/uploads\/sites\/153\/2026\/04\/Makes-83x120.jpg 83w, https:\/\/etab.ac-reunion.fr\/clg-marcel-goulette\/wp-content\/uploads\/sites\/153\/2026\/04\/Makes-768x1109.jpg 768w, https:\/\/etab.ac-reunion.fr\/clg-marcel-goulette\/wp-content\/uploads\/sites\/153\/2026\/04\/Makes-1063x1536.jpg 1063w, https:\/\/etab.ac-reunion.fr\/clg-marcel-goulette\/wp-content\/uploads\/sites\/153\/2026\/04\/Makes-1418x2048.jpg 1418w, https:\/\/etab.ac-reunion.fr\/clg-marcel-goulette\/wp-content\/uploads\/sites\/153\/2026\/04\/Makes-104x150.jpg 104w, https:\/\/etab.ac-reunion.fr\/clg-marcel-goulette\/wp-content\/uploads\/sites\/153\/2026\/04\/Makes-scaled.jpg 1772w\" sizes=\"auto, (max-width: 709px) 100vw, 709px\" \/><\/figure>\n\n\n\n<figure class=\"wp-block-image size-large\"><img loading=\"lazy\" decoding=\"async\" width=\"1024\" height=\"768\" data-id=\"8082\" src=\"https:\/\/etab.ac-reunion.fr\/clg-marcel-goulette\/wp-content\/uploads\/sites\/153\/2026\/04\/observation-1024x768.jpg\" alt=\"\" class=\"wp-image-8082\" srcset=\"https:\/\/etab.ac-reunion.fr\/clg-marcel-goulette\/wp-content\/uploads\/sites\/153\/2026\/04\/observation-1024x768.jpg 1024w, https:\/\/etab.ac-reunion.fr\/clg-marcel-goulette\/wp-content\/uploads\/sites\/153\/2026\/04\/observation-300x225.jpg 300w, https:\/\/etab.ac-reunion.fr\/clg-marcel-goulette\/wp-content\/uploads\/sites\/153\/2026\/04\/observation-120x90.jpg 120w, https:\/\/etab.ac-reunion.fr\/clg-marcel-goulette\/wp-content\/uploads\/sites\/153\/2026\/04\/observation-768x576.jpg 768w, https:\/\/etab.ac-reunion.fr\/clg-marcel-goulette\/wp-content\/uploads\/sites\/153\/2026\/04\/observation-1536x1152.jpg 1536w, https:\/\/etab.ac-reunion.fr\/clg-marcel-goulette\/wp-content\/uploads\/sites\/153\/2026\/04\/observation-150x113.jpg 150w, https:\/\/etab.ac-reunion.fr\/clg-marcel-goulette\/wp-content\/uploads\/sites\/153\/2026\/04\/observation.jpg 2016w\" sizes=\"auto, (max-width: 1024px) 100vw, 1024px\" \/><\/figure>\n<\/figure>\n\n\n\n<div style=\"height:20px\" aria-hidden=\"true\" class=\"wp-block-spacer\"><\/div>\n\n\n\n<p><strong>Samedi 28 mars<\/strong>, la chorale du coll\u00e8ge a v\u00e9cu une exp\u00e9rience unique en \u00e9tant invit\u00e9e par l\u2019<strong>Observatoire Astronomique des Makes<\/strong> \u00e0 participer \u00e0 la soir\u00e9e <strong>Lunartist<\/strong>.<\/p>\n\n\n\n<div style=\"height:20px\" aria-hidden=\"true\" class=\"wp-block-spacer\"><\/div>\n\n\n\n<hr class=\"wp-block-separator has-alpha-channel-opacity\" \/>\n\n\n\n<div style=\"height:20px\" aria-hidden=\"true\" class=\"wp-block-spacer\"><\/div>\n\n\n\n<h2 class=\"wp-block-heading\">\ud83c\udfa4 Un concert en pleine nature<\/h2>\n\n\n\n<p>C\u2019est dans un cadre exceptionnel, <strong>en plein air et sous les \u00e9toiles<\/strong>, que les \u00e9l\u00e8ves ont eu l\u2019occasion de se produire devant un public chaleureux et attentif.<\/p>\n\n\n\n<p>Un moment hors du temps, m\u00ealant <strong>musique, nature et ciel \u00e9toil\u00e9<\/strong>, qui a marqu\u00e9 les esprits.<\/p>\n\n\n\n<div style=\"height:20px\" aria-hidden=\"true\" class=\"wp-block-spacer\"><\/div>\n\n\n\n<hr class=\"wp-block-separator has-alpha-channel-opacity\" \/>\n\n\n\n<div style=\"height:20px\" aria-hidden=\"true\" class=\"wp-block-spacer\"><\/div>\n\n\n\n<h2 class=\"wp-block-heading\">\ud83c\udfb6 Un partage artistique avec le groupe Salangane<\/h2>\n\n\n\n<p>La soir\u00e9e a \u00e9t\u00e9 \u00e9galement l\u2019occasion d\u2019un <strong>beau moment de collaboration artistique<\/strong> avec le groupe <strong>Salangane<\/strong>.<\/p>\n\n\n\n<p>\ud83d\udc49 Les choristes ont partag\u00e9 la sc\u00e8ne avec eux sur la chanson <em>Ola<\/em>, offrant au public une prestation collective riche en \u00e9motions.<\/p>\n\n\n\n<div style=\"height:20px\" aria-hidden=\"true\" class=\"wp-block-spacer\"><\/div>\n\n\n\n<hr class=\"wp-block-separator has-alpha-channel-opacity\" \/>\n\n\n\n<div style=\"height:20px\" aria-hidden=\"true\" class=\"wp-block-spacer\"><\/div>\n\n\n\n<h2 class=\"wp-block-heading\">\ud83c\udf20 Entre musique et d\u00e9couverte du ciel<\/h2>\n\n\n\n<p>Apr\u00e8s leur prestation, les \u00e9l\u00e8ves ont prolong\u00e9 l\u2019exp\u00e9rience en levant les yeux vers les \u00e9toiles :<\/p>\n\n\n\n<ul class=\"wp-block-list\">\n<li>Observation du ciel nocturne<\/li>\n\n\n\n<li>D\u00e9couverte des constellations<\/li>\n\n\n\n<li>\u00c9changes avec les animateurs de l\u2019Observatoire<\/li>\n<\/ul>\n\n\n\n<p>Une immersion compl\u00e8te, \u00e0 la fois artistique et scientifique.<\/p>\n\n\n\n<div style=\"height:20px\" aria-hidden=\"true\" class=\"wp-block-spacer\"><\/div>\n\n\n\n<hr class=\"wp-block-separator has-alpha-channel-opacity\" \/>\n\n\n\n<div style=\"height:20px\" aria-hidden=\"true\" class=\"wp-block-spacer\"><\/div>\n\n\n\n<h2 class=\"wp-block-heading\">\u2744\ufe0f Une soir\u00e9e inoubliable<\/h2>\n\n\n\n<p>Malgr\u00e9 la fra\u00eecheur des Makes, l\u2019ambiance \u00e9tait au rendez-vous !<br>Entre <strong>encouragements du public<\/strong>, <strong>plaisir de chanter<\/strong> et <strong>d\u00e9couverte du ciel<\/strong>, cette soir\u00e9e restera un souvenir fort pour tous les participants.<\/p>\n\n\n\n<p>\ud83d\udc49 Une tr\u00e8s belle mani\u00e8re de conclure un <strong>s\u00e9jour artistique r\u00e9ussi<\/strong>.<\/p>\n\n\n\n<div style=\"height:20px\" aria-hidden=\"true\" class=\"wp-block-spacer\"><\/div>\n\n\n\n<hr class=\"wp-block-separator has-alpha-channel-opacity\" \/>\n\n\n\n<div style=\"height:20px\" aria-hidden=\"true\" class=\"wp-block-spacer\"><\/div>\n\n\n\n<h2 class=\"wp-block-heading\">\ud83d\ude4f Remerciements<\/h2>\n\n\n\n<p>Un grand merci \u00e0 <strong>S\u00e9bastien Boyer<\/strong> ainsi qu\u2019\u00e0 toute l\u2019\u00e9quipe de l\u2019Observatoire Astronomique des Makes pour leur accueil et pour avoir permis aux \u00e9l\u00e8ves de vivre cette <strong>exp\u00e9rience in\u00e9dite<\/strong>.<\/p>\n\n\n\n<div style=\"height:50px\" aria-hidden=\"true\" class=\"wp-block-spacer\"><\/div>\n","protected":false},"excerpt":{"rendered":"<p>Samedi 28 mars, la chorale du coll\u00e8ge a v\u00e9cu une exp\u00e9rience unique en \u00e9tant invit\u00e9e par l\u2019Observatoire Astronomique des Makes \u00e0 participer \u00e0 la soir\u00e9e Lunartist. \ud83c\udfa4 Un concert en\u2026<\/p>\n<p class=\"continue-reading-button\"> <a class=\"continue-reading-link\" href=\"https:\/\/etab.ac-reunion.fr\/clg-marcel-goulette\/%f0%9f%8c%8c-la-chorale-sous-les-etoiles\/\">Lire la suite&#8230;<i class=\"crycon-right-dir\"><\/i><\/a><\/p>\n","protected":false},"author":38518,"featured_media":8086,"comment_status":"closed","ping_status":"closed","sticky":false,"template":"","format":"standard","meta":{"footnotes":""},"categories":[56,37],"tags":[],"class_list":["post-8078","post","type-post","status-publish","format-standard","has-post-thumbnail","hentry","category-education-musicale","category-evenements-manifestations-sorties-scolaires"],"_links":{"self":[{"href":"https:\/\/etab.ac-reunion.fr\/clg-marcel-goulette\/wp-json\/wp\/v2\/posts\/8078","targetHints":{"allow":["GET"]}}],"collection":[{"href":"https:\/\/etab.ac-reunion.fr\/clg-marcel-goulette\/wp-json\/wp\/v2\/posts"}],"about":[{"href":"https:\/\/etab.ac-reunion.fr\/clg-marcel-goulette\/wp-json\/wp\/v2\/types\/post"}],"author":[{"embeddable":true,"href":"https:\/\/etab.ac-reunion.fr\/clg-marcel-goulette\/wp-json\/wp\/v2\/users\/38518"}],"replies":[{"embeddable":true,"href":"https:\/\/etab.ac-reunion.fr\/clg-marcel-goulette\/wp-json\/wp\/v2\/comments?post=8078"}],"version-history":[{"count":1,"href":"https:\/\/etab.ac-reunion.fr\/clg-marcel-goulette\/wp-json\/wp\/v2\/posts\/8078\/revisions"}],"predecessor-version":[{"id":8085,"href":"https:\/\/etab.ac-reunion.fr\/clg-marcel-goulette\/wp-json\/wp\/v2\/posts\/8078\/revisions\/8085"}],"wp:featuredmedia":[{"embeddable":true,"href":"https:\/\/etab.ac-reunion.fr\/clg-marcel-goulette\/wp-json\/wp\/v2\/media\/8086"}],"wp:attachment":[{"href":"https:\/\/etab.ac-reunion.fr\/clg-marcel-goulette\/wp-json\/wp\/v2\/media?parent=8078"}],"wp:term":[{"taxonomy":"category","embeddable":true,"href":"https:\/\/etab.ac-reunion.fr\/clg-marcel-goulette\/wp-json\/wp\/v2\/categories?post=8078"},{"taxonomy":"post_tag","embeddable":true,"href":"https:\/\/etab.ac-reunion.fr\/clg-marcel-goulette\/wp-json\/wp\/v2\/tags?post=8078"}],"curies":[{"name":"wp","href":"https:\/\/api.w.org\/{rel}","templated":true}]}}