{"id":8087,"date":"2026-04-13T11:47:13","date_gmt":"2026-04-13T07:47:13","guid":{"rendered":"https:\/\/etab.ac-reunion.fr\/clg-marcel-goulette\/?p=8087"},"modified":"2026-04-13T11:47:13","modified_gmt":"2026-04-13T07:47:13","slug":"%f0%9f%8e%b7-jazz-au-college","status":"publish","type":"post","link":"https:\/\/etab.ac-reunion.fr\/clg-marcel-goulette\/%f0%9f%8e%b7-jazz-au-college\/","title":{"rendered":"\ud83c\udfb7 Jazz au coll\u00e8ge !!"},"content":{"rendered":"\n<figure class=\"wp-block-gallery has-nested-images columns-3 is-cropped wp-block-gallery-1 is-layout-flex wp-block-gallery-is-layout-flex\">\n<figure class=\"wp-block-image size-large is-style-default\"><img loading=\"lazy\" decoding=\"async\" width=\"768\" height=\"1024\" data-id=\"8091\" src=\"https:\/\/etab.ac-reunion.fr\/clg-marcel-goulette\/wp-content\/uploads\/sites\/153\/2026\/04\/jazz01-10-04-26-768x1024.jpg\" alt=\"\" class=\"wp-image-8091\" srcset=\"https:\/\/etab.ac-reunion.fr\/clg-marcel-goulette\/wp-content\/uploads\/sites\/153\/2026\/04\/jazz01-10-04-26-768x1024.jpg 768w, https:\/\/etab.ac-reunion.fr\/clg-marcel-goulette\/wp-content\/uploads\/sites\/153\/2026\/04\/jazz01-10-04-26-225x300.jpg 225w, https:\/\/etab.ac-reunion.fr\/clg-marcel-goulette\/wp-content\/uploads\/sites\/153\/2026\/04\/jazz01-10-04-26-90x120.jpg 90w, https:\/\/etab.ac-reunion.fr\/clg-marcel-goulette\/wp-content\/uploads\/sites\/153\/2026\/04\/jazz01-10-04-26-1152x1536.jpg 1152w, https:\/\/etab.ac-reunion.fr\/clg-marcel-goulette\/wp-content\/uploads\/sites\/153\/2026\/04\/jazz01-10-04-26-1536x2048.jpg 1536w, https:\/\/etab.ac-reunion.fr\/clg-marcel-goulette\/wp-content\/uploads\/sites\/153\/2026\/04\/jazz01-10-04-26-113x150.jpg 113w, https:\/\/etab.ac-reunion.fr\/clg-marcel-goulette\/wp-content\/uploads\/sites\/153\/2026\/04\/jazz01-10-04-26-scaled.jpg 1920w\" sizes=\"auto, (max-width: 768px) 100vw, 768px\" \/><\/figure>\n\n\n\n<figure class=\"wp-block-image size-large\"><img loading=\"lazy\" decoding=\"async\" width=\"1024\" height=\"770\" data-id=\"8090\" src=\"https:\/\/etab.ac-reunion.fr\/clg-marcel-goulette\/wp-content\/uploads\/sites\/153\/2026\/04\/jazz02-10-04-26-1024x770.jpg\" alt=\"\" class=\"wp-image-8090\" srcset=\"https:\/\/etab.ac-reunion.fr\/clg-marcel-goulette\/wp-content\/uploads\/sites\/153\/2026\/04\/jazz02-10-04-26-1024x770.jpg 1024w, https:\/\/etab.ac-reunion.fr\/clg-marcel-goulette\/wp-content\/uploads\/sites\/153\/2026\/04\/jazz02-10-04-26-300x226.jpg 300w, https:\/\/etab.ac-reunion.fr\/clg-marcel-goulette\/wp-content\/uploads\/sites\/153\/2026\/04\/jazz02-10-04-26-120x90.jpg 120w, https:\/\/etab.ac-reunion.fr\/clg-marcel-goulette\/wp-content\/uploads\/sites\/153\/2026\/04\/jazz02-10-04-26-768x578.jpg 768w, https:\/\/etab.ac-reunion.fr\/clg-marcel-goulette\/wp-content\/uploads\/sites\/153\/2026\/04\/jazz02-10-04-26-1536x1156.jpg 1536w, https:\/\/etab.ac-reunion.fr\/clg-marcel-goulette\/wp-content\/uploads\/sites\/153\/2026\/04\/jazz02-10-04-26-2048x1541.jpg 2048w, https:\/\/etab.ac-reunion.fr\/clg-marcel-goulette\/wp-content\/uploads\/sites\/153\/2026\/04\/jazz02-10-04-26-150x113.jpg 150w\" sizes=\"auto, (max-width: 1024px) 100vw, 1024px\" \/><\/figure>\n\n\n\n<figure class=\"wp-block-image size-large\"><img loading=\"lazy\" decoding=\"async\" width=\"709\" height=\"1024\" data-id=\"8089\" src=\"https:\/\/etab.ac-reunion.fr\/clg-marcel-goulette\/wp-content\/uploads\/sites\/153\/2026\/04\/jazz03-10-04-26-709x1024.jpg\" alt=\"\" class=\"wp-image-8089\" srcset=\"https:\/\/etab.ac-reunion.fr\/clg-marcel-goulette\/wp-content\/uploads\/sites\/153\/2026\/04\/jazz03-10-04-26-709x1024.jpg 709w, https:\/\/etab.ac-reunion.fr\/clg-marcel-goulette\/wp-content\/uploads\/sites\/153\/2026\/04\/jazz03-10-04-26-208x300.jpg 208w, https:\/\/etab.ac-reunion.fr\/clg-marcel-goulette\/wp-content\/uploads\/sites\/153\/2026\/04\/jazz03-10-04-26-83x120.jpg 83w, https:\/\/etab.ac-reunion.fr\/clg-marcel-goulette\/wp-content\/uploads\/sites\/153\/2026\/04\/jazz03-10-04-26-768x1109.jpg 768w, https:\/\/etab.ac-reunion.fr\/clg-marcel-goulette\/wp-content\/uploads\/sites\/153\/2026\/04\/jazz03-10-04-26-104x150.jpg 104w, https:\/\/etab.ac-reunion.fr\/clg-marcel-goulette\/wp-content\/uploads\/sites\/153\/2026\/04\/jazz03-10-04-26.jpg 951w\" sizes=\"auto, (max-width: 709px) 100vw, 709px\" \/><\/figure>\n\n\n\n<figure class=\"wp-block-image size-large\"><img loading=\"lazy\" decoding=\"async\" width=\"1024\" height=\"768\" data-id=\"8092\" src=\"https:\/\/etab.ac-reunion.fr\/clg-marcel-goulette\/wp-content\/uploads\/sites\/153\/2026\/04\/jazz-10-04-26-1024x768.jpg\" alt=\"\" class=\"wp-image-8092\" srcset=\"https:\/\/etab.ac-reunion.fr\/clg-marcel-goulette\/wp-content\/uploads\/sites\/153\/2026\/04\/jazz-10-04-26-1024x768.jpg 1024w, https:\/\/etab.ac-reunion.fr\/clg-marcel-goulette\/wp-content\/uploads\/sites\/153\/2026\/04\/jazz-10-04-26-300x225.jpg 300w, https:\/\/etab.ac-reunion.fr\/clg-marcel-goulette\/wp-content\/uploads\/sites\/153\/2026\/04\/jazz-10-04-26-120x90.jpg 120w, https:\/\/etab.ac-reunion.fr\/clg-marcel-goulette\/wp-content\/uploads\/sites\/153\/2026\/04\/jazz-10-04-26-768x576.jpg 768w, https:\/\/etab.ac-reunion.fr\/clg-marcel-goulette\/wp-content\/uploads\/sites\/153\/2026\/04\/jazz-10-04-26-1536x1152.jpg 1536w, https:\/\/etab.ac-reunion.fr\/clg-marcel-goulette\/wp-content\/uploads\/sites\/153\/2026\/04\/jazz-10-04-26-2048x1536.jpg 2048w, https:\/\/etab.ac-reunion.fr\/clg-marcel-goulette\/wp-content\/uploads\/sites\/153\/2026\/04\/jazz-10-04-26-150x113.jpg 150w\" sizes=\"auto, (max-width: 1024px) 100vw, 1024px\" \/><\/figure>\n<\/figure>\n\n\n\n<div style=\"height:20px\" aria-hidden=\"true\" class=\"wp-block-spacer\"><\/div>\n\n\n\n<p><strong>Vendredi 10 avril<\/strong>, le coll\u00e8ge a vibr\u00e9 au son du jazz avec la venue d\u2019un <strong>quartet de grande qualit\u00e9<\/strong>, offrant aux \u00e9l\u00e8ves une v\u00e9ritable immersion musicale.<\/p>\n\n\n\n<div style=\"height:20px\" aria-hidden=\"true\" class=\"wp-block-spacer\"><\/div>\n\n\n\n<hr class=\"wp-block-separator has-alpha-channel-opacity\" \/>\n\n\n\n<div style=\"height:20px\" aria-hidden=\"true\" class=\"wp-block-spacer\"><\/div>\n\n\n\n<h2 class=\"wp-block-heading\">\ud83c\udfb6 Des musiciens talentueux<\/h2>\n\n\n\n<p>Les \u00e9l\u00e8ves ont eu la chance de d\u00e9couvrir des artistes passionn\u00e9s :<\/p>\n\n\n\n<ul class=\"wp-block-list\">\n<li><strong>Christophe Zoogon\u00e8s<\/strong> \u00e0 la fl\u00fbte traversi\u00e8re, \u00e9galement au <strong>EWI<\/strong> (<em>Electronic Wind Instrument<\/em>, un instrument \u00e0 vent \u00e9lectronique aussi surprenant qu\u2019original)<\/li>\n\n\n\n<li><strong>Guillaume Ramaye<\/strong> au clavier, ancien \u00e9l\u00e8ve du coll\u00e8ge \ud83d\udc4f<\/li>\n\n\n\n<li><strong>Johan Saartave<\/strong> \u00e0 la basse<\/li>\n\n\n\n<li><strong>Christophe Chr\u00e9tien<\/strong> \u00e0 la batterie<\/li>\n<\/ul>\n\n\n\n<div style=\"height:20px\" aria-hidden=\"true\" class=\"wp-block-spacer\"><\/div>\n\n\n\n<hr class=\"wp-block-separator has-alpha-channel-opacity\" \/>\n\n\n\n<div style=\"height:20px\" aria-hidden=\"true\" class=\"wp-block-spacer\"><\/div>\n\n\n\n<h2 class=\"wp-block-heading\">\ud83c\udfbc Entre compositions et improvisations<\/h2>\n\n\n\n<p>Le groupe a interpr\u00e9t\u00e9 plusieurs <strong>th\u00e8mes compos\u00e9s par Christophe Zoogon\u00e8s<\/strong>, alternant avec de magnifiques moments d\u2019improvisation.<\/p>\n\n\n\n<p>\ud83d\udc49 Chaque musicien a pu s\u2019exprimer \u00e0 tour de r\u00f4le \u00e0 travers des <strong>solos impressionnants<\/strong>, permettant aux \u00e9l\u00e8ves de d\u00e9couvrir toute la richesse du jazz.<\/p>\n\n\n\n<div style=\"height:20px\" aria-hidden=\"true\" class=\"wp-block-spacer\"><\/div>\n\n\n\n<hr class=\"wp-block-separator has-alpha-channel-opacity\" \/>\n\n\n\n<div style=\"height:20px\" aria-hidden=\"true\" class=\"wp-block-spacer\"><\/div>\n\n\n\n<h2 class=\"wp-block-heading\">\ud83e\udde0 Un message fort pour les \u00e9l\u00e8ves<\/h2>\n\n\n\n<p>Au-del\u00e0 du concert, Christophe Zoogon\u00e8s a pris le temps d\u2019\u00e9changer avec les \u00e9l\u00e8ves.<\/p>\n\n\n\n<p>Il a notamment insist\u00e9 sur une qualit\u00e9 essentielle :<br>\ud83d\udc49 <strong>la CONCENTRATION<\/strong>, indispensable pour progresser et r\u00e9ussir, que ce soit en musique ou dans les \u00e9tudes.<\/p>\n\n\n\n<p>Il a \u00e9galement partag\u00e9 son parcours et expliqu\u00e9 combien la musique a \u00e9t\u00e9 un v\u00e9ritable <strong>levier de r\u00e9ussite dans sa vie<\/strong>.<\/p>\n\n\n\n<div style=\"height:20px\" aria-hidden=\"true\" class=\"wp-block-spacer\"><\/div>\n\n\n\n<hr class=\"wp-block-separator has-alpha-channel-opacity\" \/>\n\n\n\n<div style=\"height:20px\" aria-hidden=\"true\" class=\"wp-block-spacer\"><\/div>\n\n\n\n<h2 class=\"wp-block-heading\">\ud83c\udfa4 Et apr\u00e8s ?<\/h2>\n\n\n\n<p>Pour les passionn\u00e9s, ne manquez pas le prochain concert de Christophe Zoogon\u00e8s :<br>\ud83d\udcc5 <strong>le 17 avril<\/strong>, dans le cadre du festival <strong>Jazz en l\u2019air<\/strong> !<\/p>\n\n\n\n<p>\ud83d\udc49 De nombreux spectacles sont propos\u00e9s, dont certains gratuits.<\/p>\n\n\n\n<div style=\"height:20px\" aria-hidden=\"true\" class=\"wp-block-spacer\"><\/div>\n\n\n\n<hr class=\"wp-block-separator has-alpha-channel-opacity\" \/>\n\n\n\n<div style=\"height:20px\" aria-hidden=\"true\" class=\"wp-block-spacer\"><\/div>\n\n\n\n<h2 class=\"wp-block-heading\">\ud83d\ude4f Remerciements<\/h2>\n\n\n\n<p>Un grand merci \u00e0 :<\/p>\n\n\n\n<ul class=\"wp-block-list\">\n<li><strong>Nathalie Ebrard<\/strong> des Th\u00e9\u00e2tres d\u00e9partementaux pour l\u2019organisation<\/li>\n\n\n\n<li><strong>Les Territoires de l\u2019Ouest<\/strong> pour avoir offert aux \u00e9l\u00e8ves cette belle parenth\u00e8se musicale \ud83c\udfb6<\/li>\n<\/ul>\n\n\n\n<div style=\"height:20px\" aria-hidden=\"true\" class=\"wp-block-spacer\"><\/div>\n\n\n<div class=\"wp-block-image\">\n<figure class=\"aligncenter size-full is-resized\"><img loading=\"lazy\" decoding=\"async\" width=\"352\" height=\"143\" src=\"https:\/\/etab.ac-reunion.fr\/clg-marcel-goulette\/wp-content\/uploads\/sites\/153\/2026\/04\/logo_territoiredelouest.jpg\" alt=\"\" class=\"wp-image-8088\" style=\"width:452px;height:auto\" srcset=\"https:\/\/etab.ac-reunion.fr\/clg-marcel-goulette\/wp-content\/uploads\/sites\/153\/2026\/04\/logo_territoiredelouest.jpg 352w, https:\/\/etab.ac-reunion.fr\/clg-marcel-goulette\/wp-content\/uploads\/sites\/153\/2026\/04\/logo_territoiredelouest-300x122.jpg 300w, https:\/\/etab.ac-reunion.fr\/clg-marcel-goulette\/wp-content\/uploads\/sites\/153\/2026\/04\/logo_territoiredelouest-120x49.jpg 120w, https:\/\/etab.ac-reunion.fr\/clg-marcel-goulette\/wp-content\/uploads\/sites\/153\/2026\/04\/logo_territoiredelouest-150x61.jpg 150w\" sizes=\"auto, (max-width: 352px) 100vw, 352px\" \/><\/figure>\n<\/div>\n\n\n<div style=\"height:60px\" aria-hidden=\"true\" class=\"wp-block-spacer\"><\/div>\n","protected":false},"excerpt":{"rendered":"<p>Vendredi 10 avril, le coll\u00e8ge a vibr\u00e9 au son du jazz avec la venue d\u2019un quartet de grande qualit\u00e9, offrant aux \u00e9l\u00e8ves une v\u00e9ritable immersion musicale. \ud83c\udfb6 Des musiciens talentueux\u2026<\/p>\n<p class=\"continue-reading-button\"> <a class=\"continue-reading-link\" href=\"https:\/\/etab.ac-reunion.fr\/clg-marcel-goulette\/%f0%9f%8e%b7-jazz-au-college\/\">Lire la suite&#8230;<i class=\"crycon-right-dir\"><\/i><\/a><\/p>\n","protected":false},"author":38518,"featured_media":8095,"comment_status":"closed","ping_status":"closed","sticky":false,"template":"","format":"standard","meta":{"footnotes":""},"categories":[99,56,37],"tags":[],"class_list":["post-8087","post","type-post","status-publish","format-standard","has-post-thumbnail","hentry","category-actu-vie-scolaire","category-education-musicale","category-evenements-manifestations-sorties-scolaires"],"_links":{"self":[{"href":"https:\/\/etab.ac-reunion.fr\/clg-marcel-goulette\/wp-json\/wp\/v2\/posts\/8087","targetHints":{"allow":["GET"]}}],"collection":[{"href":"https:\/\/etab.ac-reunion.fr\/clg-marcel-goulette\/wp-json\/wp\/v2\/posts"}],"about":[{"href":"https:\/\/etab.ac-reunion.fr\/clg-marcel-goulette\/wp-json\/wp\/v2\/types\/post"}],"author":[{"embeddable":true,"href":"https:\/\/etab.ac-reunion.fr\/clg-marcel-goulette\/wp-json\/wp\/v2\/users\/38518"}],"replies":[{"embeddable":true,"href":"https:\/\/etab.ac-reunion.fr\/clg-marcel-goulette\/wp-json\/wp\/v2\/comments?post=8087"}],"version-history":[{"count":2,"href":"https:\/\/etab.ac-reunion.fr\/clg-marcel-goulette\/wp-json\/wp\/v2\/posts\/8087\/revisions"}],"predecessor-version":[{"id":8094,"href":"https:\/\/etab.ac-reunion.fr\/clg-marcel-goulette\/wp-json\/wp\/v2\/posts\/8087\/revisions\/8094"}],"wp:featuredmedia":[{"embeddable":true,"href":"https:\/\/etab.ac-reunion.fr\/clg-marcel-goulette\/wp-json\/wp\/v2\/media\/8095"}],"wp:attachment":[{"href":"https:\/\/etab.ac-reunion.fr\/clg-marcel-goulette\/wp-json\/wp\/v2\/media?parent=8087"}],"wp:term":[{"taxonomy":"category","embeddable":true,"href":"https:\/\/etab.ac-reunion.fr\/clg-marcel-goulette\/wp-json\/wp\/v2\/categories?post=8087"},{"taxonomy":"post_tag","embeddable":true,"href":"https:\/\/etab.ac-reunion.fr\/clg-marcel-goulette\/wp-json\/wp\/v2\/tags?post=8087"}],"curies":[{"name":"wp","href":"https:\/\/api.w.org\/{rel}","templated":true}]}}