{"id":8133,"date":"2026-04-15T09:31:47","date_gmt":"2026-04-15T05:31:47","guid":{"rendered":"https:\/\/etab.ac-reunion.fr\/clg-marcel-goulette\/?p=8133"},"modified":"2026-04-15T09:31:47","modified_gmt":"2026-04-15T05:31:47","slug":"micro-ouvert-les-eleves-de-la-web-radio-en-direct-de-reunion-la-1ere","status":"publish","type":"post","link":"https:\/\/etab.ac-reunion.fr\/clg-marcel-goulette\/micro-ouvert-les-eleves-de-la-web-radio-en-direct-de-reunion-la-1ere\/","title":{"rendered":"Micro ouvert: les \u00e9l\u00e8ves de la web radio en direct de R\u00e9union La 1\u00e8re"},"content":{"rendered":"\n<p>Les \u00e9l\u00e8ves de la web radio  Tempo Goulette ainsi que leurs camarades du dispositif EHP ont r\u00e9cemment v\u00e9cu une exp\u00e9rience aussi enrichissante qu\u2019inoubliable en se rendant \u00e0 R\u00e9union La 1\u00e8re, un acteur majeur de l&rsquo;audiovisuel. Cette sortie p\u00e9dagogique leur a permis de plonger au c\u0153ur du monde des m\u00e9dias et de d\u00e9couvrir les coulisses de la radio et de la t\u00e9l\u00e9vision. Ils ont pu visiter les diff\u00e9rents studios d\u2019enregistrement. Guid\u00e9s par des professionnels, ils ont d\u00e9couvert de nombreuses \u00e9tapes n\u00e9cessaires \u00e0 la production d&rsquo;une \u00e9mission.<\/p>\n\n\n\n<p>Le moment fort de cette visite a sans aucun doute \u00e9t\u00e9 leur participation en direct \u00e0 une v\u00e9ritable \u00e9mission de radio: l\u2019\u00e9mission On en parle de Robin Grimaldi.  Micro en main, les \u00e9l\u00e8ves ont eu l&rsquo;opportunit\u00e9 de s&rsquo;exprimer en direct, de pr\u00e9senter des chroniques \u00e9crites par eux m\u00eames lors des ateliers web radio du jeudi midi au CDI.<\/p>\n\n\n\n<p>Une immersion totale qui leur a permis de mettre en pratique leurs comp\u00e9tences acquises en web radio  tout en prenant conscience des exigences du m\u00e9tier: gestion du stress, articulation, timing&#8230;<\/p>\n\n\n\n<p>Pour les \u00e9couter cliquer sur le lien suivant en choisissant l\u2019\u00e9mission \u00ab\u00a0\u00c9mission sp\u00e9ciale semaine de la presse et des m\u00e9dias \u00e0 l&rsquo;\u00e9cole\u00a0\u00bb Diffus\u00e9 le 03\/04\/2026<\/p>\n\n\n\n<p><a href=\"https:\/\/la1ere.franceinfo.fr\/reunion\/programme-audio\/on-en-parle-15104\/?gad_source=1&amp;gad_campaignid=1370756042&amp;gclid=EAIaIQobChMIi9Dbl4zvkwMVmJlQBh356Qu1EAAYASAAEgJqefD_BwE#at_medium=1&amp;at_platform=2&amp;at_offre=4&amp;at_campaign=DSA_La1ere&amp;at_adgroup=Reunion&amp;at_adgroupid=54321533226&amp;at_adid=294293861009&amp;at_term=\">https:\/\/la1ere.franceinfo.fr\/reunion\/programme-audio\/on-en-parle-15104\/?gad_source=1&amp;gad_campaignid=1370756042&amp;gclid=EAIaIQobChMIi9Dbl4zvkwMVmJlQBh356Qu1EAAYASAAEgJqefD_BwE#at_medium=1&amp;at_platform=2&amp;at_offre=4&amp;at_campaign=DSA_La1ere&amp;at_adgroup=Reunion&amp;at_adgroupid=54321533226&amp;at_adid=294293861009&amp;at_term=<\/a><\/p>\n\n\n\n<p>Bonne \u00e9coute ! Et f\u00e9licitation \u00e0 nos \u00e9l\u00e8ves.<\/p>\n","protected":false},"excerpt":{"rendered":"<p>Les \u00e9l\u00e8ves de la web radio Tempo Goulette ainsi que leurs camarades du dispositif EHP ont r\u00e9cemment v\u00e9cu une exp\u00e9rience aussi enrichissante qu\u2019inoubliable en se rendant \u00e0 R\u00e9union La 1\u00e8re,\u2026<\/p>\n<p class=\"continue-reading-button\"> <a class=\"continue-reading-link\" href=\"https:\/\/etab.ac-reunion.fr\/clg-marcel-goulette\/micro-ouvert-les-eleves-de-la-web-radio-en-direct-de-reunion-la-1ere\/\">Lire la suite&#8230;<i class=\"crycon-right-dir\"><\/i><\/a><\/p>\n","protected":false},"author":37644,"featured_media":8135,"comment_status":"closed","ping_status":"closed","sticky":false,"template":"","format":"standard","meta":{"footnotes":""},"categories":[82,37,39],"tags":[],"class_list":["post-8133","post","type-post","status-publish","format-standard","has-post-thumbnail","hentry","category-2025-2026","category-evenements-manifestations-sorties-scolaires","category-webradio"],"_links":{"self":[{"href":"https:\/\/etab.ac-reunion.fr\/clg-marcel-goulette\/wp-json\/wp\/v2\/posts\/8133","targetHints":{"allow":["GET"]}}],"collection":[{"href":"https:\/\/etab.ac-reunion.fr\/clg-marcel-goulette\/wp-json\/wp\/v2\/posts"}],"about":[{"href":"https:\/\/etab.ac-reunion.fr\/clg-marcel-goulette\/wp-json\/wp\/v2\/types\/post"}],"author":[{"embeddable":true,"href":"https:\/\/etab.ac-reunion.fr\/clg-marcel-goulette\/wp-json\/wp\/v2\/users\/37644"}],"replies":[{"embeddable":true,"href":"https:\/\/etab.ac-reunion.fr\/clg-marcel-goulette\/wp-json\/wp\/v2\/comments?post=8133"}],"version-history":[{"count":2,"href":"https:\/\/etab.ac-reunion.fr\/clg-marcel-goulette\/wp-json\/wp\/v2\/posts\/8133\/revisions"}],"predecessor-version":[{"id":8136,"href":"https:\/\/etab.ac-reunion.fr\/clg-marcel-goulette\/wp-json\/wp\/v2\/posts\/8133\/revisions\/8136"}],"wp:featuredmedia":[{"embeddable":true,"href":"https:\/\/etab.ac-reunion.fr\/clg-marcel-goulette\/wp-json\/wp\/v2\/media\/8135"}],"wp:attachment":[{"href":"https:\/\/etab.ac-reunion.fr\/clg-marcel-goulette\/wp-json\/wp\/v2\/media?parent=8133"}],"wp:term":[{"taxonomy":"category","embeddable":true,"href":"https:\/\/etab.ac-reunion.fr\/clg-marcel-goulette\/wp-json\/wp\/v2\/categories?post=8133"},{"taxonomy":"post_tag","embeddable":true,"href":"https:\/\/etab.ac-reunion.fr\/clg-marcel-goulette\/wp-json\/wp\/v2\/tags?post=8133"}],"curies":[{"name":"wp","href":"https:\/\/api.w.org\/{rel}","templated":true}]}}