{"id":2482,"date":"2024-04-25T10:51:37","date_gmt":"2024-04-25T06:51:37","guid":{"rendered":"https:\/\/etab.ac-reunion.fr\/clg-michel-debre\/?p=2482"},"modified":"2024-06-17T14:16:33","modified_gmt":"2024-06-17T10:16:33","slug":"changement-des-mots-de-passe-eleves","status":"publish","type":"post","link":"https:\/\/etab.ac-reunion.fr\/clg-michel-debre\/changement-des-mots-de-passe-eleves\/","title":{"rendered":"Changement des mots de passe \u00e9l\u00e8ves"},"content":{"rendered":"\n<p>Dans le cadre de la s\u00e9curisation de nos syst\u00e8mes d&rsquo;information, les <strong>mots de passe Metice des \u00e9l\u00e8ves<\/strong> devront \u00eatre chang\u00e9s. <br><strong>A partir du lundi 29 avril<\/strong>, lors de votre connexion \u00e0 Metice, il vous sera demand\u00e9 de choisir un nouveau mot de passe. Vous devrez alors choisir un mot de passe comportant au moins <strong>12 caract\u00e8res avec 4 types de caract\u00e8res<\/strong>. Pour rappel, ce mot de passe est celui qui vous utiliserez aussi \u00e0 l&rsquo;ouverture d&rsquo;une session sur un poste au coll\u00e8ge.<br>En attendant, il vous est fortement conseill\u00e9 de r\u00e9fl\u00e9chir \u00e0 votre nouveau mot de passe et de lire le document en pi\u00e8ce jointe.<\/p>\n\n\n<a href=\"https:\/\/etab.ac-reunion.fr\/clg-michel-debre\/wp-content\/uploads\/sites\/64\/2024\/04\/Metice-Changer-mon-mot-de-passe-eleves.pdf\" class=\"pdfemb-viewer\" style=\"\" data-width=\"max\" data-height=\"max\" data-toolbar=\"bottom\" data-toolbar-fixed=\"off\">Metice-Changer-mon-mot-de-passe-eleves<\/a>\n<p class=\"wp-block-pdfemb-pdf-embedder-viewer\"><\/p>\n","protected":false},"excerpt":{"rendered":"<p>Dans le cadre de la s\u00e9curisation de nos syst\u00e8mes d&rsquo;information, les mots de passe Metice des \u00e9l\u00e8ves devront \u00eatre chang\u00e9s. A partir du lundi 29 avril, lors de votre connexion \u00e0 Metice, il vous sera demand\u00e9 de choisir un nouveau mot de passe. Vous devrez alors choisir un mot de passe comportant au moins 12 [&hellip;]<\/p>\n","protected":false},"author":1036,"featured_media":0,"comment_status":"closed","ping_status":"closed","sticky":false,"template":"","format":"standard","meta":{"footnotes":""},"categories":[24],"tags":[],"class_list":["post-2482","post","type-post","status-publish","format-standard","hentry","category-tice"],"_links":{"self":[{"href":"https:\/\/etab.ac-reunion.fr\/clg-michel-debre\/wp-json\/wp\/v2\/posts\/2482","targetHints":{"allow":["GET"]}}],"collection":[{"href":"https:\/\/etab.ac-reunion.fr\/clg-michel-debre\/wp-json\/wp\/v2\/posts"}],"about":[{"href":"https:\/\/etab.ac-reunion.fr\/clg-michel-debre\/wp-json\/wp\/v2\/types\/post"}],"author":[{"embeddable":true,"href":"https:\/\/etab.ac-reunion.fr\/clg-michel-debre\/wp-json\/wp\/v2\/users\/1036"}],"replies":[{"embeddable":true,"href":"https:\/\/etab.ac-reunion.fr\/clg-michel-debre\/wp-json\/wp\/v2\/comments?post=2482"}],"version-history":[{"count":9,"href":"https:\/\/etab.ac-reunion.fr\/clg-michel-debre\/wp-json\/wp\/v2\/posts\/2482\/revisions"}],"predecessor-version":[{"id":2493,"href":"https:\/\/etab.ac-reunion.fr\/clg-michel-debre\/wp-json\/wp\/v2\/posts\/2482\/revisions\/2493"}],"wp:attachment":[{"href":"https:\/\/etab.ac-reunion.fr\/clg-michel-debre\/wp-json\/wp\/v2\/media?parent=2482"}],"wp:term":[{"taxonomy":"category","embeddable":true,"href":"https:\/\/etab.ac-reunion.fr\/clg-michel-debre\/wp-json\/wp\/v2\/categories?post=2482"},{"taxonomy":"post_tag","embeddable":true,"href":"https:\/\/etab.ac-reunion.fr\/clg-michel-debre\/wp-json\/wp\/v2\/tags?post=2482"}],"curies":[{"name":"wp","href":"https:\/\/api.w.org\/{rel}","templated":true}]}}