{"id":2574,"date":"2024-11-22T15:01:40","date_gmt":"2024-11-22T11:01:40","guid":{"rendered":"https:\/\/etab.ac-reunion.fr\/clg-michel-debre\/?p=2574"},"modified":"2024-11-22T15:02:48","modified_gmt":"2024-11-22T11:02:48","slug":"dnb-2025-demandes-damenagements","status":"publish","type":"post","link":"https:\/\/etab.ac-reunion.fr\/clg-michel-debre\/dnb-2025-demandes-damenagements\/","title":{"rendered":"DNB 2025 : Demande d&rsquo;am\u00e9nagements"},"content":{"rendered":"\n<p>La campagne de demande d&rsquo;am\u00e9nagements des \u00e9preuves du DNB session 2025 se d\u00e9roule actuellement.<\/p>\n\n\n\n<p>Ces demandes d&rsquo;am\u00e9nagements doivent se faire sur<strong> l&rsquo;application INCLUSCOL via Metice <\/strong>pour l&rsquo;\u00e9l\u00e8ve et pour les parents, <strong>au plus tard le vendredi 13 d\u00e9cembre 2024<\/strong>, date de fermeture du service.<\/p>\n\n\n\n<!--more-->\n\n\n\n<p>Il y a trois proc\u00e9dures : <br> &#8211; la <strong>proc\u00e9dure simplifi\u00e9e<\/strong> concerne<strong> les \u00e9l\u00e8ves qui b\u00e9n\u00e9ficient d&rsquo;am\u00e9nagements<\/strong> dans le cadre d&rsquo;un projet personnalis\u00e9 de scolarisation (PPS), d&rsquo;un plan d&rsquo;accompagnement personnalis\u00e9 (PAP) ou d&rsquo;un projet d&rsquo;accueil individualis\u00e9 (PAI), <strong>et qui demandent des am\u00e9nagements d&rsquo;\u00e9preuves<\/strong> qui sont en coh\u00e9rence avec ceux pr\u00e9vus dans leur PPS, PAP ou PAI.<br> &#8211; la <strong>proc\u00e9dure compl\u00e8te<\/strong> concerne <strong>les \u00e9l\u00e8ves qui <\/strong><br>    soit, <strong>ne disposent d&rsquo;am\u00e9nagements<\/strong> dans le cadre d&rsquo;un PPS, d&rsquo;un PAP ou d&rsquo;un PAI ;<br>    soit, <strong>qui b\u00e9n\u00e9ficient d&rsquo;am\u00e9nagements<\/strong> dans le cadre d&rsquo;un PPS, d&rsquo;un PAP ou d&rsquo;un PAI <strong>mais qui demandent des am\u00e9nagements compl\u00e9mentaires<\/strong> \u00e0 ceux pr\u00e9vus dans leur PPS, PAP ou PAI.<br>Cette proc\u00e9dure compl\u00e8te n\u00e9cessite en plus la <strong>constitution d&rsquo;un dossier qui devra \u00eatre transmis au Centre m\u00e9dico-Scolaire de secteur au plus tard le vendredi 13 d\u00e9cembre 2024<\/strong>.<br> &#8211; la <strong>reconduction automatique<\/strong> concerne <strong>les \u00e9l\u00e8ves qui disposent d&rsquo;une d\u00e9cision d&rsquo;am\u00e9nagements obtenue pour la session 2024<\/strong> du DNB.<\/p>\n\n\n\n<p><strong>Un accompagnement pour ces demandes est propos\u00e9 aux familles au Coll\u00e8ge Michel DEBRE<\/strong> (Voir Information dans PRONOTE).<br>Les notifications des d\u00e9cisions d&rsquo;am\u00e9nagements seront envoy\u00e9es par la Division des Examens et Concours d\u00e9but 2025.<br><\/p>\n","protected":false},"excerpt":{"rendered":"<p>La campagne de demande d&rsquo;am\u00e9nagements des \u00e9preuves du DNB session 2025 se d\u00e9roule actuellement. Ces demandes d&rsquo;am\u00e9nagements doivent se faire sur l&rsquo;application INCLUSCOL via Metice pour l&rsquo;\u00e9l\u00e8ve et pour les parents, au plus tard le vendredi 13 d\u00e9cembre 2024, date de fermeture du service.<\/p>\n","protected":false},"author":28509,"featured_media":0,"comment_status":"closed","ping_status":"closed","sticky":false,"template":"","format":"standard","meta":{"footnotes":""},"categories":[8],"tags":[],"class_list":["post-2574","post","type-post","status-publish","format-standard","hentry","category-administration"],"_links":{"self":[{"href":"https:\/\/etab.ac-reunion.fr\/clg-michel-debre\/wp-json\/wp\/v2\/posts\/2574","targetHints":{"allow":["GET"]}}],"collection":[{"href":"https:\/\/etab.ac-reunion.fr\/clg-michel-debre\/wp-json\/wp\/v2\/posts"}],"about":[{"href":"https:\/\/etab.ac-reunion.fr\/clg-michel-debre\/wp-json\/wp\/v2\/types\/post"}],"author":[{"embeddable":true,"href":"https:\/\/etab.ac-reunion.fr\/clg-michel-debre\/wp-json\/wp\/v2\/users\/28509"}],"replies":[{"embeddable":true,"href":"https:\/\/etab.ac-reunion.fr\/clg-michel-debre\/wp-json\/wp\/v2\/comments?post=2574"}],"version-history":[{"count":11,"href":"https:\/\/etab.ac-reunion.fr\/clg-michel-debre\/wp-json\/wp\/v2\/posts\/2574\/revisions"}],"predecessor-version":[{"id":2595,"href":"https:\/\/etab.ac-reunion.fr\/clg-michel-debre\/wp-json\/wp\/v2\/posts\/2574\/revisions\/2595"}],"wp:attachment":[{"href":"https:\/\/etab.ac-reunion.fr\/clg-michel-debre\/wp-json\/wp\/v2\/media?parent=2574"}],"wp:term":[{"taxonomy":"category","embeddable":true,"href":"https:\/\/etab.ac-reunion.fr\/clg-michel-debre\/wp-json\/wp\/v2\/categories?post=2574"},{"taxonomy":"post_tag","embeddable":true,"href":"https:\/\/etab.ac-reunion.fr\/clg-michel-debre\/wp-json\/wp\/v2\/tags?post=2574"}],"curies":[{"name":"wp","href":"https:\/\/api.w.org\/{rel}","templated":true}]}}