{"id":2759,"date":"2025-02-07T13:08:06","date_gmt":"2025-02-07T09:08:06","guid":{"rendered":"https:\/\/etab.ac-reunion.fr\/clg-michel-debre\/?p=2759"},"modified":"2025-02-07T13:13:16","modified_gmt":"2025-02-07T09:13:16","slug":"reunion-parents-professeurs-semestre-1","status":"publish","type":"post","link":"https:\/\/etab.ac-reunion.fr\/clg-michel-debre\/reunion-parents-professeurs-semestre-1\/","title":{"rendered":"R\u00e9union Parents Professeurs &#8211; Semestre 1"},"content":{"rendered":"\n<p>La <strong>r\u00e9union Parents-Professeurs du premier semestre<\/strong> aura lieu le <strong>mardi 18 f\u00e9vrier 2025<\/strong> \u00e0 partir de 15h40.<br>Des pr\u00e9cisions quant \u00e0 son d\u00e9roulement vous seront donn\u00e9es prochainement.<\/p>\n","protected":false},"excerpt":{"rendered":"<p>La r\u00e9union Parents-Professeurs du premier semestre aura lieu le mardi 18 f\u00e9vrier 2025 \u00e0 partir de 15h40.Des pr\u00e9cisions quant \u00e0 son d\u00e9roulement vous seront donn\u00e9es prochainement.<\/p>\n","protected":false},"author":1036,"featured_media":0,"comment_status":"closed","ping_status":"closed","sticky":false,"template":"","format":"standard","meta":{"footnotes":""},"categories":[8],"tags":[],"class_list":["post-2759","post","type-post","status-publish","format-standard","hentry","category-administration"],"_links":{"self":[{"href":"https:\/\/etab.ac-reunion.fr\/clg-michel-debre\/wp-json\/wp\/v2\/posts\/2759","targetHints":{"allow":["GET"]}}],"collection":[{"href":"https:\/\/etab.ac-reunion.fr\/clg-michel-debre\/wp-json\/wp\/v2\/posts"}],"about":[{"href":"https:\/\/etab.ac-reunion.fr\/clg-michel-debre\/wp-json\/wp\/v2\/types\/post"}],"author":[{"embeddable":true,"href":"https:\/\/etab.ac-reunion.fr\/clg-michel-debre\/wp-json\/wp\/v2\/users\/1036"}],"replies":[{"embeddable":true,"href":"https:\/\/etab.ac-reunion.fr\/clg-michel-debre\/wp-json\/wp\/v2\/comments?post=2759"}],"version-history":[{"count":4,"href":"https:\/\/etab.ac-reunion.fr\/clg-michel-debre\/wp-json\/wp\/v2\/posts\/2759\/revisions"}],"predecessor-version":[{"id":2764,"href":"https:\/\/etab.ac-reunion.fr\/clg-michel-debre\/wp-json\/wp\/v2\/posts\/2759\/revisions\/2764"}],"wp:attachment":[{"href":"https:\/\/etab.ac-reunion.fr\/clg-michel-debre\/wp-json\/wp\/v2\/media?parent=2759"}],"wp:term":[{"taxonomy":"category","embeddable":true,"href":"https:\/\/etab.ac-reunion.fr\/clg-michel-debre\/wp-json\/wp\/v2\/categories?post=2759"},{"taxonomy":"post_tag","embeddable":true,"href":"https:\/\/etab.ac-reunion.fr\/clg-michel-debre\/wp-json\/wp\/v2\/tags?post=2759"}],"curies":[{"name":"wp","href":"https:\/\/api.w.org\/{rel}","templated":true}]}}