{"id":2767,"date":"2025-03-18T11:34:54","date_gmt":"2025-03-18T07:34:54","guid":{"rendered":"https:\/\/etab.ac-reunion.fr\/clg-michel-debre\/?p=2767"},"modified":"2025-03-18T11:35:15","modified_gmt":"2025-03-18T07:35:15","slug":"brevet-blanc-et-devoirs-communs-2025","status":"publish","type":"post","link":"https:\/\/etab.ac-reunion.fr\/clg-michel-debre\/brevet-blanc-et-devoirs-communs-2025\/","title":{"rendered":"Brevet Blanc et Devoirs Communs 2025"},"content":{"rendered":"\n<p>Les \u00e9preuves des <strong>Devoirs communs de 4\u00e8me<\/strong> auront lieu le <strong>lundi 24 mars<\/strong>. <strong>Les \u00e9l\u00e8ves de 3\u00e8me n&rsquo;auront exceptionnellement pas cours ce jour<\/strong>.<br>Les \u00e9preuves du <strong>Brevet Blanc<\/strong> concerneront les \u00e9l\u00e8ves de 3\u00e8me les <strong>mardi 25 mars et mercredi 26 mars<\/strong>. <strong>Les \u00e9l\u00e8ves de 6\u00e8me, 5\u00e8me et 4\u00e8me n&rsquo;auront pas cours ces deux jours<\/strong>.<br>Vous trouverez les horaires des diff\u00e9rentes \u00e9preuves en cliquant <a href=\"https:\/\/etab.ac-reunion.fr\/clg-michel-debre\/wp-content\/uploads\/sites\/64\/2025\/03\/Horaires.pdf\" data-type=\"attachment\" data-id=\"2765\">ici<\/a>.<\/p>\n","protected":false},"excerpt":{"rendered":"<p>Les \u00e9preuves des Devoirs communs de 4\u00e8me auront lieu le lundi 24 mars. Les \u00e9l\u00e8ves de 3\u00e8me n&rsquo;auront exceptionnellement pas cours ce jour.Les \u00e9preuves du Brevet Blanc concerneront les \u00e9l\u00e8ves de 3\u00e8me les mardi 25 mars et mercredi 26 mars. Les \u00e9l\u00e8ves de 6\u00e8me, 5\u00e8me et 4\u00e8me n&rsquo;auront pas cours ces deux jours.Vous trouverez les [&hellip;]<\/p>\n","protected":false},"author":1036,"featured_media":0,"comment_status":"closed","ping_status":"closed","sticky":false,"template":"","format":"standard","meta":{"footnotes":""},"categories":[8],"tags":[69],"class_list":["post-2767","post","type-post","status-publish","format-standard","hentry","category-administration","tag-brevet-blanc"],"_links":{"self":[{"href":"https:\/\/etab.ac-reunion.fr\/clg-michel-debre\/wp-json\/wp\/v2\/posts\/2767","targetHints":{"allow":["GET"]}}],"collection":[{"href":"https:\/\/etab.ac-reunion.fr\/clg-michel-debre\/wp-json\/wp\/v2\/posts"}],"about":[{"href":"https:\/\/etab.ac-reunion.fr\/clg-michel-debre\/wp-json\/wp\/v2\/types\/post"}],"author":[{"embeddable":true,"href":"https:\/\/etab.ac-reunion.fr\/clg-michel-debre\/wp-json\/wp\/v2\/users\/1036"}],"replies":[{"embeddable":true,"href":"https:\/\/etab.ac-reunion.fr\/clg-michel-debre\/wp-json\/wp\/v2\/comments?post=2767"}],"version-history":[{"count":2,"href":"https:\/\/etab.ac-reunion.fr\/clg-michel-debre\/wp-json\/wp\/v2\/posts\/2767\/revisions"}],"predecessor-version":[{"id":2769,"href":"https:\/\/etab.ac-reunion.fr\/clg-michel-debre\/wp-json\/wp\/v2\/posts\/2767\/revisions\/2769"}],"wp:attachment":[{"href":"https:\/\/etab.ac-reunion.fr\/clg-michel-debre\/wp-json\/wp\/v2\/media?parent=2767"}],"wp:term":[{"taxonomy":"category","embeddable":true,"href":"https:\/\/etab.ac-reunion.fr\/clg-michel-debre\/wp-json\/wp\/v2\/categories?post=2767"},{"taxonomy":"post_tag","embeddable":true,"href":"https:\/\/etab.ac-reunion.fr\/clg-michel-debre\/wp-json\/wp\/v2\/tags?post=2767"}],"curies":[{"name":"wp","href":"https:\/\/api.w.org\/{rel}","templated":true}]}}