{"id":2845,"date":"2026-04-24T08:08:44","date_gmt":"2026-04-24T04:08:44","guid":{"rendered":"https:\/\/etab.ac-reunion.fr\/clg-michel-debre\/?p=2845"},"modified":"2026-04-29T10:28:38","modified_gmt":"2026-04-29T06:28:38","slug":"de-la-musique-allemande-a-la-reunion","status":"publish","type":"post","link":"https:\/\/etab.ac-reunion.fr\/clg-michel-debre\/de-la-musique-allemande-a-la-reunion\/","title":{"rendered":"De la Musique Allemande \u00e0 la R\u00e9union!"},"content":{"rendered":"\n<p>Vendredi 17 avril 2026, les germanistes (autrement dit les \u00e9l\u00e8ves qui apprennent l\u2019allemand) de 3\u00e8me et de 5\u00e8me ont quitt\u00e9 le coll\u00e8ge \u00e0 midi pour se rendre \u00e0 l\u2019\u00c9tang Sal\u00e9. Apr\u00e8s un pique-nique qui s\u2019imposait, direction le th\u00e9\u00e2tre des Sables o\u00f9 un concert les attendait. <br><br>Deux chanteurs allemands, de vrais jumeaux, ont fait le d\u00e9placement depuis l\u2019Europe pour se produire sur sc\u00e8ne avec un artiste r\u00e9unionnais nomm\u00e9 Tias. <br>Ces deux allemands font partie d\u2019un groupe de musique de cinq personnes r\u00e9pondant au nom de \u00ab&nbsp;Zweierpasch&nbsp;\u00bb. Leur style de musique oscille entre des influences de funk, de rap et de world hip-hop. <br>Pendant plus d\u2019une heure, les \u00e9l\u00e8ves germanistes venus des quatre coins de l\u2019\u00eele ont pu assister \u00e0 un concert en allemand et en fran\u00e7ais, pour leur plus grand bonheur&nbsp;!<\/p>\n\n\n\n<!--more-->\n\n\n\n<p>Quelques impressions des \u00e9l\u00e8ves pr\u00e9sents&nbsp;:<br>\u00ab&nbsp;J\u2019ai ador\u00e9 ce concert car l\u2019ambiance \u00e9tait incroyable, les personnes dans la salle sautaient, chantaient. Les deux fr\u00e8res avaient une complicit\u00e9 incroyable sur sc\u00e8ne, \u00e7a se voit qu\u2019ils aiment chanter et donner de la joie.&nbsp;\u00bb<br><br>\u00ab&nbsp;Je trouve que le concert \u00e9tait bien, mais il faisait chaud dans la salle. Les rappeurs allemands chantaient vraiment bien, c\u2019\u00e9tait dynamique, il y avait une bonne ambiance.&nbsp;\u00bb <br><br>\u00ab&nbsp;Franchement j\u2019ai surkiff\u00e9 le concert avec les musiques, les lumi\u00e8res et tout. On n\u2019a pas l\u2019habitude d\u2019aller \u00e0 des concerts franco-allemands, franchement c\u2019\u00e9tait trop bien&nbsp;: \u00e0 refaire&nbsp;!&nbsp;\u00bb<\/p>\n\n\n\n<div data-wp-interactive=\"core\/file\" class=\"wp-block-file\"><object data-wp-bind--hidden=\"!state.hasPdfPreview\" hidden class=\"wp-block-file__embed\" data=\"https:\/\/etab.ac-reunion.fr\/clg-michel-debre\/wp-content\/uploads\/sites\/64\/2026\/04\/Offizielles-Plakat-Schulerkonzert-Etang-Sale-17.04.2026-2.pdf\" type=\"application\/pdf\" style=\"width:100%;height:600px\" aria-label=\"Contenu embarqu\u00e9 Offizielles Plakat Sch\u00fclerkonzert Etang-Sal\u00e9 17.04.2026.\"><\/object><a id=\"wp-block-file--media-76fb89d2-a98f-439e-b502-57912cd25838\" href=\"https:\/\/etab.ac-reunion.fr\/clg-michel-debre\/wp-content\/uploads\/sites\/64\/2026\/04\/Offizielles-Plakat-Schulerkonzert-Etang-Sale-17.04.2026-2.pdf\">Offizielles Plakat Sch\u00fclerkonzert Etang-Sal\u00e9 17.04.2026<\/a><\/div>\n","protected":false},"excerpt":{"rendered":"<p>Vendredi 17 avril 2026, les germanistes (autrement dit les \u00e9l\u00e8ves qui apprennent l\u2019allemand) de 3\u00e8me et de 5\u00e8me ont quitt\u00e9 le coll\u00e8ge \u00e0 midi pour se rendre \u00e0 l\u2019\u00c9tang Sal\u00e9. Apr\u00e8s un pique-nique qui s\u2019imposait, direction le th\u00e9\u00e2tre des Sables o\u00f9 un concert les attendait. Deux chanteurs allemands, de vrais jumeaux, ont fait le d\u00e9placement [&hellip;]<\/p>\n","protected":false},"author":38117,"featured_media":0,"comment_status":"closed","ping_status":"closed","sticky":false,"template":"","format":"standard","meta":{"footnotes":""},"categories":[38,9],"tags":[],"class_list":["post-2845","post","type-post","status-publish","format-standard","hentry","category-allemand","category-pedagogie"],"_links":{"self":[{"href":"https:\/\/etab.ac-reunion.fr\/clg-michel-debre\/wp-json\/wp\/v2\/posts\/2845","targetHints":{"allow":["GET"]}}],"collection":[{"href":"https:\/\/etab.ac-reunion.fr\/clg-michel-debre\/wp-json\/wp\/v2\/posts"}],"about":[{"href":"https:\/\/etab.ac-reunion.fr\/clg-michel-debre\/wp-json\/wp\/v2\/types\/post"}],"author":[{"embeddable":true,"href":"https:\/\/etab.ac-reunion.fr\/clg-michel-debre\/wp-json\/wp\/v2\/users\/38117"}],"replies":[{"embeddable":true,"href":"https:\/\/etab.ac-reunion.fr\/clg-michel-debre\/wp-json\/wp\/v2\/comments?post=2845"}],"version-history":[{"count":4,"href":"https:\/\/etab.ac-reunion.fr\/clg-michel-debre\/wp-json\/wp\/v2\/posts\/2845\/revisions"}],"predecessor-version":[{"id":3138,"href":"https:\/\/etab.ac-reunion.fr\/clg-michel-debre\/wp-json\/wp\/v2\/posts\/2845\/revisions\/3138"}],"wp:attachment":[{"href":"https:\/\/etab.ac-reunion.fr\/clg-michel-debre\/wp-json\/wp\/v2\/media?parent=2845"}],"wp:term":[{"taxonomy":"category","embeddable":true,"href":"https:\/\/etab.ac-reunion.fr\/clg-michel-debre\/wp-json\/wp\/v2\/categories?post=2845"},{"taxonomy":"post_tag","embeddable":true,"href":"https:\/\/etab.ac-reunion.fr\/clg-michel-debre\/wp-json\/wp\/v2\/tags?post=2845"}],"curies":[{"name":"wp","href":"https:\/\/api.w.org\/{rel}","templated":true}]}}