{"id":2855,"date":"2025-05-23T07:51:26","date_gmt":"2025-05-23T03:51:26","guid":{"rendered":"https:\/\/etab.ac-reunion.fr\/clg-michel-debre\/?p=2855"},"modified":"2025-05-23T07:51:50","modified_gmt":"2025-05-23T03:51:50","slug":"orientation-3eme-plateforme-telephonique-a-la-draio","status":"publish","type":"post","link":"https:\/\/etab.ac-reunion.fr\/clg-michel-debre\/orientation-3eme-plateforme-telephonique-a-la-draio\/","title":{"rendered":"Orientation 3\u00e8me : Plateforme t\u00e9l\u00e9phonique \u00e0 la DRAIO"},"content":{"rendered":"\n<p>Afin de mieux r\u00e9pondre aux familles sur les questions relatives \u00e0 l&rsquo;affectation de leurs enfants, une plateforme t\u00e9l\u00e9phonique est mise en place cette ann\u00e9e \u00e0 la D\u00e9l\u00e9gation R\u00e9gionale Acad\u00e9mique \u00e0 l&rsquo;Information et \u00e0 l&rsquo;Orientation.<br>Celle-ci traitera de tous les niveaux de classes, <strong>except\u00e9es les questions relatives \u00e0 Parcoursup<\/strong>.<br>Le num\u00e9ro mis \u00e0 la disposition des familles est le <strong>0262 48 10 80<\/strong>.<br>Cette plateforme sera op\u00e9rationnelle du <strong>mercredi 21 mai au vendredi 11 juillet 2025 inclus<\/strong> et du <strong>lundi 11 ao\u00fbt au vendredi 5 septembre inclus<\/strong>, <strong>de 9h00 \u00e0 12h00 et de 13h00 \u00e0 16h00<\/strong>.<br>Notez toutefois que de nombreuses informations sont consultables sur le site de l&rsquo;acad\u00e9mie de la R\u00e9union en cliquant <a href=\"https:\/\/www.ac-reunion.fr\/procedures-d-orientation-et-d-affectation-des-eleves-annee-scolaire-2024-2025-123863\">ici<\/a>.<\/p>\n","protected":false},"excerpt":{"rendered":"<p>Afin de mieux r\u00e9pondre aux familles sur les questions relatives \u00e0 l&rsquo;affectation de leurs enfants, une plateforme t\u00e9l\u00e9phonique est mise en place cette ann\u00e9e \u00e0 la D\u00e9l\u00e9gation R\u00e9gionale Acad\u00e9mique \u00e0 l&rsquo;Information et \u00e0 l&rsquo;Orientation.Celle-ci traitera de tous les niveaux de classes, except\u00e9es les questions relatives \u00e0 Parcoursup.Le num\u00e9ro mis \u00e0 la disposition des familles est [&hellip;]<\/p>\n","protected":false},"author":1036,"featured_media":0,"comment_status":"closed","ping_status":"closed","sticky":false,"template":"","format":"standard","meta":{"footnotes":""},"categories":[8],"tags":[],"class_list":["post-2855","post","type-post","status-publish","format-standard","hentry","category-administration"],"_links":{"self":[{"href":"https:\/\/etab.ac-reunion.fr\/clg-michel-debre\/wp-json\/wp\/v2\/posts\/2855","targetHints":{"allow":["GET"]}}],"collection":[{"href":"https:\/\/etab.ac-reunion.fr\/clg-michel-debre\/wp-json\/wp\/v2\/posts"}],"about":[{"href":"https:\/\/etab.ac-reunion.fr\/clg-michel-debre\/wp-json\/wp\/v2\/types\/post"}],"author":[{"embeddable":true,"href":"https:\/\/etab.ac-reunion.fr\/clg-michel-debre\/wp-json\/wp\/v2\/users\/1036"}],"replies":[{"embeddable":true,"href":"https:\/\/etab.ac-reunion.fr\/clg-michel-debre\/wp-json\/wp\/v2\/comments?post=2855"}],"version-history":[{"count":3,"href":"https:\/\/etab.ac-reunion.fr\/clg-michel-debre\/wp-json\/wp\/v2\/posts\/2855\/revisions"}],"predecessor-version":[{"id":2860,"href":"https:\/\/etab.ac-reunion.fr\/clg-michel-debre\/wp-json\/wp\/v2\/posts\/2855\/revisions\/2860"}],"wp:attachment":[{"href":"https:\/\/etab.ac-reunion.fr\/clg-michel-debre\/wp-json\/wp\/v2\/media?parent=2855"}],"wp:term":[{"taxonomy":"category","embeddable":true,"href":"https:\/\/etab.ac-reunion.fr\/clg-michel-debre\/wp-json\/wp\/v2\/categories?post=2855"},{"taxonomy":"post_tag","embeddable":true,"href":"https:\/\/etab.ac-reunion.fr\/clg-michel-debre\/wp-json\/wp\/v2\/tags?post=2855"}],"curies":[{"name":"wp","href":"https:\/\/api.w.org\/{rel}","templated":true}]}}