{"id":2905,"date":"2025-06-18T09:37:28","date_gmt":"2025-06-18T05:37:28","guid":{"rendered":"https:\/\/etab.ac-reunion.fr\/clg-michel-debre\/?p=2905"},"modified":"2025-06-18T09:37:30","modified_gmt":"2025-06-18T05:37:30","slug":"teleinscription-obligatoire-pour-la-2nd","status":"publish","type":"post","link":"https:\/\/etab.ac-reunion.fr\/clg-michel-debre\/teleinscription-obligatoire-pour-la-2nd\/","title":{"rendered":"T\u00e9l\u00e9inscription Obligatoire pour la 2nd"},"content":{"rendered":"\n<p>Chers parents,<\/p>\n\n\n\n<p>Nous vous rappelons que la <strong>t\u00e9l\u00e9inscription<\/strong> pour l&rsquo;entr\u00e9e en seconde au lyc\u00e9e est <strong>OBLIGATOIRE<\/strong>. Cette proc\u00e9dure doit \u00eatre effectu\u00e9e en ligne via le portail Educonnect.<\/p>\n\n\n\n<p>Pour pouvoir proc\u00e9der \u00e0 cette t\u00e9l\u00e9inscription, vous aurez besoin des <strong>codes Educonnect<\/strong> en tant que parent. Si vous ne disposez pas de ces codes ou si vous les avez \u00e9gar\u00e9s, nous vous prions de bien vouloir contacter d\u00e8s que possible l\u2019\u00e9quipe informatique du coll\u00e8ge afin d\u2019obtenir une assistance.<\/p>\n\n\n\n<p>Cordialement,<br>Le Service Informatique<\/p>\n","protected":false},"excerpt":{"rendered":"<p>Chers parents, Nous vous rappelons que la t\u00e9l\u00e9inscription pour l&rsquo;entr\u00e9e en seconde au lyc\u00e9e est OBLIGATOIRE. Cette proc\u00e9dure doit \u00eatre effectu\u00e9e en ligne via le portail Educonnect. Pour pouvoir proc\u00e9der \u00e0 cette t\u00e9l\u00e9inscription, vous aurez besoin des codes Educonnect en tant que parent. Si vous ne disposez pas de ces codes ou si vous les [&hellip;]<\/p>\n","protected":false},"author":9826,"featured_media":0,"comment_status":"closed","ping_status":"closed","sticky":false,"template":"","format":"standard","meta":{"footnotes":""},"categories":[24],"tags":[],"class_list":["post-2905","post","type-post","status-publish","format-standard","hentry","category-tice"],"_links":{"self":[{"href":"https:\/\/etab.ac-reunion.fr\/clg-michel-debre\/wp-json\/wp\/v2\/posts\/2905","targetHints":{"allow":["GET"]}}],"collection":[{"href":"https:\/\/etab.ac-reunion.fr\/clg-michel-debre\/wp-json\/wp\/v2\/posts"}],"about":[{"href":"https:\/\/etab.ac-reunion.fr\/clg-michel-debre\/wp-json\/wp\/v2\/types\/post"}],"author":[{"embeddable":true,"href":"https:\/\/etab.ac-reunion.fr\/clg-michel-debre\/wp-json\/wp\/v2\/users\/9826"}],"replies":[{"embeddable":true,"href":"https:\/\/etab.ac-reunion.fr\/clg-michel-debre\/wp-json\/wp\/v2\/comments?post=2905"}],"version-history":[{"count":1,"href":"https:\/\/etab.ac-reunion.fr\/clg-michel-debre\/wp-json\/wp\/v2\/posts\/2905\/revisions"}],"predecessor-version":[{"id":2906,"href":"https:\/\/etab.ac-reunion.fr\/clg-michel-debre\/wp-json\/wp\/v2\/posts\/2905\/revisions\/2906"}],"wp:attachment":[{"href":"https:\/\/etab.ac-reunion.fr\/clg-michel-debre\/wp-json\/wp\/v2\/media?parent=2905"}],"wp:term":[{"taxonomy":"category","embeddable":true,"href":"https:\/\/etab.ac-reunion.fr\/clg-michel-debre\/wp-json\/wp\/v2\/categories?post=2905"},{"taxonomy":"post_tag","embeddable":true,"href":"https:\/\/etab.ac-reunion.fr\/clg-michel-debre\/wp-json\/wp\/v2\/tags?post=2905"}],"curies":[{"name":"wp","href":"https:\/\/api.w.org\/{rel}","templated":true}]}}