{"id":2923,"date":"2025-07-16T09:23:54","date_gmt":"2025-07-16T05:23:54","guid":{"rendered":"https:\/\/etab.ac-reunion.fr\/clg-michel-debre\/?p=2923"},"modified":"2025-08-27T11:10:16","modified_gmt":"2025-08-27T07:10:16","slug":"rentree-scolaire-2025-2026","status":"publish","type":"post","link":"https:\/\/etab.ac-reunion.fr\/clg-michel-debre\/rentree-scolaire-2025-2026\/","title":{"rendered":"Rentr\u00e9e Scolaire 2025\/2026"},"content":{"rendered":"\n<p><strong>Lundi 18 ao\u00fbt 2025 : Journ\u00e9e de pr\u00e9-rentr\u00e9e des personnels<\/strong><br>     8h : Accueil des nouveaux personnels<br>     9h : D\u00e9but de la pl\u00e9ni\u00e8re, le programme de la journ\u00e9e y sera pr\u00e9sent\u00e9<br>     14h-16h : Groupes de travail sur l&rsquo;\u00e9valuation de l\u2019\u00e9tablissement<\/p>\n\n\n\n<p><strong>Mardi 19 ao\u00fbt 2025 : Rentr\u00e9e uniquement des \u00e9l\u00e8ves de 6\u00e8me<\/strong><br> 8h-12h : Prise en charge par les Professeurs principaux et distribution des manuels<br> 9h-10h30 : Accueil des parents d&rsquo;\u00e9l\u00e8ves de 6\u00e8me<sup> <\/sup>au r\u00e9fectoire<br> 13h15-16h45 : Cours selon emplois du temps pour les \u00e9l\u00e8ves de 6\u00e8me<br> Demi-pension et transport scolaire \u00e0 16h45 assur\u00e9s<\/p>\n\n\n\n<p><strong>Mercredi 20 ao\u00fbt 2025 : Rentr\u00e9e uniquement des \u00e9l\u00e8ves de 5\u00e8me, 4\u00e8me et 3\u00e8me<\/strong><br>8h-12h : Prise en charge par les Professeurs principaux et distribution des manuels<br>Pas de demi-pension, transport scolaire assur\u00e9 \u00e0 12h00<br>La demi-pension n&rsquo;est plus assur\u00e9e les mercredis.<\/p>\n\n\n\n<p><\/p>\n\n\n\n<p><strong>Jeudi 21 ao\u00fbt 2025<\/strong><br>D\u00e9but des cours selon les emplois du temps pour tous les \u00e9l\u00e8ves<\/p>\n\n\n\n<p class=\"has-text-align-right\">Le Principal<br>Jean-Fran\u00e7ois OGNARD<\/p>\n\n\n\n<p><br><\/p>\n","protected":false},"excerpt":{"rendered":"<p>Lundi 18 ao\u00fbt 2025 : Journ\u00e9e de pr\u00e9-rentr\u00e9e des personnels 8h : Accueil des nouveaux personnels 9h : D\u00e9but de la pl\u00e9ni\u00e8re, le programme de la journ\u00e9e y sera pr\u00e9sent\u00e9 14h-16h : Groupes de travail sur l&rsquo;\u00e9valuation de l\u2019\u00e9tablissement Mardi 19 ao\u00fbt 2025 : Rentr\u00e9e uniquement des \u00e9l\u00e8ves de 6\u00e8me 8h-12h : Prise en charge [&hellip;]<\/p>\n","protected":false},"author":1036,"featured_media":0,"comment_status":"closed","ping_status":"closed","sticky":false,"template":"","format":"standard","meta":{"footnotes":""},"categories":[8],"tags":[],"class_list":["post-2923","post","type-post","status-publish","format-standard","hentry","category-administration"],"_links":{"self":[{"href":"https:\/\/etab.ac-reunion.fr\/clg-michel-debre\/wp-json\/wp\/v2\/posts\/2923","targetHints":{"allow":["GET"]}}],"collection":[{"href":"https:\/\/etab.ac-reunion.fr\/clg-michel-debre\/wp-json\/wp\/v2\/posts"}],"about":[{"href":"https:\/\/etab.ac-reunion.fr\/clg-michel-debre\/wp-json\/wp\/v2\/types\/post"}],"author":[{"embeddable":true,"href":"https:\/\/etab.ac-reunion.fr\/clg-michel-debre\/wp-json\/wp\/v2\/users\/1036"}],"replies":[{"embeddable":true,"href":"https:\/\/etab.ac-reunion.fr\/clg-michel-debre\/wp-json\/wp\/v2\/comments?post=2923"}],"version-history":[{"count":9,"href":"https:\/\/etab.ac-reunion.fr\/clg-michel-debre\/wp-json\/wp\/v2\/posts\/2923\/revisions"}],"predecessor-version":[{"id":2942,"href":"https:\/\/etab.ac-reunion.fr\/clg-michel-debre\/wp-json\/wp\/v2\/posts\/2923\/revisions\/2942"}],"wp:attachment":[{"href":"https:\/\/etab.ac-reunion.fr\/clg-michel-debre\/wp-json\/wp\/v2\/media?parent=2923"}],"wp:term":[{"taxonomy":"category","embeddable":true,"href":"https:\/\/etab.ac-reunion.fr\/clg-michel-debre\/wp-json\/wp\/v2\/categories?post=2923"},{"taxonomy":"post_tag","embeddable":true,"href":"https:\/\/etab.ac-reunion.fr\/clg-michel-debre\/wp-json\/wp\/v2\/tags?post=2923"}],"curies":[{"name":"wp","href":"https:\/\/api.w.org\/{rel}","templated":true}]}}