{"id":3002,"date":"2025-10-09T11:34:05","date_gmt":"2025-10-09T07:34:05","guid":{"rendered":"https:\/\/etab.ac-reunion.fr\/clg-michel-debre\/?p=3002"},"modified":"2025-10-09T11:35:48","modified_gmt":"2025-10-09T07:35:48","slug":"reunion-parents-professeurs-n1","status":"publish","type":"post","link":"https:\/\/etab.ac-reunion.fr\/clg-michel-debre\/reunion-parents-professeurs-n1\/","title":{"rendered":"R\u00e9union Parents-Professeurs n\u00b01"},"content":{"rendered":"\n<p>La premi\u00e8re r\u00e9union Parents-Professeurs de l&rsquo;ann\u00e9e scolaire aura le <strong>mardi 28 octobre 2025 \u00e0 partir de 15h30<\/strong>.<br>Cette r\u00e9union sera l&rsquo;occasion pour les parents d&rsquo;\u00e9l\u00e8ves de 6\u00e8me, 5\u00e8me et 4\u00e8me de prendre connaissance des r\u00e9sultats de leurs enfants aux \u00e9valuations nationales de septembre.<\/p>\n","protected":false},"excerpt":{"rendered":"<p>La premi\u00e8re r\u00e9union Parents-Professeurs de l&rsquo;ann\u00e9e scolaire aura le mardi 28 octobre 2025 \u00e0 partir de 15h30.Cette r\u00e9union sera l&rsquo;occasion pour les parents d&rsquo;\u00e9l\u00e8ves de 6\u00e8me, 5\u00e8me et 4\u00e8me de prendre connaissance des r\u00e9sultats de leurs enfants aux \u00e9valuations nationales de septembre.<\/p>\n","protected":false},"author":1036,"featured_media":0,"comment_status":"closed","ping_status":"closed","sticky":false,"template":"","format":"standard","meta":{"footnotes":""},"categories":[8],"tags":[],"class_list":["post-3002","post","type-post","status-publish","format-standard","hentry","category-administration"],"_links":{"self":[{"href":"https:\/\/etab.ac-reunion.fr\/clg-michel-debre\/wp-json\/wp\/v2\/posts\/3002","targetHints":{"allow":["GET"]}}],"collection":[{"href":"https:\/\/etab.ac-reunion.fr\/clg-michel-debre\/wp-json\/wp\/v2\/posts"}],"about":[{"href":"https:\/\/etab.ac-reunion.fr\/clg-michel-debre\/wp-json\/wp\/v2\/types\/post"}],"author":[{"embeddable":true,"href":"https:\/\/etab.ac-reunion.fr\/clg-michel-debre\/wp-json\/wp\/v2\/users\/1036"}],"replies":[{"embeddable":true,"href":"https:\/\/etab.ac-reunion.fr\/clg-michel-debre\/wp-json\/wp\/v2\/comments?post=3002"}],"version-history":[{"count":2,"href":"https:\/\/etab.ac-reunion.fr\/clg-michel-debre\/wp-json\/wp\/v2\/posts\/3002\/revisions"}],"predecessor-version":[{"id":3004,"href":"https:\/\/etab.ac-reunion.fr\/clg-michel-debre\/wp-json\/wp\/v2\/posts\/3002\/revisions\/3004"}],"wp:attachment":[{"href":"https:\/\/etab.ac-reunion.fr\/clg-michel-debre\/wp-json\/wp\/v2\/media?parent=3002"}],"wp:term":[{"taxonomy":"category","embeddable":true,"href":"https:\/\/etab.ac-reunion.fr\/clg-michel-debre\/wp-json\/wp\/v2\/categories?post=3002"},{"taxonomy":"post_tag","embeddable":true,"href":"https:\/\/etab.ac-reunion.fr\/clg-michel-debre\/wp-json\/wp\/v2\/tags?post=3002"}],"curies":[{"name":"wp","href":"https:\/\/api.w.org\/{rel}","templated":true}]}}