{"id":3051,"date":"2025-11-07T09:03:42","date_gmt":"2025-11-07T05:03:42","guid":{"rendered":"https:\/\/etab.ac-reunion.fr\/clg-michel-debre\/?p=3051"},"modified":"2025-11-10T17:21:18","modified_gmt":"2025-11-10T13:21:18","slug":"evenements-cafe-des-parents","status":"publish","type":"post","link":"https:\/\/etab.ac-reunion.fr\/clg-michel-debre\/evenements-cafe-des-parents\/","title":{"rendered":"\u00c9v\u00e8nements &#8211; Caf\u00e9 des Parents"},"content":{"rendered":"\n<p>Veuillez trouver ci-apr\u00e8s les th\u00e8mes abord\u00e9s par le Caf\u00e9 des Parents pour les mois de Novembre et de d\u00e9cembre.<\/p>\n\n\n\n<!--more-->\n\n\n<a href=\"https:\/\/etab.ac-reunion.fr\/clg-michel-debre\/wp-content\/uploads\/sites\/64\/2025\/11\/Cafe-des-Parents-2.pdf\" class=\"pdfemb-viewer\" style=\"\" data-width=\"max\" data-height=\"max\" data-toolbar=\"bottom\" data-toolbar-fixed=\"off\">Cafe-des-Parents-2<\/a>","protected":false},"excerpt":{"rendered":"<p>Veuillez trouver ci-apr\u00e8s les th\u00e8mes abord\u00e9s par le Caf\u00e9 des Parents pour les mois de Novembre et de d\u00e9cembre.<\/p>\n","protected":false},"author":9826,"featured_media":0,"comment_status":"closed","ping_status":"closed","sticky":false,"template":"","format":"standard","meta":{"footnotes":""},"categories":[8,51],"tags":[],"class_list":["post-3051","post","type-post","status-publish","format-standard","hentry","category-administration","category-association-parent-eleve"],"_links":{"self":[{"href":"https:\/\/etab.ac-reunion.fr\/clg-michel-debre\/wp-json\/wp\/v2\/posts\/3051","targetHints":{"allow":["GET"]}}],"collection":[{"href":"https:\/\/etab.ac-reunion.fr\/clg-michel-debre\/wp-json\/wp\/v2\/posts"}],"about":[{"href":"https:\/\/etab.ac-reunion.fr\/clg-michel-debre\/wp-json\/wp\/v2\/types\/post"}],"author":[{"embeddable":true,"href":"https:\/\/etab.ac-reunion.fr\/clg-michel-debre\/wp-json\/wp\/v2\/users\/9826"}],"replies":[{"embeddable":true,"href":"https:\/\/etab.ac-reunion.fr\/clg-michel-debre\/wp-json\/wp\/v2\/comments?post=3051"}],"version-history":[{"count":5,"href":"https:\/\/etab.ac-reunion.fr\/clg-michel-debre\/wp-json\/wp\/v2\/posts\/3051\/revisions"}],"predecessor-version":[{"id":3059,"href":"https:\/\/etab.ac-reunion.fr\/clg-michel-debre\/wp-json\/wp\/v2\/posts\/3051\/revisions\/3059"}],"wp:attachment":[{"href":"https:\/\/etab.ac-reunion.fr\/clg-michel-debre\/wp-json\/wp\/v2\/media?parent=3051"}],"wp:term":[{"taxonomy":"category","embeddable":true,"href":"https:\/\/etab.ac-reunion.fr\/clg-michel-debre\/wp-json\/wp\/v2\/categories?post=3051"},{"taxonomy":"post_tag","embeddable":true,"href":"https:\/\/etab.ac-reunion.fr\/clg-michel-debre\/wp-json\/wp\/v2\/tags?post=3051"}],"curies":[{"name":"wp","href":"https:\/\/api.w.org\/{rel}","templated":true}]}}