{"id":3104,"date":"2026-03-17T23:16:39","date_gmt":"2026-03-17T19:16:39","guid":{"rendered":"https:\/\/etab.ac-reunion.fr\/clg-michel-debre\/?p=3104"},"modified":"2026-03-17T23:17:45","modified_gmt":"2026-03-17T19:17:45","slug":"matinee-banalisee-du-25-mars-2026","status":"publish","type":"post","link":"https:\/\/etab.ac-reunion.fr\/clg-michel-debre\/matinee-banalisee-du-25-mars-2026\/","title":{"rendered":"Matin\u00e9e Banalis\u00e9e du 25 Mars 2026"},"content":{"rendered":"\n<p>Les personnels du coll\u00e8ge se r\u00e9uniront le <strong>mercredi 25 mars 2026<\/strong> dans le cadre du dispositif <strong>\u00ab\u00a0Coll\u00e8ges en progr\u00e8s\u00a0\u00bb<\/strong>. Par cons\u00e9quent, <strong>les \u00e9l\u00e8ves n&rsquo;auront pas cours durant cette matin\u00e9e<\/strong>.<\/p>\n","protected":false},"excerpt":{"rendered":"<p>Les personnels du coll\u00e8ge se r\u00e9uniront le mercredi 25 mars 2026 dans le cadre du dispositif \u00ab\u00a0Coll\u00e8ges en progr\u00e8s\u00a0\u00bb. Par cons\u00e9quent, les \u00e9l\u00e8ves n&rsquo;auront pas cours durant cette matin\u00e9e.<\/p>\n","protected":false},"author":1036,"featured_media":0,"comment_status":"closed","ping_status":"closed","sticky":false,"template":"","format":"standard","meta":{"footnotes":""},"categories":[8],"tags":[92],"class_list":["post-3104","post","type-post","status-publish","format-standard","hentry","category-administration","tag-colleges-en-progres"],"_links":{"self":[{"href":"https:\/\/etab.ac-reunion.fr\/clg-michel-debre\/wp-json\/wp\/v2\/posts\/3104","targetHints":{"allow":["GET"]}}],"collection":[{"href":"https:\/\/etab.ac-reunion.fr\/clg-michel-debre\/wp-json\/wp\/v2\/posts"}],"about":[{"href":"https:\/\/etab.ac-reunion.fr\/clg-michel-debre\/wp-json\/wp\/v2\/types\/post"}],"author":[{"embeddable":true,"href":"https:\/\/etab.ac-reunion.fr\/clg-michel-debre\/wp-json\/wp\/v2\/users\/1036"}],"replies":[{"embeddable":true,"href":"https:\/\/etab.ac-reunion.fr\/clg-michel-debre\/wp-json\/wp\/v2\/comments?post=3104"}],"version-history":[{"count":1,"href":"https:\/\/etab.ac-reunion.fr\/clg-michel-debre\/wp-json\/wp\/v2\/posts\/3104\/revisions"}],"predecessor-version":[{"id":3105,"href":"https:\/\/etab.ac-reunion.fr\/clg-michel-debre\/wp-json\/wp\/v2\/posts\/3104\/revisions\/3105"}],"wp:attachment":[{"href":"https:\/\/etab.ac-reunion.fr\/clg-michel-debre\/wp-json\/wp\/v2\/media?parent=3104"}],"wp:term":[{"taxonomy":"category","embeddable":true,"href":"https:\/\/etab.ac-reunion.fr\/clg-michel-debre\/wp-json\/wp\/v2\/categories?post=3104"},{"taxonomy":"post_tag","embeddable":true,"href":"https:\/\/etab.ac-reunion.fr\/clg-michel-debre\/wp-json\/wp\/v2\/tags?post=3104"}],"curies":[{"name":"wp","href":"https:\/\/api.w.org\/{rel}","templated":true}]}}