{"id":3114,"date":"2026-04-21T14:38:14","date_gmt":"2026-04-21T10:38:14","guid":{"rendered":"https:\/\/etab.ac-reunion.fr\/clg-michel-debre\/?p=3114"},"modified":"2026-04-21T14:38:40","modified_gmt":"2026-04-21T10:38:40","slug":"matinee-banalisee-du-22-avril-2026","status":"publish","type":"post","link":"https:\/\/etab.ac-reunion.fr\/clg-michel-debre\/matinee-banalisee-du-22-avril-2026\/","title":{"rendered":"Matin\u00e9e Banalis\u00e9e du 22 Avril 2026"},"content":{"rendered":"\n<p>Les personnels du coll\u00e8ge se r\u00e9uniront le <strong>mercredi 22 avril 2026<\/strong> dans le cadre du dispositif <strong>\u00ab\u00a0Coll\u00e8ges en progr\u00e8s\u00a0\u00bb<\/strong>. Par cons\u00e9quent, <strong>les \u00e9l\u00e8ves n&rsquo;auront pas cours durant cette matin\u00e9e<\/strong>.<\/p>\n","protected":false},"excerpt":{"rendered":"<p>Les personnels du coll\u00e8ge se r\u00e9uniront le mercredi 22 avril 2026 dans le cadre du dispositif \u00ab\u00a0Coll\u00e8ges en progr\u00e8s\u00a0\u00bb. Par cons\u00e9quent, les \u00e9l\u00e8ves n&rsquo;auront pas cours durant cette matin\u00e9e.<\/p>\n","protected":false},"author":1036,"featured_media":0,"comment_status":"closed","ping_status":"closed","sticky":false,"template":"","format":"standard","meta":{"footnotes":""},"categories":[8],"tags":[92],"class_list":["post-3114","post","type-post","status-publish","format-standard","hentry","category-administration","tag-colleges-en-progres"],"_links":{"self":[{"href":"https:\/\/etab.ac-reunion.fr\/clg-michel-debre\/wp-json\/wp\/v2\/posts\/3114","targetHints":{"allow":["GET"]}}],"collection":[{"href":"https:\/\/etab.ac-reunion.fr\/clg-michel-debre\/wp-json\/wp\/v2\/posts"}],"about":[{"href":"https:\/\/etab.ac-reunion.fr\/clg-michel-debre\/wp-json\/wp\/v2\/types\/post"}],"author":[{"embeddable":true,"href":"https:\/\/etab.ac-reunion.fr\/clg-michel-debre\/wp-json\/wp\/v2\/users\/1036"}],"replies":[{"embeddable":true,"href":"https:\/\/etab.ac-reunion.fr\/clg-michel-debre\/wp-json\/wp\/v2\/comments?post=3114"}],"version-history":[{"count":1,"href":"https:\/\/etab.ac-reunion.fr\/clg-michel-debre\/wp-json\/wp\/v2\/posts\/3114\/revisions"}],"predecessor-version":[{"id":3115,"href":"https:\/\/etab.ac-reunion.fr\/clg-michel-debre\/wp-json\/wp\/v2\/posts\/3114\/revisions\/3115"}],"wp:attachment":[{"href":"https:\/\/etab.ac-reunion.fr\/clg-michel-debre\/wp-json\/wp\/v2\/media?parent=3114"}],"wp:term":[{"taxonomy":"category","embeddable":true,"href":"https:\/\/etab.ac-reunion.fr\/clg-michel-debre\/wp-json\/wp\/v2\/categories?post=3114"},{"taxonomy":"post_tag","embeddable":true,"href":"https:\/\/etab.ac-reunion.fr\/clg-michel-debre\/wp-json\/wp\/v2\/tags?post=3114"}],"curies":[{"name":"wp","href":"https:\/\/api.w.org\/{rel}","templated":true}]}}