{"id":679,"date":"2015-09-24T14:33:38","date_gmt":"2015-09-24T10:33:38","guid":{"rendered":"http:\/\/college-mdebre.ac-reunion.fr\/?p=679"},"modified":"2015-09-24T14:33:38","modified_gmt":"2015-09-24T10:33:38","slug":"a-s-aerobic-championnat-academique","status":"publish","type":"post","link":"https:\/\/etab.ac-reunion.fr\/clg-michel-debre\/a-s-aerobic-championnat-academique\/","title":{"rendered":"A.S. A\u00e9robic &#8211; Championnat Acad\u00e9mique"},"content":{"rendered":"<p>Le mercredi 22 avril a eu lieu le championnat d\u2019acad\u00e9mie d\u2019a\u00e9robic au gymnase de Plateau Caillou. Nos deux \u00e9quipes \u00e9taient qualifi\u00e9es.<\/p>\n","protected":false},"excerpt":{"rendered":"<p>Le mercredi 22 avril a eu lieu le championnat d\u2019acad\u00e9mie d\u2019a\u00e9robic au gymnase de Plateau Caillou. Nos deux \u00e9quipes \u00e9taient qualifi\u00e9es.<\/p>\n","protected":false},"author":1036,"featured_media":0,"comment_status":"closed","ping_status":"closed","sticky":false,"template":"","format":"standard","meta":{"footnotes":""},"categories":[15],"tags":[],"class_list":["post-679","post","type-post","status-publish","format-standard","hentry","category-association-sportive"],"_links":{"self":[{"href":"https:\/\/etab.ac-reunion.fr\/clg-michel-debre\/wp-json\/wp\/v2\/posts\/679","targetHints":{"allow":["GET"]}}],"collection":[{"href":"https:\/\/etab.ac-reunion.fr\/clg-michel-debre\/wp-json\/wp\/v2\/posts"}],"about":[{"href":"https:\/\/etab.ac-reunion.fr\/clg-michel-debre\/wp-json\/wp\/v2\/types\/post"}],"author":[{"embeddable":true,"href":"https:\/\/etab.ac-reunion.fr\/clg-michel-debre\/wp-json\/wp\/v2\/users\/1036"}],"replies":[{"embeddable":true,"href":"https:\/\/etab.ac-reunion.fr\/clg-michel-debre\/wp-json\/wp\/v2\/comments?post=679"}],"version-history":[{"count":2,"href":"https:\/\/etab.ac-reunion.fr\/clg-michel-debre\/wp-json\/wp\/v2\/posts\/679\/revisions"}],"predecessor-version":[{"id":756,"href":"https:\/\/etab.ac-reunion.fr\/clg-michel-debre\/wp-json\/wp\/v2\/posts\/679\/revisions\/756"}],"wp:attachment":[{"href":"https:\/\/etab.ac-reunion.fr\/clg-michel-debre\/wp-json\/wp\/v2\/media?parent=679"}],"wp:term":[{"taxonomy":"category","embeddable":true,"href":"https:\/\/etab.ac-reunion.fr\/clg-michel-debre\/wp-json\/wp\/v2\/categories?post=679"},{"taxonomy":"post_tag","embeddable":true,"href":"https:\/\/etab.ac-reunion.fr\/clg-michel-debre\/wp-json\/wp\/v2\/tags?post=679"}],"curies":[{"name":"wp","href":"https:\/\/api.w.org\/{rel}","templated":true}]}}