{"id":682,"date":"2015-06-22T12:32:56","date_gmt":"2015-06-22T08:32:56","guid":{"rendered":"http:\/\/college-mdebre.ac-reunion.fr\/?p=682"},"modified":"2015-06-22T13:59:06","modified_gmt":"2015-06-22T09:59:06","slug":"championnat-de-france-athletisme-2015","status":"publish","type":"post","link":"https:\/\/etab.ac-reunion.fr\/clg-michel-debre\/championnat-de-france-athletisme-2015\/","title":{"rendered":"Championnats de France Athl\u00e9tisme 2015"},"content":{"rendered":"<p>Bonjour, avec un peu de retard, l&rsquo;AS Athl\u00e9tisme du coll\u00e8ge Michel Debr\u00e9 est fi\u00e8re de vous pr\u00e9senter le film des championnats de France d&rsquo;athl\u00e9tisme en esp\u00e9rant que vous l&rsquo;appr\u00e9cierez.<\/p>\n<p><!--more--><\/p>\n<p>Les \u00e9l\u00e8ves ont r\u00e9alis\u00e9 de grandes performances, mais malheureusement n&rsquo;ont pas pu monter sur le podium cette ann\u00e9e. Mais nous reviendrons plus forts l&rsquo;ann\u00e9e prochaine.<\/p>\n<p>Nous battons le record de la R\u00e9union au 8X200 m\u00e8tres dans un temps de 3&rsquo;37 et 26 centi\u00e8mes et faisons le 4\u00e8me temps national, de plus en \u00e9quipe excellence gar\u00e7ons nous terminons \u00e0 la 5\u00e8me place avec 330 points \u00e0 1 point de la 4\u00e8me place et 6 points de la 2\u00e8me place. Cela se joue \u00e0 peu de choses, la d\u00e9ception pass\u00e9e, les \u00e9l\u00e8ves ont pris conscience de leurs performances et cela a att\u00e9nu\u00e9 leurs peines.<\/p>\n<p>Ils sont encore plus motiv\u00e9s et sont pr\u00eats \u00e0 faire les efforts colossaux qui les attendent pour r\u00e9ussir \u00e0 glaner des m\u00e9dailles pour l&rsquo;ann\u00e9e prochaine.<\/p>\n<p>Nous remercions Mesdames Rigoland et Beurier pour leur soutien et leur aide constante dans le bon d\u00e9roulement de ce championnat. Et un grand bravo \u00e0 Lorenza, Laurie-Anne, Aaron, Noah, Gwendoline, Cyrielle, Ludovic, Boris, Nicolas, Keny, Fabrizio et Txomin nos athl\u00e8tes de cette ann\u00e9e scolaire 2014-2015.<\/p>\n<p>Bon film et \u00e0 bient\u00f4t pour de nouvelles aventures.<\/p>\n<p>Pour l&rsquo;AS Athl\u00e9tisme, Olivier Nourry.<\/p>\n<p><iframe loading=\"lazy\" title=\"CDF 2015 hd\" width=\"500\" height=\"281\" src=\"https:\/\/www.youtube.com\/embed\/k4qOtKPIxX0?feature=oembed\" frameborder=\"0\" allow=\"accelerometer; autoplay; clipboard-write; encrypted-media; gyroscope; picture-in-picture; web-share\" referrerpolicy=\"strict-origin-when-cross-origin\" allowfullscreen><\/iframe><\/p>\n","protected":false},"excerpt":{"rendered":"<p>Bonjour, avec un peu de retard, l&rsquo;AS Athl\u00e9tisme du coll\u00e8ge Michel Debr\u00e9 est fi\u00e8re de vous pr\u00e9senter le film des championnats de France d&rsquo;athl\u00e9tisme en esp\u00e9rant que vous l&rsquo;appr\u00e9cierez.<\/p>\n","protected":false},"author":6719,"featured_media":0,"comment_status":"closed","ping_status":"closed","sticky":false,"template":"","format":"standard","meta":{"footnotes":""},"categories":[15],"tags":[],"class_list":["post-682","post","type-post","status-publish","format-standard","hentry","category-association-sportive"],"_links":{"self":[{"href":"https:\/\/etab.ac-reunion.fr\/clg-michel-debre\/wp-json\/wp\/v2\/posts\/682","targetHints":{"allow":["GET"]}}],"collection":[{"href":"https:\/\/etab.ac-reunion.fr\/clg-michel-debre\/wp-json\/wp\/v2\/posts"}],"about":[{"href":"https:\/\/etab.ac-reunion.fr\/clg-michel-debre\/wp-json\/wp\/v2\/types\/post"}],"author":[{"embeddable":true,"href":"https:\/\/etab.ac-reunion.fr\/clg-michel-debre\/wp-json\/wp\/v2\/users\/6719"}],"replies":[{"embeddable":true,"href":"https:\/\/etab.ac-reunion.fr\/clg-michel-debre\/wp-json\/wp\/v2\/comments?post=682"}],"version-history":[{"count":14,"href":"https:\/\/etab.ac-reunion.fr\/clg-michel-debre\/wp-json\/wp\/v2\/posts\/682\/revisions"}],"predecessor-version":[{"id":698,"href":"https:\/\/etab.ac-reunion.fr\/clg-michel-debre\/wp-json\/wp\/v2\/posts\/682\/revisions\/698"}],"wp:attachment":[{"href":"https:\/\/etab.ac-reunion.fr\/clg-michel-debre\/wp-json\/wp\/v2\/media?parent=682"}],"wp:term":[{"taxonomy":"category","embeddable":true,"href":"https:\/\/etab.ac-reunion.fr\/clg-michel-debre\/wp-json\/wp\/v2\/categories?post=682"},{"taxonomy":"post_tag","embeddable":true,"href":"https:\/\/etab.ac-reunion.fr\/clg-michel-debre\/wp-json\/wp\/v2\/tags?post=682"}],"curies":[{"name":"wp","href":"https:\/\/api.w.org\/{rel}","templated":true}]}}