{"id":732,"date":"2015-09-07T11:35:47","date_gmt":"2015-09-07T07:35:47","guid":{"rendered":"http:\/\/college-mdebre.ac-reunion.fr\/?p=732"},"modified":"2015-09-11T09:36:56","modified_gmt":"2015-09-11T05:36:56","slug":"reprise-des-entrainements-de-las-athletisme","status":"publish","type":"post","link":"https:\/\/etab.ac-reunion.fr\/clg-michel-debre\/reprise-des-entrainements-de-las-athletisme\/","title":{"rendered":"Reprise des Entrainements de l&rsquo;AS Athl\u00e9tisme"},"content":{"rendered":"<p>Bonjour, l&rsquo;AS athl\u00e9tisme a repris ses entrainements hebdomadaires.<\/p>\n<p>Ceux-ci se d\u00e9roulent les mercredis apr\u00e8s midi de 13H00 \u00e0 15H00 sur la piste d&rsquo;athl\u00e9tisme de la Plaine des Cafres.<\/p>\n<p><!--more--><\/p>\n<p>&nbsp;<\/p>\n","protected":false},"excerpt":{"rendered":"<p>Bonjour, l&rsquo;AS athl\u00e9tisme a repris ses entrainements hebdomadaires. Ceux-ci se d\u00e9roulent les mercredis apr\u00e8s midi de 13H00 \u00e0 15H00 sur la piste d&rsquo;athl\u00e9tisme de la Plaine des Cafres.<\/p>\n","protected":false},"author":6719,"featured_media":0,"comment_status":"closed","ping_status":"closed","sticky":false,"template":"","format":"standard","meta":{"footnotes":""},"categories":[15],"tags":[],"class_list":["post-732","post","type-post","status-publish","format-standard","hentry","category-association-sportive"],"_links":{"self":[{"href":"https:\/\/etab.ac-reunion.fr\/clg-michel-debre\/wp-json\/wp\/v2\/posts\/732","targetHints":{"allow":["GET"]}}],"collection":[{"href":"https:\/\/etab.ac-reunion.fr\/clg-michel-debre\/wp-json\/wp\/v2\/posts"}],"about":[{"href":"https:\/\/etab.ac-reunion.fr\/clg-michel-debre\/wp-json\/wp\/v2\/types\/post"}],"author":[{"embeddable":true,"href":"https:\/\/etab.ac-reunion.fr\/clg-michel-debre\/wp-json\/wp\/v2\/users\/6719"}],"replies":[{"embeddable":true,"href":"https:\/\/etab.ac-reunion.fr\/clg-michel-debre\/wp-json\/wp\/v2\/comments?post=732"}],"version-history":[{"count":7,"href":"https:\/\/etab.ac-reunion.fr\/clg-michel-debre\/wp-json\/wp\/v2\/posts\/732\/revisions"}],"predecessor-version":[{"id":755,"href":"https:\/\/etab.ac-reunion.fr\/clg-michel-debre\/wp-json\/wp\/v2\/posts\/732\/revisions\/755"}],"wp:attachment":[{"href":"https:\/\/etab.ac-reunion.fr\/clg-michel-debre\/wp-json\/wp\/v2\/media?parent=732"}],"wp:term":[{"taxonomy":"category","embeddable":true,"href":"https:\/\/etab.ac-reunion.fr\/clg-michel-debre\/wp-json\/wp\/v2\/categories?post=732"},{"taxonomy":"post_tag","embeddable":true,"href":"https:\/\/etab.ac-reunion.fr\/clg-michel-debre\/wp-json\/wp\/v2\/tags?post=732"}],"curies":[{"name":"wp","href":"https:\/\/api.w.org\/{rel}","templated":true}]}}