{"id":767,"date":"2015-10-27T22:04:41","date_gmt":"2015-10-27T18:04:41","guid":{"rendered":"http:\/\/college-mdebre.ac-reunion.fr\/?p=767"},"modified":"2015-10-27T22:05:51","modified_gmt":"2015-10-27T18:05:51","slug":"premiere-journee-as-athletisme-30092015","status":"publish","type":"post","link":"https:\/\/etab.ac-reunion.fr\/clg-michel-debre\/premiere-journee-as-athletisme-30092015\/","title":{"rendered":"Premi\u00e8re Journ\u00e9e AS Athl\u00e9tisme &#8211; 30\/09\/2015."},"content":{"rendered":"<p>Bonjour, la premi\u00e8re journ\u00e9e de l&rsquo;AS athl\u00e9tisme s&rsquo;est d\u00e9roul\u00e9e sur le stade de bois-d&rsquo;olive ce mercredi.<\/p>\n<p><!--more--><\/p>\n<p>Seuls 2 coll\u00e8ges \u00e9taient repr\u00e9sent\u00e9s, Adam De villiers et nous m\u00eame. Nous avons tout gagn\u00e9, mais pour la prochaine comp\u00e9tition, le coll\u00e8ge de la Ravine des Cabris sera pr\u00e9sent. La concurrence sera plus forte et nous verrons notre vrai niveau. Les r\u00e9sultats sont enregistr\u00e9s par cat\u00e9gories.<\/p>\n<p>Bonne lecture et \u00e0 bient\u00f4t.<\/p>\n<p>Et voil\u00e0 le film de cette comp\u00e9tition.<\/p>\n<p><script>document.addEventListener('DOMContentLoaded', function() {(tarteaucitron.job = tarteaucitron.job || []).push('youtube');});<\/script><\/p>\n<div class=\"youtube_player\" videoID=\"jZ97S0FgQS4\" width=\"100%\" height=\"100%\" style=\"height:50vw\" theme=\"light\" rel=\"0\" controls=\"1\" showinfo=\"1\" autoplay=\"0\"><\/div>\n<p>Pour l&rsquo;AS Athl\u00e9tisme, Olivier Nourry.<\/p>\n<p><a href=\"https:\/\/etab.ac-reunion.fr\/clg-michel-debre\/wp-content\/uploads\/sites\/64\/2015\/10\/RECUEIL-RESULTATS-2015.xlsx\">RECUEIL RESULTATS 2015<\/a><\/p>\n","protected":false},"excerpt":{"rendered":"<p>Bonjour, la premi\u00e8re journ\u00e9e de l&rsquo;AS athl\u00e9tisme s&rsquo;est d\u00e9roul\u00e9e sur le stade de bois-d&rsquo;olive ce mercredi.<\/p>\n","protected":false},"author":6719,"featured_media":0,"comment_status":"closed","ping_status":"closed","sticky":false,"template":"","format":"standard","meta":{"footnotes":""},"categories":[15],"tags":[],"class_list":["post-767","post","type-post","status-publish","format-standard","hentry","category-association-sportive"],"_links":{"self":[{"href":"https:\/\/etab.ac-reunion.fr\/clg-michel-debre\/wp-json\/wp\/v2\/posts\/767","targetHints":{"allow":["GET"]}}],"collection":[{"href":"https:\/\/etab.ac-reunion.fr\/clg-michel-debre\/wp-json\/wp\/v2\/posts"}],"about":[{"href":"https:\/\/etab.ac-reunion.fr\/clg-michel-debre\/wp-json\/wp\/v2\/types\/post"}],"author":[{"embeddable":true,"href":"https:\/\/etab.ac-reunion.fr\/clg-michel-debre\/wp-json\/wp\/v2\/users\/6719"}],"replies":[{"embeddable":true,"href":"https:\/\/etab.ac-reunion.fr\/clg-michel-debre\/wp-json\/wp\/v2\/comments?post=767"}],"version-history":[{"count":7,"href":"https:\/\/etab.ac-reunion.fr\/clg-michel-debre\/wp-json\/wp\/v2\/posts\/767\/revisions"}],"predecessor-version":[{"id":799,"href":"https:\/\/etab.ac-reunion.fr\/clg-michel-debre\/wp-json\/wp\/v2\/posts\/767\/revisions\/799"}],"wp:attachment":[{"href":"https:\/\/etab.ac-reunion.fr\/clg-michel-debre\/wp-json\/wp\/v2\/media?parent=767"}],"wp:term":[{"taxonomy":"category","embeddable":true,"href":"https:\/\/etab.ac-reunion.fr\/clg-michel-debre\/wp-json\/wp\/v2\/categories?post=767"},{"taxonomy":"post_tag","embeddable":true,"href":"https:\/\/etab.ac-reunion.fr\/clg-michel-debre\/wp-json\/wp\/v2\/tags?post=767"}],"curies":[{"name":"wp","href":"https:\/\/api.w.org\/{rel}","templated":true}]}}