{"id":782,"date":"2015-10-09T08:13:55","date_gmt":"2015-10-09T04:13:55","guid":{"rendered":"http:\/\/college-mdebre.ac-reunion.fr\/?p=782"},"modified":"2015-10-09T08:13:55","modified_gmt":"2015-10-09T04:13:55","slug":"cross-district-07-octobre-2015","status":"publish","type":"post","link":"https:\/\/etab.ac-reunion.fr\/clg-michel-debre\/cross-district-07-octobre-2015\/","title":{"rendered":"Cross District &#8211; 07 Octobre 2015"},"content":{"rendered":"<p>Bonsoir, le cross du district s&rsquo;est termin\u00e9 cet apr\u00e8s-midi et l&rsquo;association sportive est tr\u00e8s fi\u00e8re de ses \u00e9l\u00e8ves.<\/p>\n<p><!--more--><\/p>\n<p>En effet nous ramenons la bagatelle de 6 m\u00e9dailles, 4 en individuel (une en or en benjamin, Aaron Razafison 5\u00e8me D, une en argent en minimes filles, M\u00e9tro Annecy 5\u00e8me D, deux en minimes gar\u00e7ons, argent et bronze, Lebon Vincent 3\u00e8me K et Chapelin Jonathan 4\u00e8me G), 2 en \u00e9quipe (2 en or: minimes filles, M\u00e9tro Annecy, Touravan-Payet Dani\u00e9la, Tann\u00e9 Camille, Diganamasso Rachel, Piron A\u00efcha et Madi Na\u00efla, et minimes gar\u00e7ons, Lebon Vincent, Chapelin Jonathan, Souma\u00efla Moussa, Savigny Samuel, Mouelle Moungala Isma\u00ebl et Leblond Arthur).<\/p>\n<p>Ces r\u00e9sultats exceptionnels montrent les efforts intenses fournis par l&rsquo;ensemble des \u00e9l\u00e8ves. Nous pouvons tous \u00eatre fiers d&rsquo;eux et tenons \u00e0 les f\u00e9liciter vivement.<\/p>\n<p>Cela nous donne aussi de grands espoirs pour les championnats de la R\u00e9union \u00e0 venir o\u00f9 nous esp\u00e9rons briller pour les couleurs du coll\u00e8ge Michel Debr\u00e9.<\/p>\n<p>Nous vous proposons un petit film retra\u00e7ant l&rsquo;\u00e9pop\u00e9e.<\/p>\n<p><script>document.addEventListener('DOMContentLoaded', function() {(tarteaucitron.job = tarteaucitron.job || []).push('youtube');});<\/script><\/p>\n<div class=\"youtube_player\" videoID=\"pMfDnzcwbJs\" width=\"100%\" height=\"100%\" style=\"height:50vw\" theme=\"light\" rel=\"0\" controls=\"1\" showinfo=\"1\" autoplay=\"0\"><\/div>\n<p>Mr Nourry EPS.<\/p>\n","protected":false},"excerpt":{"rendered":"<p>Bonsoir, le cross du district s&rsquo;est termin\u00e9 cet apr\u00e8s-midi et l&rsquo;association sportive est tr\u00e8s fi\u00e8re de ses \u00e9l\u00e8ves.<\/p>\n","protected":false},"author":6719,"featured_media":0,"comment_status":"closed","ping_status":"closed","sticky":false,"template":"","format":"standard","meta":{"footnotes":""},"categories":[15],"tags":[],"class_list":["post-782","post","type-post","status-publish","format-standard","hentry","category-association-sportive"],"_links":{"self":[{"href":"https:\/\/etab.ac-reunion.fr\/clg-michel-debre\/wp-json\/wp\/v2\/posts\/782","targetHints":{"allow":["GET"]}}],"collection":[{"href":"https:\/\/etab.ac-reunion.fr\/clg-michel-debre\/wp-json\/wp\/v2\/posts"}],"about":[{"href":"https:\/\/etab.ac-reunion.fr\/clg-michel-debre\/wp-json\/wp\/v2\/types\/post"}],"author":[{"embeddable":true,"href":"https:\/\/etab.ac-reunion.fr\/clg-michel-debre\/wp-json\/wp\/v2\/users\/6719"}],"replies":[{"embeddable":true,"href":"https:\/\/etab.ac-reunion.fr\/clg-michel-debre\/wp-json\/wp\/v2\/comments?post=782"}],"version-history":[{"count":5,"href":"https:\/\/etab.ac-reunion.fr\/clg-michel-debre\/wp-json\/wp\/v2\/posts\/782\/revisions"}],"predecessor-version":[{"id":787,"href":"https:\/\/etab.ac-reunion.fr\/clg-michel-debre\/wp-json\/wp\/v2\/posts\/782\/revisions\/787"}],"wp:attachment":[{"href":"https:\/\/etab.ac-reunion.fr\/clg-michel-debre\/wp-json\/wp\/v2\/media?parent=782"}],"wp:term":[{"taxonomy":"category","embeddable":true,"href":"https:\/\/etab.ac-reunion.fr\/clg-michel-debre\/wp-json\/wp\/v2\/categories?post=782"},{"taxonomy":"post_tag","embeddable":true,"href":"https:\/\/etab.ac-reunion.fr\/clg-michel-debre\/wp-json\/wp\/v2\/tags?post=782"}],"curies":[{"name":"wp","href":"https:\/\/api.w.org\/{rel}","templated":true}]}}