{"id":852,"date":"2015-12-14T21:21:30","date_gmt":"2015-12-14T17:21:30","guid":{"rendered":"http:\/\/college-mdebre.ac-reunion.fr\/?p=852"},"modified":"2015-12-14T21:26:57","modified_gmt":"2015-12-14T17:26:57","slug":"cross-academique-plaine-des-palmistes","status":"publish","type":"post","link":"https:\/\/etab.ac-reunion.fr\/clg-michel-debre\/cross-academique-plaine-des-palmistes\/","title":{"rendered":"Cross Acad\u00e9mique Plaine Des Palmistes"},"content":{"rendered":"<p>Bonjour, l&rsquo;AS Athl\u00e9tisme du coll\u00e8ge est fi\u00e8re de vous faire partager les r\u00e9sultats exceptionnels du cross acad\u00e9mique de ce mercredi 9 D\u00e9cembre 2015.<\/p>\n<p><!--more--><\/p>\n<p>En effet, les \u00e9l\u00e8ves ont remport\u00e9 4 titres de champion de la R\u00e9union, 3 par \u00e9quipe (Benjamins, Minimes filles et gar\u00e7ons) et une en individuel (M\u00e9tro Annecy en minimes filles). De plus un \u00e9l\u00e8ve (Razafison Aaron) a \u00e9t\u00e9 class\u00e9 vice-champion de la R\u00e9union en benjamins.<\/p>\n<p>Ces r\u00e9sultats sont incroyables et montrent l&rsquo;investissement de vos enfants dans le cadre de l&rsquo;AS Athl\u00e9tisme.<\/p>\n<p>Merci \u00e0 :Razafison Aaron, Morel Noah, B\u00e9gue Yoann, Carabin S\u00e9bastien, Latchimy Dany, Mila Griffiths, l&rsquo;\u00e9quipe benjamins gar\u00e7ons,<\/p>\n<p>M\u00e9tro Annecy, Touravan-Payet Dani\u00e9la, Piron A\u00efcha, Diganamasso Rachel, Tann\u00e9 Camille, Madi Na\u00efla, l&rsquo;\u00e9quipe Minimes filles,<\/p>\n<p>Lebon Vincent, Chapelin Jonathan, Savigny Samuel, Moussa Souma\u00efla, M&rsquo;Tima Donovan et Mouelle-Moungala Isma\u00ebl, l&rsquo;\u00e9quipe minimes gar\u00e7ons pour cette grande joie.<\/p>\n<p>Vivement l&rsquo;ann\u00e9e prochaine pour des r\u00e9sultats qui nous l&rsquo;esp\u00e9rons seront au moins \u00e9quivalents, voire m\u00eame sup\u00e9rieurs.<\/p>\n<p>Pour l&rsquo;AS Athl\u00e9tisme O. Nourry professeur EPS.<\/p>\n<p>Voil\u00e0 un petit film retra\u00e7ant cet exploit.<\/p>\n<p><iframe loading=\"lazy\" title=\"Cross acad 2015 CMD\" width=\"500\" height=\"281\" src=\"https:\/\/www.youtube.com\/embed\/Q2kj4ZlM8fI?feature=oembed\" frameborder=\"0\" allow=\"accelerometer; autoplay; clipboard-write; encrypted-media; gyroscope; picture-in-picture; web-share\" referrerpolicy=\"strict-origin-when-cross-origin\" allowfullscreen><\/iframe><\/p>\n","protected":false},"excerpt":{"rendered":"<p>Bonjour, l&rsquo;AS Athl\u00e9tisme du coll\u00e8ge est fi\u00e8re de vous faire partager les r\u00e9sultats exceptionnels du cross acad\u00e9mique de ce mercredi 9 D\u00e9cembre 2015.<\/p>\n","protected":false},"author":6719,"featured_media":0,"comment_status":"closed","ping_status":"closed","sticky":false,"template":"","format":"standard","meta":{"footnotes":""},"categories":[15],"tags":[],"class_list":["post-852","post","type-post","status-publish","format-standard","hentry","category-association-sportive"],"_links":{"self":[{"href":"https:\/\/etab.ac-reunion.fr\/clg-michel-debre\/wp-json\/wp\/v2\/posts\/852","targetHints":{"allow":["GET"]}}],"collection":[{"href":"https:\/\/etab.ac-reunion.fr\/clg-michel-debre\/wp-json\/wp\/v2\/posts"}],"about":[{"href":"https:\/\/etab.ac-reunion.fr\/clg-michel-debre\/wp-json\/wp\/v2\/types\/post"}],"author":[{"embeddable":true,"href":"https:\/\/etab.ac-reunion.fr\/clg-michel-debre\/wp-json\/wp\/v2\/users\/6719"}],"replies":[{"embeddable":true,"href":"https:\/\/etab.ac-reunion.fr\/clg-michel-debre\/wp-json\/wp\/v2\/comments?post=852"}],"version-history":[{"count":5,"href":"https:\/\/etab.ac-reunion.fr\/clg-michel-debre\/wp-json\/wp\/v2\/posts\/852\/revisions"}],"predecessor-version":[{"id":861,"href":"https:\/\/etab.ac-reunion.fr\/clg-michel-debre\/wp-json\/wp\/v2\/posts\/852\/revisions\/861"}],"wp:attachment":[{"href":"https:\/\/etab.ac-reunion.fr\/clg-michel-debre\/wp-json\/wp\/v2\/media?parent=852"}],"wp:term":[{"taxonomy":"category","embeddable":true,"href":"https:\/\/etab.ac-reunion.fr\/clg-michel-debre\/wp-json\/wp\/v2\/categories?post=852"},{"taxonomy":"post_tag","embeddable":true,"href":"https:\/\/etab.ac-reunion.fr\/clg-michel-debre\/wp-json\/wp\/v2\/tags?post=852"}],"curies":[{"name":"wp","href":"https:\/\/api.w.org\/{rel}","templated":true}]}}