{"id":917,"date":"2016-04-26T00:48:16","date_gmt":"2016-04-25T20:48:16","guid":{"rendered":"http:\/\/college-mdebre.ac-reunion.fr\/?p=917"},"modified":"2016-04-26T00:52:48","modified_gmt":"2016-04-25T20:52:48","slug":"raid-academique-unss-2016","status":"publish","type":"post","link":"https:\/\/etab.ac-reunion.fr\/clg-michel-debre\/raid-academique-unss-2016\/","title":{"rendered":"Raid Acad\u00e9mique UNSS 2016"},"content":{"rendered":"<p>Le Raid Acad\u00e9mique UNSS 2016 s&rsquo;est tenu sur 2 jours les 19 et 20 Avril 2016. Le coll\u00e8ge <strong>Michel Debr\u00e9 a engag\u00e9 3 \u00e9quipes mixtes<\/strong> ainsi qu&rsquo;une jeune officielle soit un total de <strong>13 \u00e9l\u00e8ves<\/strong>.<\/p>\n<p>Au programme\u00a0 : VTT, course d&rsquo;orientation, Bike and Run, Tir \u00e0 l&rsquo;arc, sarbacane, course \u00e0 pied et course d&rsquo;orientation de nuit.<\/p>\n","protected":false},"excerpt":{"rendered":"<p>Le Raid Acad\u00e9mique UNSS 2016 s&rsquo;est tenu sur 2 jours les 19 et 20 Avril 2016. Le coll\u00e8ge Michel Debr\u00e9 a engag\u00e9 3 \u00e9quipes mixtes ainsi qu&rsquo;une jeune officielle soit un total de 13 \u00e9l\u00e8ves. Au programme\u00a0 : VTT, course d&rsquo;orientation, Bike and Run, Tir \u00e0 l&rsquo;arc, sarbacane, course \u00e0 pied et course d&rsquo;orientation de [&hellip;]<\/p>\n","protected":false},"author":8474,"featured_media":939,"comment_status":"closed","ping_status":"closed","sticky":false,"template":"","format":"standard","meta":{"footnotes":""},"categories":[15],"tags":[],"class_list":["post-917","post","type-post","status-publish","format-standard","has-post-thumbnail","hentry","category-association-sportive"],"_links":{"self":[{"href":"https:\/\/etab.ac-reunion.fr\/clg-michel-debre\/wp-json\/wp\/v2\/posts\/917","targetHints":{"allow":["GET"]}}],"collection":[{"href":"https:\/\/etab.ac-reunion.fr\/clg-michel-debre\/wp-json\/wp\/v2\/posts"}],"about":[{"href":"https:\/\/etab.ac-reunion.fr\/clg-michel-debre\/wp-json\/wp\/v2\/types\/post"}],"author":[{"embeddable":true,"href":"https:\/\/etab.ac-reunion.fr\/clg-michel-debre\/wp-json\/wp\/v2\/users\/8474"}],"replies":[{"embeddable":true,"href":"https:\/\/etab.ac-reunion.fr\/clg-michel-debre\/wp-json\/wp\/v2\/comments?post=917"}],"version-history":[{"count":11,"href":"https:\/\/etab.ac-reunion.fr\/clg-michel-debre\/wp-json\/wp\/v2\/posts\/917\/revisions"}],"predecessor-version":[{"id":945,"href":"https:\/\/etab.ac-reunion.fr\/clg-michel-debre\/wp-json\/wp\/v2\/posts\/917\/revisions\/945"}],"wp:featuredmedia":[{"embeddable":true,"href":"https:\/\/etab.ac-reunion.fr\/clg-michel-debre\/wp-json\/wp\/v2\/media\/939"}],"wp:attachment":[{"href":"https:\/\/etab.ac-reunion.fr\/clg-michel-debre\/wp-json\/wp\/v2\/media?parent=917"}],"wp:term":[{"taxonomy":"category","embeddable":true,"href":"https:\/\/etab.ac-reunion.fr\/clg-michel-debre\/wp-json\/wp\/v2\/categories?post=917"},{"taxonomy":"post_tag","embeddable":true,"href":"https:\/\/etab.ac-reunion.fr\/clg-michel-debre\/wp-json\/wp\/v2\/tags?post=917"}],"curies":[{"name":"wp","href":"https:\/\/api.w.org\/{rel}","templated":true}]}}