{"id":126,"date":"2015-02-05T10:26:15","date_gmt":"2015-02-05T10:26:15","guid":{"rendered":"http:\/\/college-paul-hermann.ac-reunion.fr\/?p=126"},"modified":"2015-02-27T10:50:21","modified_gmt":"2015-02-27T10:50:21","slug":"charte-de-la-laicite-a-lecole","status":"publish","type":"post","link":"https:\/\/etab.ac-reunion.fr\/clg-paul-hermann\/charte-de-la-laicite-a-lecole\/","title":{"rendered":"Charte de la la\u00efcit\u00e9 \u00e0 l&rsquo;\u00e9cole"},"content":{"rendered":"<p>Suite aux \u00e9v\u00e9nements tragiques de janvier 2015, les \u00e9l\u00e8ves du club journal ont voulu exprimer quelques valeurs fondant le socle de la La\u00efcit\u00e9 \u00e0 l&rsquo;\u00e9cole :<\/p>\n<p>\u00ab\u00a0<em>La France est une R\u00e9publique indivisible, la\u00efque, d\u00e9mocratique et sociale. La R\u00e9publique la\u00efque organise la s\u00e9paration des religions et de l&rsquo;\u00e9tat. La la\u00efcit\u00e9 garantit la libert\u00e9 de conscience \u00e0 tous. Chacun est libre de croire ou de ne pas croire. La la\u00efcit\u00e9 est la libert\u00e9 de chacun avec l&rsquo;\u00e9galit\u00e9 et la fraternit\u00e9 de tous dans le souci de l&rsquo;int\u00e9r\u00eat g\u00e9n\u00e9ral dont la devise est \u00ab\u00a0Libert\u00e9 \u00c9galit\u00e9 Fraternit\u00e9<\/em><em>\u00ab\u00a0.\u00a0\u00bb<\/em><\/p>\n<p>Note : La charge de la La\u00efcit\u00e9 est en page 17 de notre carnet de liaison.<\/p>\n","protected":false},"excerpt":{"rendered":"<p>Suite aux \u00e9v\u00e9nements tragiques de janvier 2015, les \u00e9l\u00e8ves du club journal ont voulu exprimer quelques valeurs fondant le socle de la La\u00efcit\u00e9 \u00e0 l&rsquo;\u00e9cole : \u00ab\u00a0La France est une R\u00e9publique indivisible, la\u00efque, d\u00e9mocratique et sociale. La R\u00e9publique la\u00efque organise la s\u00e9paration des religions et de l&rsquo;\u00e9tat. La la\u00efcit\u00e9 garantit&#8230;<\/p>\n<p> <a class=\"continue-reading-link\" href=\"https:\/\/etab.ac-reunion.fr\/clg-paul-hermann\/charte-de-la-laicite-a-lecole\/\"><span>Continue reading<\/span><i class=\"crycon-right-dir\"><\/i><\/a> <\/p>\n","protected":false},"author":5737,"featured_media":128,"comment_status":"open","ping_status":"open","sticky":false,"template":"","format":"standard","meta":{"footnotes":""},"categories":[1],"tags":[],"class_list":["post-126","post","type-post","status-publish","format-standard","has-post-thumbnail","hentry","category-non-classe"],"_links":{"self":[{"href":"https:\/\/etab.ac-reunion.fr\/clg-paul-hermann\/wp-json\/wp\/v2\/posts\/126","targetHints":{"allow":["GET"]}}],"collection":[{"href":"https:\/\/etab.ac-reunion.fr\/clg-paul-hermann\/wp-json\/wp\/v2\/posts"}],"about":[{"href":"https:\/\/etab.ac-reunion.fr\/clg-paul-hermann\/wp-json\/wp\/v2\/types\/post"}],"author":[{"embeddable":true,"href":"https:\/\/etab.ac-reunion.fr\/clg-paul-hermann\/wp-json\/wp\/v2\/users\/5737"}],"replies":[{"embeddable":true,"href":"https:\/\/etab.ac-reunion.fr\/clg-paul-hermann\/wp-json\/wp\/v2\/comments?post=126"}],"version-history":[{"count":1,"href":"https:\/\/etab.ac-reunion.fr\/clg-paul-hermann\/wp-json\/wp\/v2\/posts\/126\/revisions"}],"predecessor-version":[{"id":127,"href":"https:\/\/etab.ac-reunion.fr\/clg-paul-hermann\/wp-json\/wp\/v2\/posts\/126\/revisions\/127"}],"wp:featuredmedia":[{"embeddable":true,"href":"https:\/\/etab.ac-reunion.fr\/clg-paul-hermann\/wp-json\/wp\/v2\/media\/128"}],"wp:attachment":[{"href":"https:\/\/etab.ac-reunion.fr\/clg-paul-hermann\/wp-json\/wp\/v2\/media?parent=126"}],"wp:term":[{"taxonomy":"category","embeddable":true,"href":"https:\/\/etab.ac-reunion.fr\/clg-paul-hermann\/wp-json\/wp\/v2\/categories?post=126"},{"taxonomy":"post_tag","embeddable":true,"href":"https:\/\/etab.ac-reunion.fr\/clg-paul-hermann\/wp-json\/wp\/v2\/tags?post=126"}],"curies":[{"name":"wp","href":"https:\/\/api.w.org\/{rel}","templated":true}]}}