{"id":6387,"date":"2026-04-27T05:03:55","date_gmt":"2026-04-27T05:03:55","guid":{"rendered":"https:\/\/etab.ac-reunion.fr\/clg-paul-hermann\/?p=6387"},"modified":"2026-04-27T09:50:24","modified_gmt":"2026-04-27T09:50:24","slug":"%f0%9f%87%b1%f0%9f%87%bb-erasmus-lettonie-le-grand-depart-cest-ce-dimanche-%e2%9c%88%ef%b8%8f","status":"publish","type":"post","link":"https:\/\/etab.ac-reunion.fr\/clg-paul-hermann\/%f0%9f%87%b1%f0%9f%87%bb-erasmus-lettonie-le-grand-depart-cest-ce-dimanche-%e2%9c%88%ef%b8%8f\/","title":{"rendered":"\ud83c\uddf1\ud83c\uddfb Erasmus+ Lettonie : Le grand d\u00e9part, c&rsquo;est ce dimanche ! \u2708\ufe0f"},"content":{"rendered":"<p data-path-to-node=\"5\"><img loading=\"lazy\" decoding=\"async\" class=\"alignnone size-large wp-image-6388\" src=\"https:\/\/etab.ac-reunion.fr\/clg-paul-hermann\/wp-content\/uploads\/sites\/120\/2026\/04\/Gemini_Generated_Image_-1024x559.png\" alt=\"\" width=\"900\" height=\"491\" srcset=\"https:\/\/etab.ac-reunion.fr\/clg-paul-hermann\/wp-content\/uploads\/sites\/120\/2026\/04\/Gemini_Generated_Image_-1024x559.png 1024w, https:\/\/etab.ac-reunion.fr\/clg-paul-hermann\/wp-content\/uploads\/sites\/120\/2026\/04\/Gemini_Generated_Image_-300x164.png 300w, https:\/\/etab.ac-reunion.fr\/clg-paul-hermann\/wp-content\/uploads\/sites\/120\/2026\/04\/Gemini_Generated_Image_-768x419.png 768w, https:\/\/etab.ac-reunion.fr\/clg-paul-hermann\/wp-content\/uploads\/sites\/120\/2026\/04\/Gemini_Generated_Image_-150x82.png 150w, https:\/\/etab.ac-reunion.fr\/clg-paul-hermann\/wp-content\/uploads\/sites\/120\/2026\/04\/Gemini_Generated_Image_.png 1408w\" sizes=\"auto, (max-width: 900px) 100vw, 900px\" \/><\/p>\n<p data-path-to-node=\"5\">L&rsquo;attente est\u00a0enfin termin\u00e9e ! Ce dimanche 26 avril, nos 15 \u00e9l\u00e8ves ambassadeurs, accompagn\u00e9s de leurs professeurs Mme VINSON et M. MOGALIA, s&rsquo;envoleront pour une aventure inoubliable en Lettonie.<\/p>\n<p data-path-to-node=\"6\"><b data-path-to-node=\"6\" data-index-in-node=\"0\">Derni\u00e8res r\u00e9p\u00e9titions avant le d\u00e9collage<\/b> Ce jeudi, les \u00e9l\u00e8ves se sont r\u00e9unis pour une toute derni\u00e8re s\u00e9ance de travail. Au programme : peaufinage des expos\u00e9s en anglais et ultime point logistique. Apr\u00e8s des mois de pr\u00e9paration et d&rsquo;ateliers (linguistique, cuisine&#8230;), ils sont fin pr\u00eats \u00e0 repr\u00e9senter La R\u00e9union !<\/p>\n<p data-path-to-node=\"7\"><b data-path-to-node=\"7\" data-index-in-node=\"0\">\ud83d\udcf1 Suivez nos aventures au jour le jour !<\/b> Pour que vous puissiez vivre ce voyage avec nous, nous posterons <b data-path-to-node=\"7\" data-index-in-node=\"107\">chaque jour un compte-rendu de nos d\u00e9couvertes<\/b> (visites, rencontres, activit\u00e9s) directement ici, sur le site du coll\u00e8ge.<\/p>\n<p data-path-to-node=\"8\">N&rsquo;h\u00e9sitez pas \u00e0 consulter cette page r\u00e9guli\u00e8rement pour voir nos photos et lire les r\u00e9cits de nos reporters en herbe !<\/p>\n<p data-path-to-node=\"9\">Nous tenons \u00e0 remercier les parents pour leur confiance, ainsi que la direction et l&rsquo;ensemble de la communaut\u00e9 \u00e9ducative pour leur soutien dans ce magnifique projet europ\u00e9en.<\/p>\n<p data-path-to-node=\"10\"><b data-path-to-node=\"10\" data-index-in-node=\"0\">Bon voyage \u00e0 nos globe-trotters ! Lettonie, nous voil\u00e0 ! \ud83c\uddf7\ud83c\uddea \ud83e\udd1d \ud83c\uddf1\ud83c\uddfb<\/b><\/p>\n<p data-path-to-node=\"10\"><img loading=\"lazy\" decoding=\"async\" class=\"alignnone size-large wp-image-6391\" src=\"https:\/\/etab.ac-reunion.fr\/clg-paul-hermann\/wp-content\/uploads\/sites\/120\/2026\/04\/road-to-cesis-1024x559.png\" alt=\"\" width=\"900\" height=\"491\" srcset=\"https:\/\/etab.ac-reunion.fr\/clg-paul-hermann\/wp-content\/uploads\/sites\/120\/2026\/04\/road-to-cesis-1024x559.png 1024w, https:\/\/etab.ac-reunion.fr\/clg-paul-hermann\/wp-content\/uploads\/sites\/120\/2026\/04\/road-to-cesis-300x164.png 300w, https:\/\/etab.ac-reunion.fr\/clg-paul-hermann\/wp-content\/uploads\/sites\/120\/2026\/04\/road-to-cesis-768x419.png 768w, https:\/\/etab.ac-reunion.fr\/clg-paul-hermann\/wp-content\/uploads\/sites\/120\/2026\/04\/road-to-cesis-1536x838.png 1536w, https:\/\/etab.ac-reunion.fr\/clg-paul-hermann\/wp-content\/uploads\/sites\/120\/2026\/04\/road-to-cesis-2048x1117.png 2048w, https:\/\/etab.ac-reunion.fr\/clg-paul-hermann\/wp-content\/uploads\/sites\/120\/2026\/04\/road-to-cesis-150x82.png 150w\" sizes=\"auto, (max-width: 900px) 100vw, 900px\" \/><\/p>\n","protected":false},"excerpt":{"rendered":"<p>L&rsquo;attente est\u00a0enfin termin\u00e9e ! Ce dimanche 26 avril, nos 15 \u00e9l\u00e8ves ambassadeurs, accompagn\u00e9s de leurs professeurs Mme VINSON et M. MOGALIA, s&rsquo;envoleront pour une aventure inoubliable en Lettonie. Derni\u00e8res r\u00e9p\u00e9titions avant le d\u00e9collage Ce jeudi, les \u00e9l\u00e8ves se sont r\u00e9unis pour une toute derni\u00e8re s\u00e9ance de travail. Au programme :&#8230;<\/p>\n<p> <a class=\"continue-reading-link\" href=\"https:\/\/etab.ac-reunion.fr\/clg-paul-hermann\/%f0%9f%87%b1%f0%9f%87%bb-erasmus-lettonie-le-grand-depart-cest-ce-dimanche-%e2%9c%88%ef%b8%8f\/\"><span>Continue reading<\/span><i class=\"crycon-right-dir\"><\/i><\/a> <\/p>\n","protected":false},"author":8424,"featured_media":6388,"comment_status":"closed","ping_status":"closed","sticky":false,"template":"","format":"standard","meta":{"footnotes":""},"categories":[48,79,7],"tags":[77,70,71,75],"class_list":["post-6387","post","type-post","status-publish","format-standard","has-post-thumbnail","hentry","category-actualites","category-erasmus-lettonie-erasmus","category-slider","tag-cesis","tag-erasmus","tag-lettonie","tag-mobilites"],"_links":{"self":[{"href":"https:\/\/etab.ac-reunion.fr\/clg-paul-hermann\/wp-json\/wp\/v2\/posts\/6387","targetHints":{"allow":["GET"]}}],"collection":[{"href":"https:\/\/etab.ac-reunion.fr\/clg-paul-hermann\/wp-json\/wp\/v2\/posts"}],"about":[{"href":"https:\/\/etab.ac-reunion.fr\/clg-paul-hermann\/wp-json\/wp\/v2\/types\/post"}],"author":[{"embeddable":true,"href":"https:\/\/etab.ac-reunion.fr\/clg-paul-hermann\/wp-json\/wp\/v2\/users\/8424"}],"replies":[{"embeddable":true,"href":"https:\/\/etab.ac-reunion.fr\/clg-paul-hermann\/wp-json\/wp\/v2\/comments?post=6387"}],"version-history":[{"count":4,"href":"https:\/\/etab.ac-reunion.fr\/clg-paul-hermann\/wp-json\/wp\/v2\/posts\/6387\/revisions"}],"predecessor-version":[{"id":6396,"href":"https:\/\/etab.ac-reunion.fr\/clg-paul-hermann\/wp-json\/wp\/v2\/posts\/6387\/revisions\/6396"}],"wp:featuredmedia":[{"embeddable":true,"href":"https:\/\/etab.ac-reunion.fr\/clg-paul-hermann\/wp-json\/wp\/v2\/media\/6388"}],"wp:attachment":[{"href":"https:\/\/etab.ac-reunion.fr\/clg-paul-hermann\/wp-json\/wp\/v2\/media?parent=6387"}],"wp:term":[{"taxonomy":"category","embeddable":true,"href":"https:\/\/etab.ac-reunion.fr\/clg-paul-hermann\/wp-json\/wp\/v2\/categories?post=6387"},{"taxonomy":"post_tag","embeddable":true,"href":"https:\/\/etab.ac-reunion.fr\/clg-paul-hermann\/wp-json\/wp\/v2\/tags?post=6387"}],"curies":[{"name":"wp","href":"https:\/\/api.w.org\/{rel}","templated":true}]}}