{"id":6397,"date":"2026-04-27T05:28:20","date_gmt":"2026-04-27T05:28:20","guid":{"rendered":"https:\/\/etab.ac-reunion.fr\/clg-paul-hermann\/?p=6397"},"modified":"2026-04-27T09:51:14","modified_gmt":"2026-04-27T09:51:14","slug":"%f0%9f%87%ab%f0%9f%87%b7-escale-a-paris-la-premiere-etape-est-franchie-%e2%9c%88%ef%b8%8f","status":"publish","type":"post","link":"https:\/\/etab.ac-reunion.fr\/clg-paul-hermann\/%f0%9f%87%ab%f0%9f%87%b7-escale-a-paris-la-premiere-etape-est-franchie-%e2%9c%88%ef%b8%8f\/","title":{"rendered":"\ud83c\uddeb\ud83c\uddf7 Escale \u00e0 Paris : La premi\u00e8re \u00e9tape est franchie ! \u2708\ufe0f"},"content":{"rendered":"<p><img loading=\"lazy\" decoding=\"async\" class=\"alignnone size-large wp-image-6399\" src=\"https:\/\/etab.ac-reunion.fr\/clg-paul-hermann\/wp-content\/uploads\/sites\/120\/2026\/04\/IMG-20260427-WA0002-1024x576.jpeg\" alt=\"\" width=\"900\" height=\"506\" srcset=\"https:\/\/etab.ac-reunion.fr\/clg-paul-hermann\/wp-content\/uploads\/sites\/120\/2026\/04\/IMG-20260427-WA0002-1024x576.jpeg 1024w, https:\/\/etab.ac-reunion.fr\/clg-paul-hermann\/wp-content\/uploads\/sites\/120\/2026\/04\/IMG-20260427-WA0002-300x169.jpeg 300w, https:\/\/etab.ac-reunion.fr\/clg-paul-hermann\/wp-content\/uploads\/sites\/120\/2026\/04\/IMG-20260427-WA0002-768x432.jpeg 768w, https:\/\/etab.ac-reunion.fr\/clg-paul-hermann\/wp-content\/uploads\/sites\/120\/2026\/04\/IMG-20260427-WA0002-1536x864.jpeg 1536w, https:\/\/etab.ac-reunion.fr\/clg-paul-hermann\/wp-content\/uploads\/sites\/120\/2026\/04\/IMG-20260427-WA0002-2048x1152.jpeg 2048w, https:\/\/etab.ac-reunion.fr\/clg-paul-hermann\/wp-content\/uploads\/sites\/120\/2026\/04\/IMG-20260427-WA0002-150x84.jpeg 150w\" sizes=\"auto, (max-width: 900px) 100vw, 900px\" \/>Bonjour \u00e0 tous ! Notre aventure Erasmus+ a officiellement commenc\u00e9. Apr\u00e8s un vol de nuit calme depuis La R\u00e9union, nous venons d&rsquo;atterrir \u00e0 Paris ce matin.<\/p>\n<p>Tout le groupe est en pleine forme (malgr\u00e9 quelques petits yeux fatigu\u00e9s par le voyage !) et l&rsquo;ambiance est excellente. Nous profitons de notre escale \u00e0 l&rsquo;a\u00e9roport pour nous d\u00e9gourdir les jambes avant de reprendre l&rsquo;avion dans quelques heures direction Riga.<\/p>\n<p>La prochaine fois que nous vous \u00e9crirons, nous serons sur le sol letton ! \u00c0 tr\u00e8s vite pour la suite de nos aventures.<\/p>\n","protected":false},"excerpt":{"rendered":"<p>Bonjour \u00e0 tous ! Notre aventure Erasmus+ a officiellement commenc\u00e9. Apr\u00e8s un vol de nuit calme depuis La R\u00e9union, nous venons d&rsquo;atterrir \u00e0 Paris ce matin. Tout le groupe est en pleine forme (malgr\u00e9 quelques petits yeux fatigu\u00e9s par le voyage !) et l&rsquo;ambiance est excellente. Nous profitons de notre&#8230;<\/p>\n<p> <a class=\"continue-reading-link\" href=\"https:\/\/etab.ac-reunion.fr\/clg-paul-hermann\/%f0%9f%87%ab%f0%9f%87%b7-escale-a-paris-la-premiere-etape-est-franchie-%e2%9c%88%ef%b8%8f\/\"><span>Continue reading<\/span><i class=\"crycon-right-dir\"><\/i><\/a> <\/p>\n","protected":false},"author":8424,"featured_media":6399,"comment_status":"closed","ping_status":"closed","sticky":false,"template":"","format":"standard","meta":{"footnotes":""},"categories":[48,79,7],"tags":[70,71],"class_list":["post-6397","post","type-post","status-publish","format-standard","has-post-thumbnail","hentry","category-actualites","category-erasmus-lettonie-erasmus","category-slider","tag-erasmus","tag-lettonie"],"_links":{"self":[{"href":"https:\/\/etab.ac-reunion.fr\/clg-paul-hermann\/wp-json\/wp\/v2\/posts\/6397","targetHints":{"allow":["GET"]}}],"collection":[{"href":"https:\/\/etab.ac-reunion.fr\/clg-paul-hermann\/wp-json\/wp\/v2\/posts"}],"about":[{"href":"https:\/\/etab.ac-reunion.fr\/clg-paul-hermann\/wp-json\/wp\/v2\/types\/post"}],"author":[{"embeddable":true,"href":"https:\/\/etab.ac-reunion.fr\/clg-paul-hermann\/wp-json\/wp\/v2\/users\/8424"}],"replies":[{"embeddable":true,"href":"https:\/\/etab.ac-reunion.fr\/clg-paul-hermann\/wp-json\/wp\/v2\/comments?post=6397"}],"version-history":[{"count":4,"href":"https:\/\/etab.ac-reunion.fr\/clg-paul-hermann\/wp-json\/wp\/v2\/posts\/6397\/revisions"}],"predecessor-version":[{"id":6402,"href":"https:\/\/etab.ac-reunion.fr\/clg-paul-hermann\/wp-json\/wp\/v2\/posts\/6397\/revisions\/6402"}],"wp:featuredmedia":[{"embeddable":true,"href":"https:\/\/etab.ac-reunion.fr\/clg-paul-hermann\/wp-json\/wp\/v2\/media\/6399"}],"wp:attachment":[{"href":"https:\/\/etab.ac-reunion.fr\/clg-paul-hermann\/wp-json\/wp\/v2\/media?parent=6397"}],"wp:term":[{"taxonomy":"category","embeddable":true,"href":"https:\/\/etab.ac-reunion.fr\/clg-paul-hermann\/wp-json\/wp\/v2\/categories?post=6397"},{"taxonomy":"post_tag","embeddable":true,"href":"https:\/\/etab.ac-reunion.fr\/clg-paul-hermann\/wp-json\/wp\/v2\/tags?post=6397"}],"curies":[{"name":"wp","href":"https:\/\/api.w.org\/{rel}","templated":true}]}}