{"id":6407,"date":"2026-04-28T04:53:37","date_gmt":"2026-04-28T04:53:37","guid":{"rendered":"https:\/\/etab.ac-reunion.fr\/clg-paul-hermann\/?p=6407"},"modified":"2026-04-28T04:53:37","modified_gmt":"2026-04-28T04:53:37","slug":"journee-de-la-sante","status":"publish","type":"post","link":"https:\/\/etab.ac-reunion.fr\/clg-paul-hermann\/journee-de-la-sante\/","title":{"rendered":"Journ\u00e9e de la sant\u00e9"},"content":{"rendered":"<div style=\"text-align: center\"><img loading=\"lazy\" decoding=\"async\" class=\"wp-image-6410 aligncenter\" src=\"https:\/\/etab.ac-reunion.fr\/clg-paul-hermann\/wp-content\/uploads\/sites\/120\/2026\/04\/1776285959824-300x169.jpg\" alt=\"\" width=\"472\" height=\"266\" srcset=\"https:\/\/etab.ac-reunion.fr\/clg-paul-hermann\/wp-content\/uploads\/sites\/120\/2026\/04\/1776285959824-300x169.jpg 300w, https:\/\/etab.ac-reunion.fr\/clg-paul-hermann\/wp-content\/uploads\/sites\/120\/2026\/04\/1776285959824-1024x576.jpg 1024w, https:\/\/etab.ac-reunion.fr\/clg-paul-hermann\/wp-content\/uploads\/sites\/120\/2026\/04\/1776285959824-768x432.jpg 768w, https:\/\/etab.ac-reunion.fr\/clg-paul-hermann\/wp-content\/uploads\/sites\/120\/2026\/04\/1776285959824-1536x864.jpg 1536w, https:\/\/etab.ac-reunion.fr\/clg-paul-hermann\/wp-content\/uploads\/sites\/120\/2026\/04\/1776285959824-150x84.jpg 150w, https:\/\/etab.ac-reunion.fr\/clg-paul-hermann\/wp-content\/uploads\/sites\/120\/2026\/04\/1776285959824.jpg 1920w\" sizes=\"auto, (max-width: 472px) 100vw, 472px\" \/>Le 7 Avril 2026, trois classes de 6\u00e8me du coll\u00e8ge Paul Hermann ont r\u00e9pondu \u00e0 l&rsquo;invitation de l&rsquo;\u00e9cole \u00e9l\u00e9mentaire Jean Jaur\u00e8s pour la journ\u00e9e de la sant\u00e9.<\/div>\n<div style=\"text-align: center\">Pour cette 2\u00e8me \u00e9dition de cet \u00e9v\u00e8nement exceptionnel, de nombreux \u00e9l\u00e8ves venus des \u00e9coles et coll\u00e8ges de Saint-Pierre ont pu participer \u00e0 de nombreux ateliers anim\u00e9s par des \u00e9ducateurs sportifs, enseignants et professionnels membres d&rsquo;association venus pr\u00e9senter leur m\u00e9tier.<\/div>\n<p><img loading=\"lazy\" decoding=\"async\" class=\" wp-image-6414 alignright\" style=\"text-align: center\" src=\"https:\/\/etab.ac-reunion.fr\/clg-paul-hermann\/wp-content\/uploads\/sites\/120\/2026\/04\/1776285959761-300x226.jpg\" alt=\"\" width=\"444\" height=\"335\" srcset=\"https:\/\/etab.ac-reunion.fr\/clg-paul-hermann\/wp-content\/uploads\/sites\/120\/2026\/04\/1776285959761-300x226.jpg 300w, https:\/\/etab.ac-reunion.fr\/clg-paul-hermann\/wp-content\/uploads\/sites\/120\/2026\/04\/1776285959761-1024x771.jpg 1024w, https:\/\/etab.ac-reunion.fr\/clg-paul-hermann\/wp-content\/uploads\/sites\/120\/2026\/04\/1776285959761-768x578.jpg 768w, https:\/\/etab.ac-reunion.fr\/clg-paul-hermann\/wp-content\/uploads\/sites\/120\/2026\/04\/1776285959761-1536x1157.jpg 1536w, https:\/\/etab.ac-reunion.fr\/clg-paul-hermann\/wp-content\/uploads\/sites\/120\/2026\/04\/1776285959761-2048x1542.jpg 2048w, https:\/\/etab.ac-reunion.fr\/clg-paul-hermann\/wp-content\/uploads\/sites\/120\/2026\/04\/1776285959761-150x113.jpg 150w\" sizes=\"auto, (max-width: 444px) 100vw, 444px\" \/><\/p>\n<div><\/div>\n<div style=\"text-align: center\">Ainsi, parmi tant d&rsquo;autres activit\u00e9s, les \u00e9l\u00e8ves ont pratiqu\u00e9 des sports tels que le hockey sur gazon, la boxe ou encore le jiu-jitsu, autant d&rsquo;occasions de prendre soin de son corps. D&rsquo;autre part, de nombreuses associations \u00e9taient pr\u00e9sentes pour<\/div>\n<div style=\"text-align: center\">\u00a0sensibiliser sur le handicap, la pr\u00e9vention et les risques li\u00e9s aux moustiques. Une formation tr\u00e8s appr\u00e9ci\u00e9e sur l&rsquo;administration des premiers secours ou encore les gestes \u00e0 suivre en cas d&rsquo;incendie a \u00e9t\u00e9 dispens\u00e9e par les pompiers de Saint Pierre.<\/div>\n<div style=\"text-align: center\">Nos heureux \u00e9l\u00e8ves ont pu s&rsquo;enrichir de ces nouvelles exp\u00e9riences, d\u00e9sormais pr\u00eats \u00e0 appliquer ces gestes et diffuser ces informations pour la pr\u00e9servation de la sant\u00e9 de tous !<\/div>\n<div><\/div>\n<div>Article : <span class=\"qu yKyxu\" role=\"gridcell\"><span class=\"gD\" data-hovercard-id=\"ahmed.prof976@gmail.com\" data-hovercard-owner-id=\"16\">Ahmed ABDELHAMID<\/span><\/span><\/div>\n<div><img loading=\"lazy\" decoding=\"async\" class=\" wp-image-6415 aligncenter\" src=\"https:\/\/etab.ac-reunion.fr\/clg-paul-hermann\/wp-content\/uploads\/sites\/120\/2026\/04\/1776285959779-226x300.jpg\" alt=\"\" width=\"465\" height=\"617\" srcset=\"https:\/\/etab.ac-reunion.fr\/clg-paul-hermann\/wp-content\/uploads\/sites\/120\/2026\/04\/1776285959779-226x300.jpg 226w, https:\/\/etab.ac-reunion.fr\/clg-paul-hermann\/wp-content\/uploads\/sites\/120\/2026\/04\/1776285959779-771x1024.jpg 771w, https:\/\/etab.ac-reunion.fr\/clg-paul-hermann\/wp-content\/uploads\/sites\/120\/2026\/04\/1776285959779-768x1020.jpg 768w, https:\/\/etab.ac-reunion.fr\/clg-paul-hermann\/wp-content\/uploads\/sites\/120\/2026\/04\/1776285959779-1157x1536.jpg 1157w, https:\/\/etab.ac-reunion.fr\/clg-paul-hermann\/wp-content\/uploads\/sites\/120\/2026\/04\/1776285959779-1542x2048.jpg 1542w, https:\/\/etab.ac-reunion.fr\/clg-paul-hermann\/wp-content\/uploads\/sites\/120\/2026\/04\/1776285959779-113x150.jpg 113w, https:\/\/etab.ac-reunion.fr\/clg-paul-hermann\/wp-content\/uploads\/sites\/120\/2026\/04\/1776285959779-scaled.jpg 1928w\" sizes=\"auto, (max-width: 465px) 100vw, 465px\" \/><\/div>\n<div><img loading=\"lazy\" decoding=\"async\" class=\" wp-image-6412 aligncenter\" src=\"https:\/\/etab.ac-reunion.fr\/clg-paul-hermann\/wp-content\/uploads\/sites\/120\/2026\/04\/1776285959858-300x226.jpg\" alt=\"\" width=\"641\" height=\"483\" srcset=\"https:\/\/etab.ac-reunion.fr\/clg-paul-hermann\/wp-content\/uploads\/sites\/120\/2026\/04\/1776285959858-300x226.jpg 300w, https:\/\/etab.ac-reunion.fr\/clg-paul-hermann\/wp-content\/uploads\/sites\/120\/2026\/04\/1776285959858-1024x771.jpg 1024w, https:\/\/etab.ac-reunion.fr\/clg-paul-hermann\/wp-content\/uploads\/sites\/120\/2026\/04\/1776285959858-768x578.jpg 768w, https:\/\/etab.ac-reunion.fr\/clg-paul-hermann\/wp-content\/uploads\/sites\/120\/2026\/04\/1776285959858-1536x1157.jpg 1536w, https:\/\/etab.ac-reunion.fr\/clg-paul-hermann\/wp-content\/uploads\/sites\/120\/2026\/04\/1776285959858-2048x1542.jpg 2048w, https:\/\/etab.ac-reunion.fr\/clg-paul-hermann\/wp-content\/uploads\/sites\/120\/2026\/04\/1776285959858-150x113.jpg 150w\" sizes=\"auto, (max-width: 641px) 100vw, 641px\" \/><\/div>\n<div><img loading=\"lazy\" decoding=\"async\" class=\" wp-image-6409 aligncenter\" src=\"https:\/\/etab.ac-reunion.fr\/clg-paul-hermann\/wp-content\/uploads\/sites\/120\/2026\/04\/1776285959809-300x226.jpg\" alt=\"\" width=\"658\" height=\"496\" srcset=\"https:\/\/etab.ac-reunion.fr\/clg-paul-hermann\/wp-content\/uploads\/sites\/120\/2026\/04\/1776285959809-300x226.jpg 300w, https:\/\/etab.ac-reunion.fr\/clg-paul-hermann\/wp-content\/uploads\/sites\/120\/2026\/04\/1776285959809-1024x771.jpg 1024w, https:\/\/etab.ac-reunion.fr\/clg-paul-hermann\/wp-content\/uploads\/sites\/120\/2026\/04\/1776285959809-768x578.jpg 768w, https:\/\/etab.ac-reunion.fr\/clg-paul-hermann\/wp-content\/uploads\/sites\/120\/2026\/04\/1776285959809-1536x1157.jpg 1536w, https:\/\/etab.ac-reunion.fr\/clg-paul-hermann\/wp-content\/uploads\/sites\/120\/2026\/04\/1776285959809-2048x1542.jpg 2048w, https:\/\/etab.ac-reunion.fr\/clg-paul-hermann\/wp-content\/uploads\/sites\/120\/2026\/04\/1776285959809-150x113.jpg 150w\" sizes=\"auto, (max-width: 658px) 100vw, 658px\" \/><\/div>\n<div><\/div>\n<div><img loading=\"lazy\" decoding=\"async\" class=\" wp-image-6413 aligncenter\" src=\"https:\/\/etab.ac-reunion.fr\/clg-paul-hermann\/wp-content\/uploads\/sites\/120\/2026\/04\/1776285959877-300x226.jpg\" alt=\"\" width=\"624\" height=\"470\" srcset=\"https:\/\/etab.ac-reunion.fr\/clg-paul-hermann\/wp-content\/uploads\/sites\/120\/2026\/04\/1776285959877-300x226.jpg 300w, https:\/\/etab.ac-reunion.fr\/clg-paul-hermann\/wp-content\/uploads\/sites\/120\/2026\/04\/1776285959877-1024x771.jpg 1024w, https:\/\/etab.ac-reunion.fr\/clg-paul-hermann\/wp-content\/uploads\/sites\/120\/2026\/04\/1776285959877-768x578.jpg 768w, https:\/\/etab.ac-reunion.fr\/clg-paul-hermann\/wp-content\/uploads\/sites\/120\/2026\/04\/1776285959877-1536x1157.jpg 1536w, https:\/\/etab.ac-reunion.fr\/clg-paul-hermann\/wp-content\/uploads\/sites\/120\/2026\/04\/1776285959877-2048x1542.jpg 2048w, https:\/\/etab.ac-reunion.fr\/clg-paul-hermann\/wp-content\/uploads\/sites\/120\/2026\/04\/1776285959877-150x113.jpg 150w\" sizes=\"auto, (max-width: 624px) 100vw, 624px\" \/><\/div>\n<div><\/div>\n","protected":false},"excerpt":{"rendered":"<p>Le 7 Avril 2026, trois classes de 6\u00e8me du coll\u00e8ge Paul Hermann ont r\u00e9pondu \u00e0 l&rsquo;invitation de l&rsquo;\u00e9cole \u00e9l\u00e9mentaire Jean Jaur\u00e8s pour la journ\u00e9e de la sant\u00e9. Pour cette 2\u00e8me \u00e9dition de cet \u00e9v\u00e8nement exceptionnel, de nombreux \u00e9l\u00e8ves venus des \u00e9coles et coll\u00e8ges de Saint-Pierre ont pu participer \u00e0 de&#8230;<\/p>\n<p> <a class=\"continue-reading-link\" href=\"https:\/\/etab.ac-reunion.fr\/clg-paul-hermann\/journee-de-la-sante\/\"><span>Continue reading<\/span><i class=\"crycon-right-dir\"><\/i><\/a> <\/p>\n","protected":false},"author":37536,"featured_media":6411,"comment_status":"closed","ping_status":"closed","sticky":false,"template":"","format":"standard","meta":{"footnotes":""},"categories":[48,55,7],"tags":[],"class_list":["post-6407","post","type-post","status-publish","format-standard","has-post-thumbnail","hentry","category-actualites","category-partenaire","category-slider"],"_links":{"self":[{"href":"https:\/\/etab.ac-reunion.fr\/clg-paul-hermann\/wp-json\/wp\/v2\/posts\/6407","targetHints":{"allow":["GET"]}}],"collection":[{"href":"https:\/\/etab.ac-reunion.fr\/clg-paul-hermann\/wp-json\/wp\/v2\/posts"}],"about":[{"href":"https:\/\/etab.ac-reunion.fr\/clg-paul-hermann\/wp-json\/wp\/v2\/types\/post"}],"author":[{"embeddable":true,"href":"https:\/\/etab.ac-reunion.fr\/clg-paul-hermann\/wp-json\/wp\/v2\/users\/37536"}],"replies":[{"embeddable":true,"href":"https:\/\/etab.ac-reunion.fr\/clg-paul-hermann\/wp-json\/wp\/v2\/comments?post=6407"}],"version-history":[{"count":3,"href":"https:\/\/etab.ac-reunion.fr\/clg-paul-hermann\/wp-json\/wp\/v2\/posts\/6407\/revisions"}],"predecessor-version":[{"id":6418,"href":"https:\/\/etab.ac-reunion.fr\/clg-paul-hermann\/wp-json\/wp\/v2\/posts\/6407\/revisions\/6418"}],"wp:featuredmedia":[{"embeddable":true,"href":"https:\/\/etab.ac-reunion.fr\/clg-paul-hermann\/wp-json\/wp\/v2\/media\/6411"}],"wp:attachment":[{"href":"https:\/\/etab.ac-reunion.fr\/clg-paul-hermann\/wp-json\/wp\/v2\/media?parent=6407"}],"wp:term":[{"taxonomy":"category","embeddable":true,"href":"https:\/\/etab.ac-reunion.fr\/clg-paul-hermann\/wp-json\/wp\/v2\/categories?post=6407"},{"taxonomy":"post_tag","embeddable":true,"href":"https:\/\/etab.ac-reunion.fr\/clg-paul-hermann\/wp-json\/wp\/v2\/tags?post=6407"}],"curies":[{"name":"wp","href":"https:\/\/api.w.org\/{rel}","templated":true}]}}