{"id":6419,"date":"2026-04-29T07:34:25","date_gmt":"2026-04-29T07:34:25","guid":{"rendered":"https:\/\/etab.ac-reunion.fr\/clg-paul-hermann\/?p=6419"},"modified":"2026-04-29T07:34:25","modified_gmt":"2026-04-29T07:34:25","slug":"%f0%9f%87%b1%f0%9f%87%bb-carnet-de-bord-erasmus-neige-traditions-et-aventure-medievale-%f0%9f%8f%b0%e2%9c%a8","status":"publish","type":"post","link":"https:\/\/etab.ac-reunion.fr\/clg-paul-hermann\/%f0%9f%87%b1%f0%9f%87%bb-carnet-de-bord-erasmus-neige-traditions-et-aventure-medievale-%f0%9f%8f%b0%e2%9c%a8\/","title":{"rendered":"\ud83c\uddf1\ud83c\uddfb Carnet de bord Erasmus+ : Neige, Traditions et Aventure M\u00e9di\u00e9vale ! \ud83c\udff0\u2728"},"content":{"rendered":"<p>&nbsp;<\/p>\n<p>Un voyage sous le signe de la d\u00e9couverte<\/p>\n<p>D\u00e8s notre arriv\u00e9e \u00e0 l&rsquo;a\u00e9roport de Riga dimanche, le ton \u00e9tait donn\u00e9 : trois professeurs lettons nous attendaient avec un bus pour nous conduire vers notre premi\u00e8re \u00e9tape culturelle. Apr\u00e8s un premier repas typique dans un restaurant de la capitale, nous avons pris la route vers Skujene pour le moment tant attendu : la rencontre \u00ab\u00a0en vrai\u00a0\u00bb avec les familles d&rsquo;accueil.<\/p>\n<p>Les \u00e9l\u00e8ves ont enfin pu d\u00e9couvrir leurs maisons, partager leurs premiers repas lettons et, pour beaucoup, s&rsquo;\u00e9merveiller devant leurs tout premiers flocons de neige ! \u2744\ufe0f Un moment magique qui a tout de suite soud\u00e9 le groupe.<\/p>\n<p>Mardi : Entre cr\u00e9ation, partage et fiert\u00e9 r\u00e9unionnaise<\/p>\n<p>Apr\u00e8s une bonne nuit de repos et un petit-d\u00e9jeuner copieux, la journ\u00e9e de mardi a d\u00e9but\u00e9 au coll\u00e8ge par un atelier cr\u00e9atif de \u00ab\u00a0bracelets de l&rsquo;amiti\u00e9\u00a0\u00bb. Toute l&rsquo;\u00e9cole nous a ensuite r\u00e9serv\u00e9 un accueil spectaculaire avec des d\u00e9monstrations de danses traditionnelles lettonnes auxquelles tout l&rsquo;\u00e9tablissement a particip\u00e9. \ud83c\uddf1\ud83c\uddfb\ud83d\udc83<\/p>\n<p>C\u2019\u00e9tait ensuite au tour de nos \u00e9l\u00e8ves de briller. Ils ont pr\u00e9sent\u00e9 leurs expos\u00e9s devant trois groupes diff\u00e9rents (maternelles, primaires et coll\u00e9giens). Le succ\u00e8s a \u00e9t\u00e9 total ! Les jeunes Lettons \u00e9taient \u00e9merveill\u00e9s par les photos de La R\u00e9union, posant mille questions sur la taille de notre \u00eele et, bien s\u00fbr, sur notre majestueux volcan. \ud83c\udf0b\ud83c\uddf7\ud83c\uddea<\/p>\n<p>Une immersion totale au Moyen \u00c2ge \u00e0 la lueur des bougies<\/p>\n<p>L&rsquo;apr\u00e8s-midi a \u00e9t\u00e9 consacr\u00e9e \u00e0 la d\u00e9couverte de C\u0113sis. Apr\u00e8s une visite du parc et de la \u00ab\u00a0maison des jeunes\u00a0\u00bb, nous avons plong\u00e9 dans l&rsquo;histoire au Ch\u00e2teau m\u00e9di\u00e9val de C\u0113sis.<\/p>\n<p>Le d\u00e9paysement a commenc\u00e9 par un d\u00eener m\u00e9morable : plong\u00e9s dans une ambiance d&rsquo;\u00e9poque avec costumes, accessoires, musiques et danses anciennes, nous avons r\u00e9ellement eu l&rsquo;impression de remonter le temps ! Les \u00e9l\u00e8ves ont m\u00eame pu s&rsquo;essayer \u00e0 des activit\u00e9s de force et d&rsquo;agilit\u00e9 m\u00e9di\u00e9vales. \u2694\ufe0f\ud83c\udfb6<\/p>\n<p>Ensuite, pour rendre l&rsquo;exp\u00e9rience encore plus mystique et authentique, nous avons explor\u00e9 les recoins sombres du ch\u00e2teau en nous \u00e9clairant uniquement avec des lanternes \u00e0 bougie ! \ud83d\udd6f\ufe0f Une atmosph\u00e8re incroyable et une soir\u00e9e hors du temps qui restera l&rsquo;un des grands moments forts du s\u00e9jour.<\/p>\n<p>Nous entamons la suite du s\u00e9jour avec des \u00e9toiles plein les yeux. \u00c0 tr\u00e8s vite pour la suite de nos aventures baltes !<\/p>\n","protected":false},"excerpt":{"rendered":"<p>&nbsp; Un voyage sous le signe de la d\u00e9couverte D\u00e8s notre arriv\u00e9e \u00e0 l&rsquo;a\u00e9roport de Riga dimanche, le ton \u00e9tait donn\u00e9 : trois professeurs lettons nous attendaient avec un bus pour nous conduire vers notre premi\u00e8re \u00e9tape culturelle. Apr\u00e8s un premier repas typique dans un restaurant de la capitale, nous&#8230;<\/p>\n<p> <a class=\"continue-reading-link\" href=\"https:\/\/etab.ac-reunion.fr\/clg-paul-hermann\/%f0%9f%87%b1%f0%9f%87%bb-carnet-de-bord-erasmus-neige-traditions-et-aventure-medievale-%f0%9f%8f%b0%e2%9c%a8\/\"><span>Continue reading<\/span><i class=\"crycon-right-dir\"><\/i><\/a> <\/p>\n","protected":false},"author":8424,"featured_media":0,"comment_status":"closed","ping_status":"closed","sticky":false,"template":"","format":"standard","meta":{"footnotes":""},"categories":[48,79],"tags":[66,80,70,74,71,75],"class_list":["post-6419","post","type-post","status-publish","format-standard","hentry","category-actualites","category-erasmus-lettonie-erasmus","tag-cohesion","tag-decouverte","tag-erasmus","tag-europe","tag-lettonie","tag-mobilites"],"_links":{"self":[{"href":"https:\/\/etab.ac-reunion.fr\/clg-paul-hermann\/wp-json\/wp\/v2\/posts\/6419","targetHints":{"allow":["GET"]}}],"collection":[{"href":"https:\/\/etab.ac-reunion.fr\/clg-paul-hermann\/wp-json\/wp\/v2\/posts"}],"about":[{"href":"https:\/\/etab.ac-reunion.fr\/clg-paul-hermann\/wp-json\/wp\/v2\/types\/post"}],"author":[{"embeddable":true,"href":"https:\/\/etab.ac-reunion.fr\/clg-paul-hermann\/wp-json\/wp\/v2\/users\/8424"}],"replies":[{"embeddable":true,"href":"https:\/\/etab.ac-reunion.fr\/clg-paul-hermann\/wp-json\/wp\/v2\/comments?post=6419"}],"version-history":[{"count":1,"href":"https:\/\/etab.ac-reunion.fr\/clg-paul-hermann\/wp-json\/wp\/v2\/posts\/6419\/revisions"}],"predecessor-version":[{"id":6420,"href":"https:\/\/etab.ac-reunion.fr\/clg-paul-hermann\/wp-json\/wp\/v2\/posts\/6419\/revisions\/6420"}],"wp:attachment":[{"href":"https:\/\/etab.ac-reunion.fr\/clg-paul-hermann\/wp-json\/wp\/v2\/media?parent=6419"}],"wp:term":[{"taxonomy":"category","embeddable":true,"href":"https:\/\/etab.ac-reunion.fr\/clg-paul-hermann\/wp-json\/wp\/v2\/categories?post=6419"},{"taxonomy":"post_tag","embeddable":true,"href":"https:\/\/etab.ac-reunion.fr\/clg-paul-hermann\/wp-json\/wp\/v2\/tags?post=6419"}],"curies":[{"name":"wp","href":"https:\/\/api.w.org\/{rel}","templated":true}]}}