{"id":2557,"date":"2019-05-22T13:51:40","date_gmt":"2019-05-22T09:51:40","guid":{"rendered":"http:\/\/college-plateau-goyaves.ac-reunion.fr\/?p=2557"},"modified":"2019-05-22T15:04:03","modified_gmt":"2019-05-22T11:04:03","slug":"2-refugies-climatiques","status":"publish","type":"post","link":"https:\/\/etab.ac-reunion.fr\/clg-plateau-goyaves\/2019\/05\/22\/2-refugies-climatiques\/","title":{"rendered":"2 &#8211; R\u00e9fugi\u00e9s climatiques"},"content":{"rendered":"\n<div class=\"wp-block-media-text alignwide\"><figure class=\"wp-block-media-text__media\"><img loading=\"lazy\" decoding=\"async\" width=\"1024\" height=\"683\" src=\"https:\/\/etab.ac-reunion.fr\/clg-plateau-goyaves\/wp-content\/uploads\/sites\/109\/2019\/05\/2-2-1024x683.jpg\" alt=\"\" class=\"wp-image-2614\" srcset=\"https:\/\/etab.ac-reunion.fr\/clg-plateau-goyaves\/wp-content\/uploads\/sites\/109\/2019\/05\/2-2-1024x683.jpg 1024w, https:\/\/etab.ac-reunion.fr\/clg-plateau-goyaves\/wp-content\/uploads\/sites\/109\/2019\/05\/2-2-300x200.jpg 300w, https:\/\/etab.ac-reunion.fr\/clg-plateau-goyaves\/wp-content\/uploads\/sites\/109\/2019\/05\/2-2-1080x720.jpg 1080w, https:\/\/etab.ac-reunion.fr\/clg-plateau-goyaves\/wp-content\/uploads\/sites\/109\/2019\/05\/2-2.jpg 1500w\" sizes=\"(max-width: 1024px) 100vw, 1024px\" \/><\/figure><div class=\"wp-block-media-text__content\">\n<p style=\"font-size:14px\">Selon certaines pr\u00e9visions, le niveau moyen des oc\u00e9ans pourrait s\u2019\u00e9lever de 26 \u00e0 82cm \u00e0 l\u2019horizon 2100, mena\u00e7ant de fait les \u00eeles, les deltas ou encore les zones c\u00f4ti\u00e8res \u2026<br>\nChangement climatique R\u00e9chauffement, mont\u00e9e du niveau marin R\u00e9fugi\u00e9s climatiques<\/p>\n<\/div><\/div>\n","protected":false},"excerpt":{"rendered":"<p>Selon certaines pr\u00e9visions, le niveau moyen des oc\u00e9ans pourrait s\u2019\u00e9lever de 26 \u00e0 82cm \u00e0 l\u2019horizon 2100, mena\u00e7ant de fait les \u00eeles, les deltas ou encore les zones c\u00f4ti\u00e8res \u2026 Changement climatique R\u00e9chauffement, mont\u00e9e du niveau marin R\u00e9fugi\u00e9s climatiques<\/p>\n","protected":false},"author":13259,"featured_media":0,"comment_status":"open","ping_status":"open","sticky":false,"template":"","format":"gallery","meta":{"_et_pb_use_builder":"off","_et_pb_old_content":"","_et_gb_content_width":"","footnotes":""},"categories":[1],"tags":[],"class_list":["post-2557","post","type-post","status-publish","format-gallery","hentry","category-info","post_format-post-format-gallery"],"_links":{"self":[{"href":"https:\/\/etab.ac-reunion.fr\/clg-plateau-goyaves\/wp-json\/wp\/v2\/posts\/2557","targetHints":{"allow":["GET"]}}],"collection":[{"href":"https:\/\/etab.ac-reunion.fr\/clg-plateau-goyaves\/wp-json\/wp\/v2\/posts"}],"about":[{"href":"https:\/\/etab.ac-reunion.fr\/clg-plateau-goyaves\/wp-json\/wp\/v2\/types\/post"}],"author":[{"embeddable":true,"href":"https:\/\/etab.ac-reunion.fr\/clg-plateau-goyaves\/wp-json\/wp\/v2\/users\/13259"}],"replies":[{"embeddable":true,"href":"https:\/\/etab.ac-reunion.fr\/clg-plateau-goyaves\/wp-json\/wp\/v2\/comments?post=2557"}],"version-history":[{"count":4,"href":"https:\/\/etab.ac-reunion.fr\/clg-plateau-goyaves\/wp-json\/wp\/v2\/posts\/2557\/revisions"}],"predecessor-version":[{"id":2615,"href":"https:\/\/etab.ac-reunion.fr\/clg-plateau-goyaves\/wp-json\/wp\/v2\/posts\/2557\/revisions\/2615"}],"wp:attachment":[{"href":"https:\/\/etab.ac-reunion.fr\/clg-plateau-goyaves\/wp-json\/wp\/v2\/media?parent=2557"}],"wp:term":[{"taxonomy":"category","embeddable":true,"href":"https:\/\/etab.ac-reunion.fr\/clg-plateau-goyaves\/wp-json\/wp\/v2\/categories?post=2557"},{"taxonomy":"post_tag","embeddable":true,"href":"https:\/\/etab.ac-reunion.fr\/clg-plateau-goyaves\/wp-json\/wp\/v2\/tags?post=2557"}],"curies":[{"name":"wp","href":"https:\/\/api.w.org\/{rel}","templated":true}]}}