{"id":4388,"date":"2022-07-04T01:24:57","date_gmt":"2022-07-03T21:24:57","guid":{"rendered":"http:\/\/college-plateau-goyaves.ac-reunion.fr\/?p=4388"},"modified":"2024-09-16T12:35:16","modified_gmt":"2024-09-16T08:35:16","slug":"arts-plastiques-une-galerie-au-college-un-artiste-une-exposition-rdu-temps-kuriosites2","status":"publish","type":"post","link":"https:\/\/etab.ac-reunion.fr\/clg-plateau-goyaves\/2022\/07\/04\/arts-plastiques-une-galerie-au-college-un-artiste-une-exposition-rdu-temps-kuriosites2\/","title":{"rendered":"ARTS PLASTIQUES\/ UNE GALERIE AU COLL\u00c8GE \/ UN ARTISTE, UNE EXPOSITION: R&rsquo;DU TEMPS \u00ab\u00a0Kuriosit\u00e9s#2\u00a0\u00bb"},"content":{"rendered":"\n<p>Ann\u00e9e scolaire 2020\/2021 \/ <strong>Exposition (Novembre 2020)<\/strong><\/p>\n\n\n\n<p><em><strong>R&rsquo; DU TEMPS est un duo de cr\u00e9ateurs<\/strong> qui a commenc\u00e9 sa collaboration par la cr\u00e9ation d\u2019une agence<br>de cr\u00e9ation dans les<strong> domaines de la mode et du design<\/strong>. Leur travail <strong>s\u2019inspire alors de la nature<\/strong>. Ils<br>la revisitent et la mettent en sc\u00e8ne, afin de t\u00e9moigner \u00e0 la fois de sa richesse et sa vuln\u00e9rabilit\u00e9, le<br><strong>tout en se pr\u00e9occupant de la<\/strong> <strong>fonction humaine et sociale des objets<\/strong>.<\/em><\/p>\n\n\n\n<p><em><strong>Julien Gaillot<\/strong>, ing\u00e9nieur de formation a travaill\u00e9 plusieurs ann\u00e9es dans la r\u00e9habilitation de<br>b\u00e2timents anciens et est actuellement designer \/ plasticien. <strong>Son mat\u00e9riau de pr\u00e9dilection est le<br>bois de r\u00e9cup\u00e9ration et aime allier design de r\u00e9cup\u00e9ration et sc\u00e9nographie<\/strong><br><strong>Claire Mezailles<\/strong>, avec qui il forme un duo artistique, s\u2019est form\u00e9e \u00e0 l\u2019\u00e9cole sup\u00e9rieure des<br>Beaux dans les domaines du graphisme et du design produit, actuellement elle est active dans<br>diverses projets comme plasticienne et illustratrice. <strong>Elle aime transformer et r\u00e9interpr\u00e9ter les vieux<br>objets du quotidien, \u00e0 travers des masques, des sculptures ou installations.<\/strong><\/em><\/p>\n\n\n\n<p>Texte extrait de leur dossier artistique consultable sur leur site internet:<\/p>\n\n\n\n<p><a href=\"http:\/\/www.rdutemps.fr\" target=\"_blank\" rel=\"noreferrer noopener\">http:\/\/www.rdutemps.fr<\/a><\/p>\n\n\n\n<p>Ils vivent et travaillent \u00e0 La R\u00e9union.<\/p>\n\n\n\n<p>En Novembre 2020, ce duo d&rsquo;artistes nous a pr\u00e9sent\u00e9 toute la diversit\u00e9 de leur production artistique, \u00e0 la fois en peinture, s\u00e9rigraphie, sculpture, mais aussi design d&rsquo;objets dans une tr\u00e8s belle exposition, intitul\u00e9e \u00ab\u00a0Kuriosit\u00e9s #2\u00a0\u00bb. Pourquoi le terme <em>kuriosit\u00e9s<\/em> ? Tout simplement en r\u00e9f\u00e9rence aux cabinets de curiosit\u00e9s du 17eme si\u00e8cle, qui recelaient bien des objets insolites en tous genres, \u00e0 l&rsquo;image des cr\u00e9ations d&rsquo;R DU TEMPS, parmi lesquelles figurent des repr\u00e9sentations d&rsquo;animaux, de v\u00e9g\u00e9taux, s&rsquo;inspirant abondamment de la flore et de la faune locales, mais \u00e9galement de masques.<\/p>\n\n\n\n<p>et \u00ab\u00a0#2\u00a0\u00bb, car R&rsquo; DU TEMPS avait fait une premi\u00e8re exposition sur le th\u00e8me du cabinet de curiosit\u00e9 en 2018. C &lsquo;\u00e9tait donc une seconde \u00e9dition, exclusivement pour le coll\u00e8ge Plateau Goyaves&#8230;<\/p>\n\n\n\n<figure class=\"wp-block-image size-large\"><img loading=\"lazy\" decoding=\"async\" width=\"1024\" height=\"768\" src=\"https:\/\/etab.ac-reunion.fr\/clg-plateau-goyaves\/wp-content\/uploads\/sites\/109\/2022\/07\/IMG_20201120_113218-1024x768.jpg\" alt=\"\" class=\"wp-image-4392\" srcset=\"https:\/\/etab.ac-reunion.fr\/clg-plateau-goyaves\/wp-content\/uploads\/sites\/109\/2022\/07\/IMG_20201120_113218-1024x768.jpg 1024w, https:\/\/etab.ac-reunion.fr\/clg-plateau-goyaves\/wp-content\/uploads\/sites\/109\/2022\/07\/IMG_20201120_113218-300x225.jpg 300w, https:\/\/etab.ac-reunion.fr\/clg-plateau-goyaves\/wp-content\/uploads\/sites\/109\/2022\/07\/IMG_20201120_113218-768x576.jpg 768w, https:\/\/etab.ac-reunion.fr\/clg-plateau-goyaves\/wp-content\/uploads\/sites\/109\/2022\/07\/IMG_20201120_113218-1536x1152.jpg 1536w, https:\/\/etab.ac-reunion.fr\/clg-plateau-goyaves\/wp-content\/uploads\/sites\/109\/2022\/07\/IMG_20201120_113218-2048x1536.jpg 2048w, https:\/\/etab.ac-reunion.fr\/clg-plateau-goyaves\/wp-content\/uploads\/sites\/109\/2022\/07\/IMG_20201120_113218-267x200.jpg 267w\" sizes=\"(max-width: 1024px) 100vw, 1024px\" \/><figcaption>Vue d&rsquo; ensemble de l&rsquo;exposition<\/figcaption><\/figure>\n\n\n\n<figure class=\"wp-block-image size-large\"><img loading=\"lazy\" decoding=\"async\" width=\"1024\" height=\"768\" src=\"https:\/\/etab.ac-reunion.fr\/clg-plateau-goyaves\/wp-content\/uploads\/sites\/109\/2022\/07\/IMG_20201112_162737-1024x768.jpg\" alt=\"\" class=\"wp-image-4393\" srcset=\"https:\/\/etab.ac-reunion.fr\/clg-plateau-goyaves\/wp-content\/uploads\/sites\/109\/2022\/07\/IMG_20201112_162737-1024x768.jpg 1024w, https:\/\/etab.ac-reunion.fr\/clg-plateau-goyaves\/wp-content\/uploads\/sites\/109\/2022\/07\/IMG_20201112_162737-300x225.jpg 300w, https:\/\/etab.ac-reunion.fr\/clg-plateau-goyaves\/wp-content\/uploads\/sites\/109\/2022\/07\/IMG_20201112_162737-768x576.jpg 768w, https:\/\/etab.ac-reunion.fr\/clg-plateau-goyaves\/wp-content\/uploads\/sites\/109\/2022\/07\/IMG_20201112_162737-1536x1152.jpg 1536w, https:\/\/etab.ac-reunion.fr\/clg-plateau-goyaves\/wp-content\/uploads\/sites\/109\/2022\/07\/IMG_20201112_162737-2048x1536.jpg 2048w, https:\/\/etab.ac-reunion.fr\/clg-plateau-goyaves\/wp-content\/uploads\/sites\/109\/2022\/07\/IMG_20201112_162737-267x200.jpg 267w\" sizes=\"(max-width: 1024px) 100vw, 1024px\" \/><figcaption>Vue d&rsquo;ensemble de l&rsquo;exposition (photo A.Jourdain)<\/figcaption><\/figure>\n\n\n\n<figure class=\"wp-block-image size-large\"><img loading=\"lazy\" decoding=\"async\" width=\"1024\" height=\"768\" src=\"https:\/\/etab.ac-reunion.fr\/clg-plateau-goyaves\/wp-content\/uploads\/sites\/109\/2022\/07\/IMG_20201112_163313-1024x768.jpg\" alt=\"\" class=\"wp-image-4394\" srcset=\"https:\/\/etab.ac-reunion.fr\/clg-plateau-goyaves\/wp-content\/uploads\/sites\/109\/2022\/07\/IMG_20201112_163313-1024x768.jpg 1024w, https:\/\/etab.ac-reunion.fr\/clg-plateau-goyaves\/wp-content\/uploads\/sites\/109\/2022\/07\/IMG_20201112_163313-300x225.jpg 300w, https:\/\/etab.ac-reunion.fr\/clg-plateau-goyaves\/wp-content\/uploads\/sites\/109\/2022\/07\/IMG_20201112_163313-768x576.jpg 768w, https:\/\/etab.ac-reunion.fr\/clg-plateau-goyaves\/wp-content\/uploads\/sites\/109\/2022\/07\/IMG_20201112_163313-1536x1152.jpg 1536w, https:\/\/etab.ac-reunion.fr\/clg-plateau-goyaves\/wp-content\/uploads\/sites\/109\/2022\/07\/IMG_20201112_163313-2048x1536.jpg 2048w, https:\/\/etab.ac-reunion.fr\/clg-plateau-goyaves\/wp-content\/uploads\/sites\/109\/2022\/07\/IMG_20201112_163313-267x200.jpg 267w\" sizes=\"(max-width: 1024px) 100vw, 1024px\" \/><\/figure>\n\n\n\n<figure class=\"wp-block-image size-large\"><img loading=\"lazy\" decoding=\"async\" width=\"1024\" height=\"768\" src=\"https:\/\/etab.ac-reunion.fr\/clg-plateau-goyaves\/wp-content\/uploads\/sites\/109\/2022\/07\/IMG_20201112_162845-1024x768.jpg\" alt=\"\" class=\"wp-image-4395\" srcset=\"https:\/\/etab.ac-reunion.fr\/clg-plateau-goyaves\/wp-content\/uploads\/sites\/109\/2022\/07\/IMG_20201112_162845-1024x768.jpg 1024w, https:\/\/etab.ac-reunion.fr\/clg-plateau-goyaves\/wp-content\/uploads\/sites\/109\/2022\/07\/IMG_20201112_162845-300x225.jpg 300w, https:\/\/etab.ac-reunion.fr\/clg-plateau-goyaves\/wp-content\/uploads\/sites\/109\/2022\/07\/IMG_20201112_162845-768x576.jpg 768w, https:\/\/etab.ac-reunion.fr\/clg-plateau-goyaves\/wp-content\/uploads\/sites\/109\/2022\/07\/IMG_20201112_162845-1536x1152.jpg 1536w, https:\/\/etab.ac-reunion.fr\/clg-plateau-goyaves\/wp-content\/uploads\/sites\/109\/2022\/07\/IMG_20201112_162845-2048x1536.jpg 2048w, https:\/\/etab.ac-reunion.fr\/clg-plateau-goyaves\/wp-content\/uploads\/sites\/109\/2022\/07\/IMG_20201112_162845-267x200.jpg 267w\" sizes=\"(max-width: 1024px) 100vw, 1024px\" \/><figcaption>Design d&rsquo;objets \/ Divers \u00e9l\u00e9ments de mobilier ( chaise, table basse et tabouret) en mat\u00e9riaux de r\u00e9cup\u00e9ration (au premier plan), R&rsquo; DU TEMPS, 2015<\/figcaption><\/figure>\n\n\n\n<figure class=\"wp-block-image size-large\"><img loading=\"lazy\" decoding=\"async\" width=\"768\" height=\"1024\" src=\"https:\/\/etab.ac-reunion.fr\/clg-plateau-goyaves\/wp-content\/uploads\/sites\/109\/2022\/07\/IMG_20201112_163335-768x1024.jpg\" alt=\"\" class=\"wp-image-4396\" srcset=\"https:\/\/etab.ac-reunion.fr\/clg-plateau-goyaves\/wp-content\/uploads\/sites\/109\/2022\/07\/IMG_20201112_163335-768x1024.jpg 768w, https:\/\/etab.ac-reunion.fr\/clg-plateau-goyaves\/wp-content\/uploads\/sites\/109\/2022\/07\/IMG_20201112_163335-225x300.jpg 225w, https:\/\/etab.ac-reunion.fr\/clg-plateau-goyaves\/wp-content\/uploads\/sites\/109\/2022\/07\/IMG_20201112_163335-1152x1536.jpg 1152w, https:\/\/etab.ac-reunion.fr\/clg-plateau-goyaves\/wp-content\/uploads\/sites\/109\/2022\/07\/IMG_20201112_163335-1536x2048.jpg 1536w, https:\/\/etab.ac-reunion.fr\/clg-plateau-goyaves\/wp-content\/uploads\/sites\/109\/2022\/07\/IMG_20201112_163335-150x200.jpg 150w, https:\/\/etab.ac-reunion.fr\/clg-plateau-goyaves\/wp-content\/uploads\/sites\/109\/2022\/07\/IMG_20201112_163335-scaled.jpg 1920w\" sizes=\"(max-width: 768px) 100vw, 768px\" \/><figcaption>Masque, R&rsquo; DU TEMPS, 2017<\/figcaption><\/figure>\n\n\n\n<figure class=\"wp-block-image size-large\"><img loading=\"lazy\" decoding=\"async\" width=\"768\" height=\"1024\" src=\"https:\/\/etab.ac-reunion.fr\/clg-plateau-goyaves\/wp-content\/uploads\/sites\/109\/2022\/07\/IMG_20201112_163350-768x1024.jpg\" alt=\"\" class=\"wp-image-4397\" srcset=\"https:\/\/etab.ac-reunion.fr\/clg-plateau-goyaves\/wp-content\/uploads\/sites\/109\/2022\/07\/IMG_20201112_163350-768x1024.jpg 768w, https:\/\/etab.ac-reunion.fr\/clg-plateau-goyaves\/wp-content\/uploads\/sites\/109\/2022\/07\/IMG_20201112_163350-225x300.jpg 225w, https:\/\/etab.ac-reunion.fr\/clg-plateau-goyaves\/wp-content\/uploads\/sites\/109\/2022\/07\/IMG_20201112_163350-1152x1536.jpg 1152w, https:\/\/etab.ac-reunion.fr\/clg-plateau-goyaves\/wp-content\/uploads\/sites\/109\/2022\/07\/IMG_20201112_163350-1536x2048.jpg 1536w, https:\/\/etab.ac-reunion.fr\/clg-plateau-goyaves\/wp-content\/uploads\/sites\/109\/2022\/07\/IMG_20201112_163350-150x200.jpg 150w, https:\/\/etab.ac-reunion.fr\/clg-plateau-goyaves\/wp-content\/uploads\/sites\/109\/2022\/07\/IMG_20201112_163350-scaled.jpg 1920w\" sizes=\"(max-width: 768px) 100vw, 768px\" \/><figcaption>Masque, R&rsquo; DU TEMPS, 2017<\/figcaption><\/figure>\n\n\n\n<figure class=\"wp-block-image size-large is-resized\"><img loading=\"lazy\" decoding=\"async\" src=\"https:\/\/etab.ac-reunion.fr\/clg-plateau-goyaves\/wp-content\/uploads\/sites\/109\/2022\/07\/IMG_20201112_162829-768x1024.jpg\" alt=\"\" class=\"wp-image-4398\" width=\"327\" height=\"436\" srcset=\"https:\/\/etab.ac-reunion.fr\/clg-plateau-goyaves\/wp-content\/uploads\/sites\/109\/2022\/07\/IMG_20201112_162829-768x1024.jpg 768w, https:\/\/etab.ac-reunion.fr\/clg-plateau-goyaves\/wp-content\/uploads\/sites\/109\/2022\/07\/IMG_20201112_162829-225x300.jpg 225w, https:\/\/etab.ac-reunion.fr\/clg-plateau-goyaves\/wp-content\/uploads\/sites\/109\/2022\/07\/IMG_20201112_162829-1152x1536.jpg 1152w, https:\/\/etab.ac-reunion.fr\/clg-plateau-goyaves\/wp-content\/uploads\/sites\/109\/2022\/07\/IMG_20201112_162829-1536x2048.jpg 1536w, https:\/\/etab.ac-reunion.fr\/clg-plateau-goyaves\/wp-content\/uploads\/sites\/109\/2022\/07\/IMG_20201112_162829-150x200.jpg 150w, https:\/\/etab.ac-reunion.fr\/clg-plateau-goyaves\/wp-content\/uploads\/sites\/109\/2022\/07\/IMG_20201112_162829-scaled.jpg 1920w\" sizes=\"(max-width: 327px) 100vw, 327px\" \/><figcaption>Sculpture, R&rsquo; DU TEMPS<\/figcaption><\/figure>\n\n\n\n<figure class=\"wp-block-image size-large\"><img loading=\"lazy\" decoding=\"async\" width=\"1024\" height=\"768\" src=\"https:\/\/etab.ac-reunion.fr\/clg-plateau-goyaves\/wp-content\/uploads\/sites\/109\/2022\/07\/IMG_20201112_163146-1024x768.jpg\" alt=\"\" class=\"wp-image-4399\" srcset=\"https:\/\/etab.ac-reunion.fr\/clg-plateau-goyaves\/wp-content\/uploads\/sites\/109\/2022\/07\/IMG_20201112_163146-1024x768.jpg 1024w, https:\/\/etab.ac-reunion.fr\/clg-plateau-goyaves\/wp-content\/uploads\/sites\/109\/2022\/07\/IMG_20201112_163146-300x225.jpg 300w, https:\/\/etab.ac-reunion.fr\/clg-plateau-goyaves\/wp-content\/uploads\/sites\/109\/2022\/07\/IMG_20201112_163146-768x576.jpg 768w, https:\/\/etab.ac-reunion.fr\/clg-plateau-goyaves\/wp-content\/uploads\/sites\/109\/2022\/07\/IMG_20201112_163146-1536x1152.jpg 1536w, https:\/\/etab.ac-reunion.fr\/clg-plateau-goyaves\/wp-content\/uploads\/sites\/109\/2022\/07\/IMG_20201112_163146-2048x1536.jpg 2048w, https:\/\/etab.ac-reunion.fr\/clg-plateau-goyaves\/wp-content\/uploads\/sites\/109\/2022\/07\/IMG_20201112_163146-267x200.jpg 267w\" sizes=\"(max-width: 1024px) 100vw, 1024px\" \/><figcaption><em>Portrait du contre amiral de Hell<\/em>, R&rsquo; DU TEMPS, peinture, techniques mixtes,2017<\/figcaption><\/figure>\n\n\n\n<figure class=\"wp-block-image size-large\"><img loading=\"lazy\" decoding=\"async\" width=\"1024\" height=\"768\" src=\"https:\/\/etab.ac-reunion.fr\/clg-plateau-goyaves\/wp-content\/uploads\/sites\/109\/2022\/07\/IMG_20201112_162945-1024x768.jpg\" alt=\"\" class=\"wp-image-4400\" srcset=\"https:\/\/etab.ac-reunion.fr\/clg-plateau-goyaves\/wp-content\/uploads\/sites\/109\/2022\/07\/IMG_20201112_162945-1024x768.jpg 1024w, https:\/\/etab.ac-reunion.fr\/clg-plateau-goyaves\/wp-content\/uploads\/sites\/109\/2022\/07\/IMG_20201112_162945-300x225.jpg 300w, https:\/\/etab.ac-reunion.fr\/clg-plateau-goyaves\/wp-content\/uploads\/sites\/109\/2022\/07\/IMG_20201112_162945-768x576.jpg 768w, https:\/\/etab.ac-reunion.fr\/clg-plateau-goyaves\/wp-content\/uploads\/sites\/109\/2022\/07\/IMG_20201112_162945-1536x1152.jpg 1536w, https:\/\/etab.ac-reunion.fr\/clg-plateau-goyaves\/wp-content\/uploads\/sites\/109\/2022\/07\/IMG_20201112_162945-2048x1536.jpg 2048w, https:\/\/etab.ac-reunion.fr\/clg-plateau-goyaves\/wp-content\/uploads\/sites\/109\/2022\/07\/IMG_20201112_162945-267x200.jpg 267w\" sizes=\"(max-width: 1024px) 100vw, 1024px\" \/><\/figure>\n\n\n\n<figure class=\"wp-block-image size-large\"><img loading=\"lazy\" decoding=\"async\" width=\"1024\" height=\"768\" src=\"https:\/\/etab.ac-reunion.fr\/clg-plateau-goyaves\/wp-content\/uploads\/sites\/109\/2022\/07\/IMG_20201112_162908-1-1024x768.jpg\" alt=\"\" class=\"wp-image-4401\" srcset=\"https:\/\/etab.ac-reunion.fr\/clg-plateau-goyaves\/wp-content\/uploads\/sites\/109\/2022\/07\/IMG_20201112_162908-1-1024x768.jpg 1024w, https:\/\/etab.ac-reunion.fr\/clg-plateau-goyaves\/wp-content\/uploads\/sites\/109\/2022\/07\/IMG_20201112_162908-1-300x225.jpg 300w, https:\/\/etab.ac-reunion.fr\/clg-plateau-goyaves\/wp-content\/uploads\/sites\/109\/2022\/07\/IMG_20201112_162908-1-768x576.jpg 768w, https:\/\/etab.ac-reunion.fr\/clg-plateau-goyaves\/wp-content\/uploads\/sites\/109\/2022\/07\/IMG_20201112_162908-1-1536x1152.jpg 1536w, https:\/\/etab.ac-reunion.fr\/clg-plateau-goyaves\/wp-content\/uploads\/sites\/109\/2022\/07\/IMG_20201112_162908-1-2048x1536.jpg 2048w, https:\/\/etab.ac-reunion.fr\/clg-plateau-goyaves\/wp-content\/uploads\/sites\/109\/2022\/07\/IMG_20201112_162908-1-267x200.jpg 267w\" sizes=\"(max-width: 1024px) 100vw, 1024px\" \/><figcaption>Sculpture, R&rsquo; DU TEMPS, assemblage en mat\u00e9riaux de r\u00e9cup\u00e9ration, 2019<\/figcaption><\/figure>\n\n\n\n<figure class=\"wp-block-image size-large\"><img loading=\"lazy\" decoding=\"async\" width=\"1024\" height=\"768\" src=\"https:\/\/etab.ac-reunion.fr\/clg-plateau-goyaves\/wp-content\/uploads\/sites\/109\/2022\/07\/IMG_20201112_162931-1024x768.jpg\" alt=\"\" class=\"wp-image-4402\" srcset=\"https:\/\/etab.ac-reunion.fr\/clg-plateau-goyaves\/wp-content\/uploads\/sites\/109\/2022\/07\/IMG_20201112_162931-1024x768.jpg 1024w, https:\/\/etab.ac-reunion.fr\/clg-plateau-goyaves\/wp-content\/uploads\/sites\/109\/2022\/07\/IMG_20201112_162931-300x225.jpg 300w, https:\/\/etab.ac-reunion.fr\/clg-plateau-goyaves\/wp-content\/uploads\/sites\/109\/2022\/07\/IMG_20201112_162931-768x576.jpg 768w, https:\/\/etab.ac-reunion.fr\/clg-plateau-goyaves\/wp-content\/uploads\/sites\/109\/2022\/07\/IMG_20201112_162931-1536x1152.jpg 1536w, https:\/\/etab.ac-reunion.fr\/clg-plateau-goyaves\/wp-content\/uploads\/sites\/109\/2022\/07\/IMG_20201112_162931-2048x1536.jpg 2048w, https:\/\/etab.ac-reunion.fr\/clg-plateau-goyaves\/wp-content\/uploads\/sites\/109\/2022\/07\/IMG_20201112_162931-267x200.jpg 267w\" sizes=\"(max-width: 1024px) 100vw, 1024px\" \/><\/figure>\n\n\n\n<figure class=\"wp-block-image size-large\"><img loading=\"lazy\" decoding=\"async\" width=\"768\" height=\"1024\" src=\"https:\/\/etab.ac-reunion.fr\/clg-plateau-goyaves\/wp-content\/uploads\/sites\/109\/2022\/07\/IMG_20201112_163222-768x1024.jpg\" alt=\"\" class=\"wp-image-4403\" srcset=\"https:\/\/etab.ac-reunion.fr\/clg-plateau-goyaves\/wp-content\/uploads\/sites\/109\/2022\/07\/IMG_20201112_163222-768x1024.jpg 768w, https:\/\/etab.ac-reunion.fr\/clg-plateau-goyaves\/wp-content\/uploads\/sites\/109\/2022\/07\/IMG_20201112_163222-225x300.jpg 225w, https:\/\/etab.ac-reunion.fr\/clg-plateau-goyaves\/wp-content\/uploads\/sites\/109\/2022\/07\/IMG_20201112_163222-1152x1536.jpg 1152w, https:\/\/etab.ac-reunion.fr\/clg-plateau-goyaves\/wp-content\/uploads\/sites\/109\/2022\/07\/IMG_20201112_163222-1536x2048.jpg 1536w, https:\/\/etab.ac-reunion.fr\/clg-plateau-goyaves\/wp-content\/uploads\/sites\/109\/2022\/07\/IMG_20201112_163222-150x200.jpg 150w, https:\/\/etab.ac-reunion.fr\/clg-plateau-goyaves\/wp-content\/uploads\/sites\/109\/2022\/07\/IMG_20201112_163222-scaled.jpg 1920w\" sizes=\"(max-width: 768px) 100vw, 768px\" \/><figcaption>Design d&rsquo;objets \/ bijoux en mat\u00e9riaux de r\u00e9cup\u00e9ration, R&rsquo; DU TEMPS<\/figcaption><\/figure>\n\n\n\n<figure class=\"wp-block-image size-large is-resized\"><img loading=\"lazy\" decoding=\"async\" src=\"https:\/\/etab.ac-reunion.fr\/clg-plateau-goyaves\/wp-content\/uploads\/sites\/109\/2022\/07\/IMG_20201112_163022-768x1024.jpg\" alt=\"\" class=\"wp-image-4404\" width=\"221\" height=\"295\" srcset=\"https:\/\/etab.ac-reunion.fr\/clg-plateau-goyaves\/wp-content\/uploads\/sites\/109\/2022\/07\/IMG_20201112_163022-768x1024.jpg 768w, https:\/\/etab.ac-reunion.fr\/clg-plateau-goyaves\/wp-content\/uploads\/sites\/109\/2022\/07\/IMG_20201112_163022-225x300.jpg 225w, https:\/\/etab.ac-reunion.fr\/clg-plateau-goyaves\/wp-content\/uploads\/sites\/109\/2022\/07\/IMG_20201112_163022-1152x1536.jpg 1152w, https:\/\/etab.ac-reunion.fr\/clg-plateau-goyaves\/wp-content\/uploads\/sites\/109\/2022\/07\/IMG_20201112_163022-1536x2048.jpg 1536w, https:\/\/etab.ac-reunion.fr\/clg-plateau-goyaves\/wp-content\/uploads\/sites\/109\/2022\/07\/IMG_20201112_163022-150x200.jpg 150w, https:\/\/etab.ac-reunion.fr\/clg-plateau-goyaves\/wp-content\/uploads\/sites\/109\/2022\/07\/IMG_20201112_163022-scaled.jpg 1920w\" sizes=\"(max-width: 221px) 100vw, 221px\" \/><\/figure>\n\n\n\n<figure class=\"wp-block-image size-large is-resized\"><img loading=\"lazy\" decoding=\"async\" src=\"https:\/\/etab.ac-reunion.fr\/clg-plateau-goyaves\/wp-content\/uploads\/sites\/109\/2022\/07\/IMG_20201112_163029-768x1024.jpg\" alt=\"\" class=\"wp-image-4405\" width=\"220\" height=\"293\" srcset=\"https:\/\/etab.ac-reunion.fr\/clg-plateau-goyaves\/wp-content\/uploads\/sites\/109\/2022\/07\/IMG_20201112_163029-768x1024.jpg 768w, https:\/\/etab.ac-reunion.fr\/clg-plateau-goyaves\/wp-content\/uploads\/sites\/109\/2022\/07\/IMG_20201112_163029-225x300.jpg 225w, https:\/\/etab.ac-reunion.fr\/clg-plateau-goyaves\/wp-content\/uploads\/sites\/109\/2022\/07\/IMG_20201112_163029-1152x1536.jpg 1152w, https:\/\/etab.ac-reunion.fr\/clg-plateau-goyaves\/wp-content\/uploads\/sites\/109\/2022\/07\/IMG_20201112_163029-1536x2048.jpg 1536w, https:\/\/etab.ac-reunion.fr\/clg-plateau-goyaves\/wp-content\/uploads\/sites\/109\/2022\/07\/IMG_20201112_163029-150x200.jpg 150w, https:\/\/etab.ac-reunion.fr\/clg-plateau-goyaves\/wp-content\/uploads\/sites\/109\/2022\/07\/IMG_20201112_163029-scaled.jpg 1920w\" sizes=\"(max-width: 220px) 100vw, 220px\" \/><\/figure>\n\n\n\n<figure class=\"wp-block-image size-large is-resized\"><img loading=\"lazy\" decoding=\"async\" src=\"https:\/\/etab.ac-reunion.fr\/clg-plateau-goyaves\/wp-content\/uploads\/sites\/109\/2022\/07\/IMG_20201112_163013-768x1024.jpg\" alt=\"\" class=\"wp-image-4406\" width=\"219\" height=\"292\" srcset=\"https:\/\/etab.ac-reunion.fr\/clg-plateau-goyaves\/wp-content\/uploads\/sites\/109\/2022\/07\/IMG_20201112_163013-768x1024.jpg 768w, https:\/\/etab.ac-reunion.fr\/clg-plateau-goyaves\/wp-content\/uploads\/sites\/109\/2022\/07\/IMG_20201112_163013-225x300.jpg 225w, https:\/\/etab.ac-reunion.fr\/clg-plateau-goyaves\/wp-content\/uploads\/sites\/109\/2022\/07\/IMG_20201112_163013-1152x1536.jpg 1152w, https:\/\/etab.ac-reunion.fr\/clg-plateau-goyaves\/wp-content\/uploads\/sites\/109\/2022\/07\/IMG_20201112_163013-1536x2048.jpg 1536w, https:\/\/etab.ac-reunion.fr\/clg-plateau-goyaves\/wp-content\/uploads\/sites\/109\/2022\/07\/IMG_20201112_163013-150x200.jpg 150w, https:\/\/etab.ac-reunion.fr\/clg-plateau-goyaves\/wp-content\/uploads\/sites\/109\/2022\/07\/IMG_20201112_163013-scaled.jpg 1920w\" sizes=\"(max-width: 219px) 100vw, 219px\" \/><\/figure>\n\n\n\n<figure class=\"wp-block-image size-large\"><img loading=\"lazy\" decoding=\"async\" width=\"768\" height=\"1024\" src=\"https:\/\/etab.ac-reunion.fr\/clg-plateau-goyaves\/wp-content\/uploads\/sites\/109\/2022\/07\/IMG_20201112_163051-768x1024.jpg\" alt=\"\" class=\"wp-image-4407\" srcset=\"https:\/\/etab.ac-reunion.fr\/clg-plateau-goyaves\/wp-content\/uploads\/sites\/109\/2022\/07\/IMG_20201112_163051-768x1024.jpg 768w, https:\/\/etab.ac-reunion.fr\/clg-plateau-goyaves\/wp-content\/uploads\/sites\/109\/2022\/07\/IMG_20201112_163051-225x300.jpg 225w, https:\/\/etab.ac-reunion.fr\/clg-plateau-goyaves\/wp-content\/uploads\/sites\/109\/2022\/07\/IMG_20201112_163051-1152x1536.jpg 1152w, https:\/\/etab.ac-reunion.fr\/clg-plateau-goyaves\/wp-content\/uploads\/sites\/109\/2022\/07\/IMG_20201112_163051-1536x2048.jpg 1536w, https:\/\/etab.ac-reunion.fr\/clg-plateau-goyaves\/wp-content\/uploads\/sites\/109\/2022\/07\/IMG_20201112_163051-150x200.jpg 150w, https:\/\/etab.ac-reunion.fr\/clg-plateau-goyaves\/wp-content\/uploads\/sites\/109\/2022\/07\/IMG_20201112_163051-scaled.jpg 1920w\" sizes=\"(max-width: 768px) 100vw, 768px\" \/><\/figure>\n\n\n\n<figure class=\"wp-block-image size-large is-resized\"><img loading=\"lazy\" decoding=\"async\" src=\"https:\/\/etab.ac-reunion.fr\/clg-plateau-goyaves\/wp-content\/uploads\/sites\/109\/2022\/07\/IMG_20201112_163238-768x1024.jpg\" alt=\"\" class=\"wp-image-4408\" width=\"232\" height=\"309\" srcset=\"https:\/\/etab.ac-reunion.fr\/clg-plateau-goyaves\/wp-content\/uploads\/sites\/109\/2022\/07\/IMG_20201112_163238-768x1024.jpg 768w, https:\/\/etab.ac-reunion.fr\/clg-plateau-goyaves\/wp-content\/uploads\/sites\/109\/2022\/07\/IMG_20201112_163238-225x300.jpg 225w, https:\/\/etab.ac-reunion.fr\/clg-plateau-goyaves\/wp-content\/uploads\/sites\/109\/2022\/07\/IMG_20201112_163238-1152x1536.jpg 1152w, https:\/\/etab.ac-reunion.fr\/clg-plateau-goyaves\/wp-content\/uploads\/sites\/109\/2022\/07\/IMG_20201112_163238-1536x2048.jpg 1536w, https:\/\/etab.ac-reunion.fr\/clg-plateau-goyaves\/wp-content\/uploads\/sites\/109\/2022\/07\/IMG_20201112_163238-150x200.jpg 150w, https:\/\/etab.ac-reunion.fr\/clg-plateau-goyaves\/wp-content\/uploads\/sites\/109\/2022\/07\/IMG_20201112_163238-scaled.jpg 1920w\" sizes=\"(max-width: 232px) 100vw, 232px\" \/><\/figure>\n\n\n\n<figure class=\"wp-block-image size-large\"><img loading=\"lazy\" decoding=\"async\" width=\"1024\" height=\"768\" src=\"https:\/\/etab.ac-reunion.fr\/clg-plateau-goyaves\/wp-content\/uploads\/sites\/109\/2022\/07\/IMG_20201117_144736-1024x768.jpg\" alt=\"\" class=\"wp-image-4409\" srcset=\"https:\/\/etab.ac-reunion.fr\/clg-plateau-goyaves\/wp-content\/uploads\/sites\/109\/2022\/07\/IMG_20201117_144736-1024x768.jpg 1024w, https:\/\/etab.ac-reunion.fr\/clg-plateau-goyaves\/wp-content\/uploads\/sites\/109\/2022\/07\/IMG_20201117_144736-300x225.jpg 300w, https:\/\/etab.ac-reunion.fr\/clg-plateau-goyaves\/wp-content\/uploads\/sites\/109\/2022\/07\/IMG_20201117_144736-768x576.jpg 768w, https:\/\/etab.ac-reunion.fr\/clg-plateau-goyaves\/wp-content\/uploads\/sites\/109\/2022\/07\/IMG_20201117_144736-1536x1152.jpg 1536w, https:\/\/etab.ac-reunion.fr\/clg-plateau-goyaves\/wp-content\/uploads\/sites\/109\/2022\/07\/IMG_20201117_144736-2048x1536.jpg 2048w, https:\/\/etab.ac-reunion.fr\/clg-plateau-goyaves\/wp-content\/uploads\/sites\/109\/2022\/07\/IMG_20201117_144736-267x200.jpg 267w\" sizes=\"(max-width: 1024px) 100vw, 1024px\" \/><figcaption>M\u00e9diation assur\u00e9e sur place par les artistes Julien GAILLOT ou Claire MEZAILLES<\/figcaption><\/figure>\n","protected":false},"excerpt":{"rendered":"<p>Ann\u00e9e scolaire 2020\/2021 \/ Exposition (Novembre 2020) R&rsquo; DU TEMPS est un duo de cr\u00e9ateurs qui a commenc\u00e9 sa collaboration par la cr\u00e9ation d\u2019une agencede cr\u00e9ation dans les domaines de la mode et du design. Leur travail s\u2019inspire alors de la nature. Ilsla revisitent et la mettent en sc\u00e8ne, afin de t\u00e9moigner \u00e0 la fois [&hellip;]<\/p>\n","protected":false},"author":28481,"featured_media":4389,"comment_status":"open","ping_status":"open","sticky":false,"template":"","format":"standard","meta":{"_et_pb_use_builder":"","_et_pb_old_content":"","_et_gb_content_width":"","footnotes":""},"categories":[70,104],"tags":[],"class_list":["post-4388","post","type-post","status-publish","format-standard","has-post-thumbnail","hentry","category-art","category-e-lro"],"_links":{"self":[{"href":"https:\/\/etab.ac-reunion.fr\/clg-plateau-goyaves\/wp-json\/wp\/v2\/posts\/4388","targetHints":{"allow":["GET"]}}],"collection":[{"href":"https:\/\/etab.ac-reunion.fr\/clg-plateau-goyaves\/wp-json\/wp\/v2\/posts"}],"about":[{"href":"https:\/\/etab.ac-reunion.fr\/clg-plateau-goyaves\/wp-json\/wp\/v2\/types\/post"}],"author":[{"embeddable":true,"href":"https:\/\/etab.ac-reunion.fr\/clg-plateau-goyaves\/wp-json\/wp\/v2\/users\/28481"}],"replies":[{"embeddable":true,"href":"https:\/\/etab.ac-reunion.fr\/clg-plateau-goyaves\/wp-json\/wp\/v2\/comments?post=4388"}],"version-history":[{"count":3,"href":"https:\/\/etab.ac-reunion.fr\/clg-plateau-goyaves\/wp-json\/wp\/v2\/posts\/4388\/revisions"}],"predecessor-version":[{"id":4411,"href":"https:\/\/etab.ac-reunion.fr\/clg-plateau-goyaves\/wp-json\/wp\/v2\/posts\/4388\/revisions\/4411"}],"wp:featuredmedia":[{"embeddable":true,"href":"https:\/\/etab.ac-reunion.fr\/clg-plateau-goyaves\/wp-json\/wp\/v2\/media\/4389"}],"wp:attachment":[{"href":"https:\/\/etab.ac-reunion.fr\/clg-plateau-goyaves\/wp-json\/wp\/v2\/media?parent=4388"}],"wp:term":[{"taxonomy":"category","embeddable":true,"href":"https:\/\/etab.ac-reunion.fr\/clg-plateau-goyaves\/wp-json\/wp\/v2\/categories?post=4388"},{"taxonomy":"post_tag","embeddable":true,"href":"https:\/\/etab.ac-reunion.fr\/clg-plateau-goyaves\/wp-json\/wp\/v2\/tags?post=4388"}],"curies":[{"name":"wp","href":"https:\/\/api.w.org\/{rel}","templated":true}]}}