{"id":4430,"date":"2022-07-04T21:26:27","date_gmt":"2022-07-04T17:26:27","guid":{"rendered":"http:\/\/college-plateau-goyaves.ac-reunion.fr\/?p=4430"},"modified":"2024-09-16T12:35:16","modified_gmt":"2024-09-16T08:35:16","slug":"arts-plastiques-une-galerie-au-college-e-lro-exposition-le-temps-de-lamour","status":"publish","type":"post","link":"https:\/\/etab.ac-reunion.fr\/clg-plateau-goyaves\/2022\/07\/04\/arts-plastiques-une-galerie-au-college-e-lro-exposition-le-temps-de-lamour\/","title":{"rendered":"ARTS PLASTIQUES\/ UNE GALERIE AU COLL\u00c8GE (E-LRO)\/ EXPOSITION \u00ab\u00a0LE TEMPS DE L&rsquo;AMOUR\u00a0\u00bb"},"content":{"rendered":"\n<p class=\"has-small-font-size\">Pour information: Le dispositif  \u00ab\u00a0Galerie au coll\u00e8ge\u00a0\u00bb, rattach\u00e9 au Parcours d&rsquo; \u00c9ducation Artistique et Culturelle, est \u00e0 pr\u00e9sent nomm\u00e9 E-LRO: Espaces et Lieux de Rencontre avec l\u2019\u0153uvre. <\/p>\n\n\n\n<p><strong>EXPOSITION TH\u00c9MATIQUE ANNUELLE EN R\u00c9SEAU (1er et 2nd degr\u00e9) \/ Avril 2022<\/strong><\/p>\n\n\n\n<p>Ann\u00e9e scolaire 2021\/2022<\/p>\n\n\n\n<p><strong>Apr\u00e8s cette longue p\u00e9riode marqu\u00e9e par la crise du Covid 19 et les protocoles de distanciation sociale entre les \u00eatres<\/strong>, les visages masqu\u00e9s de leur sourire, et les regards inquiets plus que de confiance, le p\u00f4le Arts du Coll\u00e8ge ne pouvait proposer qu&rsquo;un seul th\u00e8me pour <strong>remettre du lien entre les \u00e9l\u00e8ves, mais \u00e9galement entre les membres de la communaut\u00e9 \u00e9ducative<\/strong>: <strong>L&rsquo; Amour<\/strong><\/p>\n\n\n\n<p>Vaste th\u00e8me qui a fait couler tant d&rsquo;encre chez les auteurs m\u00eame les plus anciens, qui a fait na\u00eetre tant d&rsquo;images chez les sculpteurs, les peintres et les photographes&#8230;  <strong>Il \u00e9tait bien temps de remettre de l&rsquo;Amour dans nos vies, pour se sentir vibrer<\/strong> d&rsquo;un nouvel et autre \u00e9lan que celui promu par les autorit\u00e9s sanitaires durant la p\u00e9riode de crise, <strong>\u00e0 se r\u00e9approprier nos corps, nos sentiments trop refoul\u00e9s, \u00e0 r\u00eaver de nouveau ensemble d&rsquo;un monde plus solidaire et fraternel.<\/strong><\/p>\n\n\n\n<p>Pour cette nouvelle exposition, un de nos partenaires institutionnels,<strong> <\/strong>l&rsquo;<strong>ARTOTHEQUE de Saint Denis<\/strong>, nous a g\u00e9n\u00e9reusement pr\u00eat\u00e9 une petite vingtaine d\u2019\u0153uvres. L&rsquo;<strong>artiste Jean Marc LACAZE<\/strong> , nous a \u00e9galement pr\u00eat\u00e9 des \u0153uvres de sa collection personnelle. <strong>Ces \u0153uvres nous conduisent<\/strong>, dans leur diversit\u00e9 de techniques et d&rsquo;expressions, <strong>\u00e0 r\u00e9fl\u00e9chir<\/strong> sur les <strong>diff\u00e9rentes manifestations de l&rsquo; Amour: maternel, fraternel, passionnel (d\u00e9raisonn\u00e9 jusqu&rsquo;\u00e0 l&rsquo;exc\u00e8s, la destruction), amical, ou encore l&rsquo; amour de la Nature, ou l&rsquo;amour spirituel<\/strong>&#8230; Le <strong>symbole du c\u0153ur<\/strong> sera \u00e9videmment retrouv\u00e9 de fa\u00e7on r\u00e9currente sous de multiples formes et variations (peintures, assemblages, installation, photos)&#8230;<\/p>\n\n\n\n<figure class=\"wp-block-image size-large\"><img loading=\"lazy\" decoding=\"async\" width=\"724\" height=\"1024\" src=\"https:\/\/etab.ac-reunion.fr\/clg-plateau-goyaves\/wp-content\/uploads\/sites\/109\/2022\/07\/Affiche-Expo-le-temps-de-l-amour-a-imprimer-724x1024.png\" alt=\"\" class=\"wp-image-4434\" srcset=\"https:\/\/etab.ac-reunion.fr\/clg-plateau-goyaves\/wp-content\/uploads\/sites\/109\/2022\/07\/Affiche-Expo-le-temps-de-l-amour-a-imprimer-724x1024.png 724w, https:\/\/etab.ac-reunion.fr\/clg-plateau-goyaves\/wp-content\/uploads\/sites\/109\/2022\/07\/Affiche-Expo-le-temps-de-l-amour-a-imprimer-212x300.png 212w, https:\/\/etab.ac-reunion.fr\/clg-plateau-goyaves\/wp-content\/uploads\/sites\/109\/2022\/07\/Affiche-Expo-le-temps-de-l-amour-a-imprimer-768x1086.png 768w, https:\/\/etab.ac-reunion.fr\/clg-plateau-goyaves\/wp-content\/uploads\/sites\/109\/2022\/07\/Affiche-Expo-le-temps-de-l-amour-a-imprimer-1086x1536.png 1086w, https:\/\/etab.ac-reunion.fr\/clg-plateau-goyaves\/wp-content\/uploads\/sites\/109\/2022\/07\/Affiche-Expo-le-temps-de-l-amour-a-imprimer-1448x2048.png 1448w, https:\/\/etab.ac-reunion.fr\/clg-plateau-goyaves\/wp-content\/uploads\/sites\/109\/2022\/07\/Affiche-Expo-le-temps-de-l-amour-a-imprimer-141x200.png 141w\" sizes=\"(max-width: 724px) 100vw, 724px\" \/><figcaption>Affiche de l&rsquo;exposition \u00ab\u00a0Le temps de l&rsquo;Amour\u00a0\u00bb ( r\u00e9al. A. Jourdain)<\/figcaption><\/figure>\n\n\n\n<figure class=\"wp-block-image size-large\"><img loading=\"lazy\" decoding=\"async\" width=\"1024\" height=\"768\" src=\"https:\/\/etab.ac-reunion.fr\/clg-plateau-goyaves\/wp-content\/uploads\/sites\/109\/2022\/07\/20220408_130924-1-1024x768.jpg\" alt=\"\" class=\"wp-image-4436\" srcset=\"https:\/\/etab.ac-reunion.fr\/clg-plateau-goyaves\/wp-content\/uploads\/sites\/109\/2022\/07\/20220408_130924-1-1024x768.jpg 1024w, https:\/\/etab.ac-reunion.fr\/clg-plateau-goyaves\/wp-content\/uploads\/sites\/109\/2022\/07\/20220408_130924-1-300x225.jpg 300w, https:\/\/etab.ac-reunion.fr\/clg-plateau-goyaves\/wp-content\/uploads\/sites\/109\/2022\/07\/20220408_130924-1-768x576.jpg 768w, https:\/\/etab.ac-reunion.fr\/clg-plateau-goyaves\/wp-content\/uploads\/sites\/109\/2022\/07\/20220408_130924-1-1536x1152.jpg 1536w, https:\/\/etab.ac-reunion.fr\/clg-plateau-goyaves\/wp-content\/uploads\/sites\/109\/2022\/07\/20220408_130924-1-2048x1536.jpg 2048w, https:\/\/etab.ac-reunion.fr\/clg-plateau-goyaves\/wp-content\/uploads\/sites\/109\/2022\/07\/20220408_130924-1-267x200.jpg 267w\" sizes=\"(max-width: 1024px) 100vw, 1024px\" \/><figcaption>Vue d&rsquo;ensemble de l&rsquo;exposition \u00ab\u00a0Le Temps de l&rsquo;Amour\u00a0\u00bb<\/figcaption><\/figure>\n\n\n\n<figure class=\"wp-block-image size-large\"><img loading=\"lazy\" decoding=\"async\" width=\"1024\" height=\"768\" src=\"https:\/\/etab.ac-reunion.fr\/clg-plateau-goyaves\/wp-content\/uploads\/sites\/109\/2022\/07\/20220408_130611-1024x768.jpg\" alt=\"\" class=\"wp-image-4437\" srcset=\"https:\/\/etab.ac-reunion.fr\/clg-plateau-goyaves\/wp-content\/uploads\/sites\/109\/2022\/07\/20220408_130611-1024x768.jpg 1024w, https:\/\/etab.ac-reunion.fr\/clg-plateau-goyaves\/wp-content\/uploads\/sites\/109\/2022\/07\/20220408_130611-300x225.jpg 300w, https:\/\/etab.ac-reunion.fr\/clg-plateau-goyaves\/wp-content\/uploads\/sites\/109\/2022\/07\/20220408_130611-768x576.jpg 768w, https:\/\/etab.ac-reunion.fr\/clg-plateau-goyaves\/wp-content\/uploads\/sites\/109\/2022\/07\/20220408_130611-1536x1152.jpg 1536w, https:\/\/etab.ac-reunion.fr\/clg-plateau-goyaves\/wp-content\/uploads\/sites\/109\/2022\/07\/20220408_130611-2048x1536.jpg 2048w, https:\/\/etab.ac-reunion.fr\/clg-plateau-goyaves\/wp-content\/uploads\/sites\/109\/2022\/07\/20220408_130611-267x200.jpg 267w\" sizes=\"(max-width: 1024px) 100vw, 1024px\" \/><\/figure>\n\n\n\n<figure class=\"wp-block-image size-large\"><img loading=\"lazy\" decoding=\"async\" width=\"1024\" height=\"768\" src=\"https:\/\/etab.ac-reunion.fr\/clg-plateau-goyaves\/wp-content\/uploads\/sites\/109\/2022\/07\/20220408_130733-1024x768.jpg\" alt=\"\" class=\"wp-image-4438\" srcset=\"https:\/\/etab.ac-reunion.fr\/clg-plateau-goyaves\/wp-content\/uploads\/sites\/109\/2022\/07\/20220408_130733-1024x768.jpg 1024w, https:\/\/etab.ac-reunion.fr\/clg-plateau-goyaves\/wp-content\/uploads\/sites\/109\/2022\/07\/20220408_130733-300x225.jpg 300w, https:\/\/etab.ac-reunion.fr\/clg-plateau-goyaves\/wp-content\/uploads\/sites\/109\/2022\/07\/20220408_130733-768x576.jpg 768w, https:\/\/etab.ac-reunion.fr\/clg-plateau-goyaves\/wp-content\/uploads\/sites\/109\/2022\/07\/20220408_130733-1536x1152.jpg 1536w, https:\/\/etab.ac-reunion.fr\/clg-plateau-goyaves\/wp-content\/uploads\/sites\/109\/2022\/07\/20220408_130733-2048x1536.jpg 2048w, https:\/\/etab.ac-reunion.fr\/clg-plateau-goyaves\/wp-content\/uploads\/sites\/109\/2022\/07\/20220408_130733-267x200.jpg 267w\" sizes=\"(max-width: 1024px) 100vw, 1024px\" \/><\/figure>\n\n\n\n<figure class=\"wp-block-image size-large\"><img loading=\"lazy\" decoding=\"async\" width=\"1024\" height=\"768\" src=\"https:\/\/etab.ac-reunion.fr\/clg-plateau-goyaves\/wp-content\/uploads\/sites\/109\/2022\/07\/20220408_130701-1024x768.jpg\" alt=\"\" class=\"wp-image-4439\" srcset=\"https:\/\/etab.ac-reunion.fr\/clg-plateau-goyaves\/wp-content\/uploads\/sites\/109\/2022\/07\/20220408_130701-1024x768.jpg 1024w, https:\/\/etab.ac-reunion.fr\/clg-plateau-goyaves\/wp-content\/uploads\/sites\/109\/2022\/07\/20220408_130701-300x225.jpg 300w, https:\/\/etab.ac-reunion.fr\/clg-plateau-goyaves\/wp-content\/uploads\/sites\/109\/2022\/07\/20220408_130701-768x576.jpg 768w, https:\/\/etab.ac-reunion.fr\/clg-plateau-goyaves\/wp-content\/uploads\/sites\/109\/2022\/07\/20220408_130701-1536x1152.jpg 1536w, https:\/\/etab.ac-reunion.fr\/clg-plateau-goyaves\/wp-content\/uploads\/sites\/109\/2022\/07\/20220408_130701-2048x1536.jpg 2048w, https:\/\/etab.ac-reunion.fr\/clg-plateau-goyaves\/wp-content\/uploads\/sites\/109\/2022\/07\/20220408_130701-267x200.jpg 267w\" sizes=\"(max-width: 1024px) 100vw, 1024px\" \/><figcaption><em>Symbole d&rsquo;Amour<\/em>, productions r\u00e9alis\u00e9es par des \u00e9l\u00e8ves de 3eme o\u00f9 ils devaient faire ressortir certaines notions plastiques:  volume et l\u00e9g\u00e8ret\u00e9 (ou transparence)<\/figcaption><\/figure>\n\n\n\n<p>Derri\u00e8re, pr\u00e9sent\u00e9 dans une bo\u00eete en bois, un <em>Sab Lamour<\/em>, de l&rsquo; artiste Jean Marc LACAZE:<\/p>\n\n\n\n<figure class=\"wp-block-image size-full is-resized\"><img loading=\"lazy\" decoding=\"async\" src=\"https:\/\/etab.ac-reunion.fr\/clg-plateau-goyaves\/wp-content\/uploads\/sites\/109\/2022\/07\/image-7.png\" alt=\"\" class=\"wp-image-4465\" width=\"83\" height=\"228\" \/><figcaption><em>\u00ab\u00a0Objet rituel et patrimonial traduisant une modernit\u00e9 malheureuse\u00a0\u00bb<\/em> (propos de l&rsquo;artiste)<\/figcaption><\/figure>\n\n\n\n<figure class=\"wp-block-image size-large\"><img loading=\"lazy\" decoding=\"async\" width=\"768\" height=\"1024\" src=\"https:\/\/etab.ac-reunion.fr\/clg-plateau-goyaves\/wp-content\/uploads\/sites\/109\/2022\/07\/20220412_151809-768x1024.jpg\" alt=\"\" class=\"wp-image-4454\" srcset=\"https:\/\/etab.ac-reunion.fr\/clg-plateau-goyaves\/wp-content\/uploads\/sites\/109\/2022\/07\/20220412_151809-768x1024.jpg 768w, https:\/\/etab.ac-reunion.fr\/clg-plateau-goyaves\/wp-content\/uploads\/sites\/109\/2022\/07\/20220412_151809-225x300.jpg 225w, https:\/\/etab.ac-reunion.fr\/clg-plateau-goyaves\/wp-content\/uploads\/sites\/109\/2022\/07\/20220412_151809-1152x1536.jpg 1152w, https:\/\/etab.ac-reunion.fr\/clg-plateau-goyaves\/wp-content\/uploads\/sites\/109\/2022\/07\/20220412_151809-1536x2048.jpg 1536w, https:\/\/etab.ac-reunion.fr\/clg-plateau-goyaves\/wp-content\/uploads\/sites\/109\/2022\/07\/20220412_151809-150x200.jpg 150w, https:\/\/etab.ac-reunion.fr\/clg-plateau-goyaves\/wp-content\/uploads\/sites\/109\/2022\/07\/20220412_151809-scaled.jpg 1920w\" sizes=\"(max-width: 768px) 100vw, 768px\" \/><figcaption><em>Symbole d&rsquo;amour<\/em>, d\u00e9tail d&rsquo;une des productions en volume r\u00e9alis\u00e9e par des \u00e9l\u00e8ves de 3eme<\/figcaption><\/figure>\n\n\n\n<figure class=\"wp-block-image size-large\"><img loading=\"lazy\" decoding=\"async\" width=\"1024\" height=\"431\" src=\"https:\/\/etab.ac-reunion.fr\/clg-plateau-goyaves\/wp-content\/uploads\/sites\/109\/2022\/07\/20220412_151210-1024x431.jpg\" alt=\"\" class=\"wp-image-4440\" srcset=\"https:\/\/etab.ac-reunion.fr\/clg-plateau-goyaves\/wp-content\/uploads\/sites\/109\/2022\/07\/20220412_151210-1024x431.jpg 1024w, https:\/\/etab.ac-reunion.fr\/clg-plateau-goyaves\/wp-content\/uploads\/sites\/109\/2022\/07\/20220412_151210-300x126.jpg 300w, https:\/\/etab.ac-reunion.fr\/clg-plateau-goyaves\/wp-content\/uploads\/sites\/109\/2022\/07\/20220412_151210-768x323.jpg 768w, https:\/\/etab.ac-reunion.fr\/clg-plateau-goyaves\/wp-content\/uploads\/sites\/109\/2022\/07\/20220412_151210-1536x646.jpg 1536w, https:\/\/etab.ac-reunion.fr\/clg-plateau-goyaves\/wp-content\/uploads\/sites\/109\/2022\/07\/20220412_151210-2048x862.jpg 2048w, https:\/\/etab.ac-reunion.fr\/clg-plateau-goyaves\/wp-content\/uploads\/sites\/109\/2022\/07\/20220412_151210-475x200.jpg 475w\" sizes=\"(max-width: 1024px) 100vw, 1024px\" \/><figcaption><em>L&rsquo;histoire \u00e9ternelle<\/em>, Claude COUTEAU, peinture, polyptyque, COLLECTION ARTOTHEQUE de Saint Denis, R\u00e9union<\/figcaption><\/figure>\n\n\n\n<figure class=\"wp-block-image size-large\"><img loading=\"lazy\" decoding=\"async\" width=\"768\" height=\"1024\" src=\"https:\/\/etab.ac-reunion.fr\/clg-plateau-goyaves\/wp-content\/uploads\/sites\/109\/2022\/07\/20220412_151228-768x1024.jpg\" alt=\"\" class=\"wp-image-4441\" srcset=\"https:\/\/etab.ac-reunion.fr\/clg-plateau-goyaves\/wp-content\/uploads\/sites\/109\/2022\/07\/20220412_151228-768x1024.jpg 768w, https:\/\/etab.ac-reunion.fr\/clg-plateau-goyaves\/wp-content\/uploads\/sites\/109\/2022\/07\/20220412_151228-225x300.jpg 225w, https:\/\/etab.ac-reunion.fr\/clg-plateau-goyaves\/wp-content\/uploads\/sites\/109\/2022\/07\/20220412_151228-1152x1536.jpg 1152w, https:\/\/etab.ac-reunion.fr\/clg-plateau-goyaves\/wp-content\/uploads\/sites\/109\/2022\/07\/20220412_151228-1536x2048.jpg 1536w, https:\/\/etab.ac-reunion.fr\/clg-plateau-goyaves\/wp-content\/uploads\/sites\/109\/2022\/07\/20220412_151228-150x200.jpg 150w, https:\/\/etab.ac-reunion.fr\/clg-plateau-goyaves\/wp-content\/uploads\/sites\/109\/2022\/07\/20220412_151228-scaled.jpg 1920w\" sizes=\"(max-width: 768px) 100vw, 768px\" \/><figcaption>travaux r\u00e9alis\u00e9s par les \u00e9l\u00e8ves de 5eme sur le th\u00e8me \u00a0\u00bb jardin d&rsquo;amour, un amour de jardin\u00a0\u00bb, pour accompagner le projet d&rsquo;am\u00e9nagement paysager \u00ab\u00a0Ti ker fleuri\u00a0\u00bb en train de se r\u00e9aliser dans un des espaces \u00e0 embellir de la cour du coll\u00e8ge<\/figcaption><\/figure>\n\n\n\n<figure class=\"wp-block-image size-large\"><img loading=\"lazy\" decoding=\"async\" width=\"1024\" height=\"768\" src=\"https:\/\/etab.ac-reunion.fr\/clg-plateau-goyaves\/wp-content\/uploads\/sites\/109\/2022\/07\/20220408_131048-1024x768.jpg\" alt=\"\" class=\"wp-image-4446\" srcset=\"https:\/\/etab.ac-reunion.fr\/clg-plateau-goyaves\/wp-content\/uploads\/sites\/109\/2022\/07\/20220408_131048-1024x768.jpg 1024w, https:\/\/etab.ac-reunion.fr\/clg-plateau-goyaves\/wp-content\/uploads\/sites\/109\/2022\/07\/20220408_131048-300x225.jpg 300w, https:\/\/etab.ac-reunion.fr\/clg-plateau-goyaves\/wp-content\/uploads\/sites\/109\/2022\/07\/20220408_131048-768x576.jpg 768w, https:\/\/etab.ac-reunion.fr\/clg-plateau-goyaves\/wp-content\/uploads\/sites\/109\/2022\/07\/20220408_131048-1536x1152.jpg 1536w, https:\/\/etab.ac-reunion.fr\/clg-plateau-goyaves\/wp-content\/uploads\/sites\/109\/2022\/07\/20220408_131048-2048x1536.jpg 2048w, https:\/\/etab.ac-reunion.fr\/clg-plateau-goyaves\/wp-content\/uploads\/sites\/109\/2022\/07\/20220408_131048-267x200.jpg 267w\" sizes=\"(max-width: 1024px) 100vw, 1024px\" \/><figcaption>Autre point de vue de l&rsquo;exposition&#8230;<\/figcaption><\/figure>\n\n\n\n<figure class=\"wp-block-image size-large\"><img loading=\"lazy\" decoding=\"async\" width=\"1024\" height=\"562\" src=\"https:\/\/etab.ac-reunion.fr\/clg-plateau-goyaves\/wp-content\/uploads\/sites\/109\/2022\/07\/20220412_151340-1024x562.jpg\" alt=\"\" class=\"wp-image-4442\" srcset=\"https:\/\/etab.ac-reunion.fr\/clg-plateau-goyaves\/wp-content\/uploads\/sites\/109\/2022\/07\/20220412_151340-1024x562.jpg 1024w, https:\/\/etab.ac-reunion.fr\/clg-plateau-goyaves\/wp-content\/uploads\/sites\/109\/2022\/07\/20220412_151340-300x165.jpg 300w, https:\/\/etab.ac-reunion.fr\/clg-plateau-goyaves\/wp-content\/uploads\/sites\/109\/2022\/07\/20220412_151340-768x421.jpg 768w, https:\/\/etab.ac-reunion.fr\/clg-plateau-goyaves\/wp-content\/uploads\/sites\/109\/2022\/07\/20220412_151340-1536x842.jpg 1536w, https:\/\/etab.ac-reunion.fr\/clg-plateau-goyaves\/wp-content\/uploads\/sites\/109\/2022\/07\/20220412_151340-2048x1123.jpg 2048w, https:\/\/etab.ac-reunion.fr\/clg-plateau-goyaves\/wp-content\/uploads\/sites\/109\/2022\/07\/20220412_151340-365x200.jpg 365w\" sizes=\"(max-width: 1024px) 100vw, 1024px\" \/><figcaption><em>Pour toi ma fille<\/em> et <em>Libert\u00e9, Egalit\u00e9, Sororit\u00e9<\/em>, Jean Marc LACAZE, gilets jaunes brod\u00e9s pr\u00e9sent\u00e9s dans deux cadres sous verre, collection personnelle de l&rsquo;artiste<\/figcaption><\/figure>\n\n\n\n<figure class=\"wp-block-image size-large\"><img loading=\"lazy\" decoding=\"async\" width=\"1024\" height=\"574\" src=\"https:\/\/etab.ac-reunion.fr\/clg-plateau-goyaves\/wp-content\/uploads\/sites\/109\/2022\/07\/20220408_130554-1024x574.jpg\" alt=\"\" class=\"wp-image-4459\" srcset=\"https:\/\/etab.ac-reunion.fr\/clg-plateau-goyaves\/wp-content\/uploads\/sites\/109\/2022\/07\/20220408_130554-1024x574.jpg 1024w, https:\/\/etab.ac-reunion.fr\/clg-plateau-goyaves\/wp-content\/uploads\/sites\/109\/2022\/07\/20220408_130554-300x168.jpg 300w, https:\/\/etab.ac-reunion.fr\/clg-plateau-goyaves\/wp-content\/uploads\/sites\/109\/2022\/07\/20220408_130554-768x431.jpg 768w, https:\/\/etab.ac-reunion.fr\/clg-plateau-goyaves\/wp-content\/uploads\/sites\/109\/2022\/07\/20220408_130554-1536x862.jpg 1536w, https:\/\/etab.ac-reunion.fr\/clg-plateau-goyaves\/wp-content\/uploads\/sites\/109\/2022\/07\/20220408_130554-2048x1149.jpg 2048w, https:\/\/etab.ac-reunion.fr\/clg-plateau-goyaves\/wp-content\/uploads\/sites\/109\/2022\/07\/20220408_130554-357x200.jpg 357w\" sizes=\"(max-width: 1024px) 100vw, 1024px\" \/><figcaption>Au centre: une peinture de Sophie BAZIN, N\u00b0Inv. 2001.17.01, COLLECTION ARTOTHEQUE de Saint Denis, R\u00e9union; <br>Autour: des productions d&rsquo; \u00e9l\u00e8ves du 1er degr\u00e9 du r\u00e9seau Plateau Goyaves<\/figcaption><\/figure>\n\n\n\n<figure class=\"wp-block-image size-large\"><img loading=\"lazy\" decoding=\"async\" width=\"768\" height=\"1024\" src=\"https:\/\/etab.ac-reunion.fr\/clg-plateau-goyaves\/wp-content\/uploads\/sites\/109\/2022\/07\/20220408_130941-768x1024.jpg\" alt=\"\" class=\"wp-image-4443\" srcset=\"https:\/\/etab.ac-reunion.fr\/clg-plateau-goyaves\/wp-content\/uploads\/sites\/109\/2022\/07\/20220408_130941-768x1024.jpg 768w, https:\/\/etab.ac-reunion.fr\/clg-plateau-goyaves\/wp-content\/uploads\/sites\/109\/2022\/07\/20220408_130941-225x300.jpg 225w, https:\/\/etab.ac-reunion.fr\/clg-plateau-goyaves\/wp-content\/uploads\/sites\/109\/2022\/07\/20220408_130941-1152x1536.jpg 1152w, https:\/\/etab.ac-reunion.fr\/clg-plateau-goyaves\/wp-content\/uploads\/sites\/109\/2022\/07\/20220408_130941-1536x2048.jpg 1536w, https:\/\/etab.ac-reunion.fr\/clg-plateau-goyaves\/wp-content\/uploads\/sites\/109\/2022\/07\/20220408_130941-150x200.jpg 150w, https:\/\/etab.ac-reunion.fr\/clg-plateau-goyaves\/wp-content\/uploads\/sites\/109\/2022\/07\/20220408_130941-scaled.jpg 1920w\" sizes=\"(max-width: 768px) 100vw, 768px\" \/><figcaption>Au centre: photo r\u00e9alis\u00e9e par Hugues VAN MELKEBEKE, N\u00b0Inv. 1998.29.13, COLLECTION ARTOTHEQUE de Saint Denis, R\u00e9union; Autour de l\u2019\u0153uvre photographique, des productions d&rsquo; \u00e9l\u00e8ves du 1er degr\u00e9 du r\u00e9seau Plateau Goyaves.<\/figcaption><\/figure>\n\n\n\n<p>D&rsquo;autres \u0153uvres du m\u00eame artiste:<\/p>\n\n\n\n<figure class=\"wp-block-image size-full is-resized\"><img loading=\"lazy\" decoding=\"async\" src=\"https:\/\/etab.ac-reunion.fr\/clg-plateau-goyaves\/wp-content\/uploads\/sites\/109\/2022\/07\/image-5.png\" alt=\"\" class=\"wp-image-4463\" width=\"301\" height=\"207\" srcset=\"https:\/\/etab.ac-reunion.fr\/clg-plateau-goyaves\/wp-content\/uploads\/sites\/109\/2022\/07\/image-5.png 300w, https:\/\/etab.ac-reunion.fr\/clg-plateau-goyaves\/wp-content\/uploads\/sites\/109\/2022\/07\/image-5-291x200.png 291w\" sizes=\"(max-width: 301px) 100vw, 301px\" \/><figcaption>photo r\u00e9alis\u00e9e par Hugues VAN MELKEBEKE, N\u00b0Inv. 1998.29.15, COLLECTION ARTOTHEQUE de Saint Denis<\/figcaption><\/figure>\n\n\n\n<figure class=\"wp-block-image size-full\"><img loading=\"lazy\" decoding=\"async\" width=\"295\" height=\"204\" src=\"https:\/\/etab.ac-reunion.fr\/clg-plateau-goyaves\/wp-content\/uploads\/sites\/109\/2022\/07\/image-6.png\" alt=\"\" class=\"wp-image-4464\" srcset=\"https:\/\/etab.ac-reunion.fr\/clg-plateau-goyaves\/wp-content\/uploads\/sites\/109\/2022\/07\/image-6.png 295w, https:\/\/etab.ac-reunion.fr\/clg-plateau-goyaves\/wp-content\/uploads\/sites\/109\/2022\/07\/image-6-289x200.png 289w\" sizes=\"(max-width: 295px) 100vw, 295px\" \/><figcaption>photo r\u00e9alis\u00e9e par Hugues VAN MELKEBEKE, N\u00b0Inv. 1998.29.12, COLLECTION ARTOTHEQUE de Saint Denis<\/figcaption><\/figure>\n\n\n\n<figure class=\"wp-block-image size-large\"><img loading=\"lazy\" decoding=\"async\" width=\"1024\" height=\"768\" src=\"https:\/\/etab.ac-reunion.fr\/clg-plateau-goyaves\/wp-content\/uploads\/sites\/109\/2022\/07\/20220408_130822-1024x768.jpg\" alt=\"\" class=\"wp-image-4444\" srcset=\"https:\/\/etab.ac-reunion.fr\/clg-plateau-goyaves\/wp-content\/uploads\/sites\/109\/2022\/07\/20220408_130822-1024x768.jpg 1024w, https:\/\/etab.ac-reunion.fr\/clg-plateau-goyaves\/wp-content\/uploads\/sites\/109\/2022\/07\/20220408_130822-300x225.jpg 300w, https:\/\/etab.ac-reunion.fr\/clg-plateau-goyaves\/wp-content\/uploads\/sites\/109\/2022\/07\/20220408_130822-768x576.jpg 768w, https:\/\/etab.ac-reunion.fr\/clg-plateau-goyaves\/wp-content\/uploads\/sites\/109\/2022\/07\/20220408_130822-1536x1152.jpg 1536w, https:\/\/etab.ac-reunion.fr\/clg-plateau-goyaves\/wp-content\/uploads\/sites\/109\/2022\/07\/20220408_130822-2048x1536.jpg 2048w, https:\/\/etab.ac-reunion.fr\/clg-plateau-goyaves\/wp-content\/uploads\/sites\/109\/2022\/07\/20220408_130822-267x200.jpg 267w\" sizes=\"(max-width: 1024px) 100vw, 1024px\" \/><figcaption>Une tr\u00e8s belle sculpture en bois de Gilbert CLAIN, pour repr\u00e9senter l&rsquo; Amour maternel, nous a \u00e9t\u00e9 pr\u00eat\u00e9e par l&rsquo;ARTOTHEQUE de Saint Denis, R\u00e9union; Au fond, sur les murs, des productions d&rsquo;\u00e9l\u00e8ves du 1er degr\u00e9 du r\u00e9seau Plateau Goyaves <\/figcaption><\/figure>\n\n\n\n<figure class=\"wp-block-image size-large\"><img loading=\"lazy\" decoding=\"async\" width=\"768\" height=\"1024\" src=\"https:\/\/etab.ac-reunion.fr\/clg-plateau-goyaves\/wp-content\/uploads\/sites\/109\/2022\/07\/20220412_151541-768x1024.jpg\" alt=\"\" class=\"wp-image-4445\" srcset=\"https:\/\/etab.ac-reunion.fr\/clg-plateau-goyaves\/wp-content\/uploads\/sites\/109\/2022\/07\/20220412_151541-768x1024.jpg 768w, https:\/\/etab.ac-reunion.fr\/clg-plateau-goyaves\/wp-content\/uploads\/sites\/109\/2022\/07\/20220412_151541-225x300.jpg 225w, https:\/\/etab.ac-reunion.fr\/clg-plateau-goyaves\/wp-content\/uploads\/sites\/109\/2022\/07\/20220412_151541-1152x1536.jpg 1152w, https:\/\/etab.ac-reunion.fr\/clg-plateau-goyaves\/wp-content\/uploads\/sites\/109\/2022\/07\/20220412_151541-1536x2048.jpg 1536w, https:\/\/etab.ac-reunion.fr\/clg-plateau-goyaves\/wp-content\/uploads\/sites\/109\/2022\/07\/20220412_151541-150x200.jpg 150w, https:\/\/etab.ac-reunion.fr\/clg-plateau-goyaves\/wp-content\/uploads\/sites\/109\/2022\/07\/20220412_151541-scaled.jpg 1920w\" sizes=\"(max-width: 768px) 100vw, 768px\" \/><figcaption>D\u00e9tail d&rsquo;une production r\u00e9alis\u00e9e par des \u00e9l\u00e8ves du 1er degr\u00e9 du r\u00e9seau<\/figcaption><\/figure>\n\n\n\n<p><\/p>\n\n\n\n<figure class=\"wp-block-image size-large\"><img loading=\"lazy\" decoding=\"async\" width=\"768\" height=\"1024\" src=\"https:\/\/etab.ac-reunion.fr\/clg-plateau-goyaves\/wp-content\/uploads\/sites\/109\/2022\/07\/20220408_130810-768x1024.jpg\" alt=\"\" class=\"wp-image-4450\" srcset=\"https:\/\/etab.ac-reunion.fr\/clg-plateau-goyaves\/wp-content\/uploads\/sites\/109\/2022\/07\/20220408_130810-768x1024.jpg 768w, https:\/\/etab.ac-reunion.fr\/clg-plateau-goyaves\/wp-content\/uploads\/sites\/109\/2022\/07\/20220408_130810-225x300.jpg 225w, https:\/\/etab.ac-reunion.fr\/clg-plateau-goyaves\/wp-content\/uploads\/sites\/109\/2022\/07\/20220408_130810-1152x1536.jpg 1152w, https:\/\/etab.ac-reunion.fr\/clg-plateau-goyaves\/wp-content\/uploads\/sites\/109\/2022\/07\/20220408_130810-1536x2048.jpg 1536w, https:\/\/etab.ac-reunion.fr\/clg-plateau-goyaves\/wp-content\/uploads\/sites\/109\/2022\/07\/20220408_130810-150x200.jpg 150w, https:\/\/etab.ac-reunion.fr\/clg-plateau-goyaves\/wp-content\/uploads\/sites\/109\/2022\/07\/20220408_130810-scaled.jpg 1920w\" sizes=\"(max-width: 768px) 100vw, 768px\" \/><figcaption>Pr\u00e9sent\u00e9es sur colonnes: 3 sculptures en bronze de Guilhem VAN HERSEL, COLLECTION ARTOTHEQUE de Saint Denis, R\u00e9union<\/figcaption><\/figure>\n\n\n\n<figure class=\"wp-block-image size-large\"><img loading=\"lazy\" decoding=\"async\" width=\"768\" height=\"1024\" src=\"https:\/\/etab.ac-reunion.fr\/clg-plateau-goyaves\/wp-content\/uploads\/sites\/109\/2022\/07\/20220429_104750-768x1024.jpg\" alt=\"\" class=\"wp-image-4451\" srcset=\"https:\/\/etab.ac-reunion.fr\/clg-plateau-goyaves\/wp-content\/uploads\/sites\/109\/2022\/07\/20220429_104750-768x1024.jpg 768w, https:\/\/etab.ac-reunion.fr\/clg-plateau-goyaves\/wp-content\/uploads\/sites\/109\/2022\/07\/20220429_104750-225x300.jpg 225w, https:\/\/etab.ac-reunion.fr\/clg-plateau-goyaves\/wp-content\/uploads\/sites\/109\/2022\/07\/20220429_104750-1152x1536.jpg 1152w, https:\/\/etab.ac-reunion.fr\/clg-plateau-goyaves\/wp-content\/uploads\/sites\/109\/2022\/07\/20220429_104750-1536x2048.jpg 1536w, https:\/\/etab.ac-reunion.fr\/clg-plateau-goyaves\/wp-content\/uploads\/sites\/109\/2022\/07\/20220429_104750-150x200.jpg 150w, https:\/\/etab.ac-reunion.fr\/clg-plateau-goyaves\/wp-content\/uploads\/sites\/109\/2022\/07\/20220429_104750-scaled.jpg 1920w\" sizes=\"(max-width: 768px) 100vw, 768px\" \/><figcaption><em>Coeur<\/em>, installation au sol de guirlandes de papiers d\u00e9coup\u00e9s et assembl\u00e9s, r\u00e9alis\u00e9e par des \u00e9l\u00e8ves du 1er degr\u00e9 du r\u00e9seau<\/figcaption><\/figure>\n\n\n\n<figure class=\"wp-block-image size-large\"><img loading=\"lazy\" decoding=\"async\" width=\"1024\" height=\"768\" src=\"https:\/\/etab.ac-reunion.fr\/clg-plateau-goyaves\/wp-content\/uploads\/sites\/109\/2022\/07\/20220408_131026-1024x768.jpg\" alt=\"\" class=\"wp-image-4447\" srcset=\"https:\/\/etab.ac-reunion.fr\/clg-plateau-goyaves\/wp-content\/uploads\/sites\/109\/2022\/07\/20220408_131026-1024x768.jpg 1024w, https:\/\/etab.ac-reunion.fr\/clg-plateau-goyaves\/wp-content\/uploads\/sites\/109\/2022\/07\/20220408_131026-300x225.jpg 300w, https:\/\/etab.ac-reunion.fr\/clg-plateau-goyaves\/wp-content\/uploads\/sites\/109\/2022\/07\/20220408_131026-768x576.jpg 768w, https:\/\/etab.ac-reunion.fr\/clg-plateau-goyaves\/wp-content\/uploads\/sites\/109\/2022\/07\/20220408_131026-1536x1152.jpg 1536w, https:\/\/etab.ac-reunion.fr\/clg-plateau-goyaves\/wp-content\/uploads\/sites\/109\/2022\/07\/20220408_131026-2048x1536.jpg 2048w, https:\/\/etab.ac-reunion.fr\/clg-plateau-goyaves\/wp-content\/uploads\/sites\/109\/2022\/07\/20220408_131026-267x200.jpg 267w\" sizes=\"(max-width: 1024px) 100vw, 1024px\" \/><figcaption>En haut:Deux photographies couleur de l&rsquo;artiste Vivien RACAULT (N\u00b0Inv. 2008.08.01 et N\u00b0Inv. 2008.08.02, COLLECTION ARTOTHEQUE de Saint Denis, R\u00e9union); En bas: une s\u00e9rie de dessins sur les mythes amoureux r\u00e9alis\u00e9s par l&rsquo;artiste Jean Marc LACAZE<\/figcaption><\/figure>\n\n\n\n<figure class=\"wp-block-image size-large\"><img loading=\"lazy\" decoding=\"async\" width=\"1024\" height=\"768\" src=\"https:\/\/etab.ac-reunion.fr\/clg-plateau-goyaves\/wp-content\/uploads\/sites\/109\/2022\/07\/20220412_151606-1024x768.jpg\" alt=\"\" class=\"wp-image-4448\" srcset=\"https:\/\/etab.ac-reunion.fr\/clg-plateau-goyaves\/wp-content\/uploads\/sites\/109\/2022\/07\/20220412_151606-1024x768.jpg 1024w, https:\/\/etab.ac-reunion.fr\/clg-plateau-goyaves\/wp-content\/uploads\/sites\/109\/2022\/07\/20220412_151606-300x225.jpg 300w, https:\/\/etab.ac-reunion.fr\/clg-plateau-goyaves\/wp-content\/uploads\/sites\/109\/2022\/07\/20220412_151606-768x576.jpg 768w, https:\/\/etab.ac-reunion.fr\/clg-plateau-goyaves\/wp-content\/uploads\/sites\/109\/2022\/07\/20220412_151606-1536x1152.jpg 1536w, https:\/\/etab.ac-reunion.fr\/clg-plateau-goyaves\/wp-content\/uploads\/sites\/109\/2022\/07\/20220412_151606-2048x1536.jpg 2048w, https:\/\/etab.ac-reunion.fr\/clg-plateau-goyaves\/wp-content\/uploads\/sites\/109\/2022\/07\/20220412_151606-267x200.jpg 267w\" sizes=\"(max-width: 1024px) 100vw, 1024px\" \/><figcaption>Travaux photographiques et picturaux r\u00e9alis\u00e9s par des \u00e9l\u00e8ves du 1er degr\u00e9 du r\u00e9seau<\/figcaption><\/figure>\n\n\n\n<figure class=\"wp-block-image size-large\"><img loading=\"lazy\" decoding=\"async\" width=\"1024\" height=\"768\" src=\"https:\/\/etab.ac-reunion.fr\/clg-plateau-goyaves\/wp-content\/uploads\/sites\/109\/2022\/07\/20220412_151646-1024x768.jpg\" alt=\"\" class=\"wp-image-4449\" srcset=\"https:\/\/etab.ac-reunion.fr\/clg-plateau-goyaves\/wp-content\/uploads\/sites\/109\/2022\/07\/20220412_151646-1024x768.jpg 1024w, https:\/\/etab.ac-reunion.fr\/clg-plateau-goyaves\/wp-content\/uploads\/sites\/109\/2022\/07\/20220412_151646-300x225.jpg 300w, https:\/\/etab.ac-reunion.fr\/clg-plateau-goyaves\/wp-content\/uploads\/sites\/109\/2022\/07\/20220412_151646-768x576.jpg 768w, https:\/\/etab.ac-reunion.fr\/clg-plateau-goyaves\/wp-content\/uploads\/sites\/109\/2022\/07\/20220412_151646-1536x1152.jpg 1536w, https:\/\/etab.ac-reunion.fr\/clg-plateau-goyaves\/wp-content\/uploads\/sites\/109\/2022\/07\/20220412_151646-2048x1536.jpg 2048w, https:\/\/etab.ac-reunion.fr\/clg-plateau-goyaves\/wp-content\/uploads\/sites\/109\/2022\/07\/20220412_151646-267x200.jpg 267w\" sizes=\"(max-width: 1024px) 100vw, 1024px\" \/><figcaption>Travaux sur les <em>symboles de l&rsquo;Amour<\/em>, con\u00e7us par les \u00e9l\u00e8ves de 3eme<\/figcaption><\/figure>\n\n\n\n<figure class=\"wp-block-image size-large\"><img loading=\"lazy\" decoding=\"async\" width=\"768\" height=\"1024\" src=\"https:\/\/etab.ac-reunion.fr\/clg-plateau-goyaves\/wp-content\/uploads\/sites\/109\/2022\/07\/20220412_151700-768x1024.jpg\" alt=\"\" class=\"wp-image-4452\" srcset=\"https:\/\/etab.ac-reunion.fr\/clg-plateau-goyaves\/wp-content\/uploads\/sites\/109\/2022\/07\/20220412_151700-768x1024.jpg 768w, https:\/\/etab.ac-reunion.fr\/clg-plateau-goyaves\/wp-content\/uploads\/sites\/109\/2022\/07\/20220412_151700-225x300.jpg 225w, https:\/\/etab.ac-reunion.fr\/clg-plateau-goyaves\/wp-content\/uploads\/sites\/109\/2022\/07\/20220412_151700-1152x1536.jpg 1152w, https:\/\/etab.ac-reunion.fr\/clg-plateau-goyaves\/wp-content\/uploads\/sites\/109\/2022\/07\/20220412_151700-1536x2048.jpg 1536w, https:\/\/etab.ac-reunion.fr\/clg-plateau-goyaves\/wp-content\/uploads\/sites\/109\/2022\/07\/20220412_151700-150x200.jpg 150w, https:\/\/etab.ac-reunion.fr\/clg-plateau-goyaves\/wp-content\/uploads\/sites\/109\/2022\/07\/20220412_151700-scaled.jpg 1920w\" sizes=\"(max-width: 768px) 100vw, 768px\" \/><figcaption><em>Dia de los muertos<\/em>, Installation objets divers et fresque recto-verso, r\u00e9alis\u00e9e par des \u00e9l\u00e8ves de 5eme SEGPA (TUI TUI). Travail en interdisciplinarit\u00e9 entre arts plastiques et \u00e9ducation musicale. Les \u00e9l\u00e8ves de cette classe sont venus faire une performance (chant et danse en espagnol) devant l&rsquo;installation. <\/figcaption><\/figure>\n\n\n\n<figure class=\"wp-block-image size-large\"><img loading=\"lazy\" decoding=\"async\" width=\"768\" height=\"1024\" src=\"https:\/\/etab.ac-reunion.fr\/clg-plateau-goyaves\/wp-content\/uploads\/sites\/109\/2022\/07\/20220412_151848-768x1024.jpg\" alt=\"\" class=\"wp-image-4453\" srcset=\"https:\/\/etab.ac-reunion.fr\/clg-plateau-goyaves\/wp-content\/uploads\/sites\/109\/2022\/07\/20220412_151848-768x1024.jpg 768w, https:\/\/etab.ac-reunion.fr\/clg-plateau-goyaves\/wp-content\/uploads\/sites\/109\/2022\/07\/20220412_151848-225x300.jpg 225w, https:\/\/etab.ac-reunion.fr\/clg-plateau-goyaves\/wp-content\/uploads\/sites\/109\/2022\/07\/20220412_151848-1152x1536.jpg 1152w, https:\/\/etab.ac-reunion.fr\/clg-plateau-goyaves\/wp-content\/uploads\/sites\/109\/2022\/07\/20220412_151848-1536x2048.jpg 1536w, https:\/\/etab.ac-reunion.fr\/clg-plateau-goyaves\/wp-content\/uploads\/sites\/109\/2022\/07\/20220412_151848-150x200.jpg 150w, https:\/\/etab.ac-reunion.fr\/clg-plateau-goyaves\/wp-content\/uploads\/sites\/109\/2022\/07\/20220412_151848-scaled.jpg 1920w\" sizes=\"(max-width: 768px) 100vw, 768px\" \/><figcaption>mobile rassemblant des productions r\u00e9alis\u00e9es par des \u00e9l\u00e8ves de 3eme o\u00f9 ils devaient faire ressortir certaines notions plastiques:  symbole d&rsquo;amour, volume et l\u00e9g\u00e8ret\u00e9 (ou transparence)<\/figcaption><\/figure>\n\n\n\n<figure class=\"wp-block-image size-large\"><img loading=\"lazy\" decoding=\"async\" width=\"768\" height=\"1024\" src=\"https:\/\/etab.ac-reunion.fr\/clg-plateau-goyaves\/wp-content\/uploads\/sites\/109\/2022\/07\/20220408_131126-768x1024.jpg\" alt=\"\" class=\"wp-image-4455\" srcset=\"https:\/\/etab.ac-reunion.fr\/clg-plateau-goyaves\/wp-content\/uploads\/sites\/109\/2022\/07\/20220408_131126-768x1024.jpg 768w, https:\/\/etab.ac-reunion.fr\/clg-plateau-goyaves\/wp-content\/uploads\/sites\/109\/2022\/07\/20220408_131126-225x300.jpg 225w, https:\/\/etab.ac-reunion.fr\/clg-plateau-goyaves\/wp-content\/uploads\/sites\/109\/2022\/07\/20220408_131126-1152x1536.jpg 1152w, https:\/\/etab.ac-reunion.fr\/clg-plateau-goyaves\/wp-content\/uploads\/sites\/109\/2022\/07\/20220408_131126-1536x2048.jpg 1536w, https:\/\/etab.ac-reunion.fr\/clg-plateau-goyaves\/wp-content\/uploads\/sites\/109\/2022\/07\/20220408_131126-150x200.jpg 150w, https:\/\/etab.ac-reunion.fr\/clg-plateau-goyaves\/wp-content\/uploads\/sites\/109\/2022\/07\/20220408_131126-scaled.jpg 1920w\" sizes=\"(max-width: 768px) 100vw, 768px\" \/><figcaption><em>Poema de Amor<\/em>, travaux d&rsquo;\u00e9criture et productions plastiques r\u00e9alis\u00e9s en cours d&rsquo; espagnol, \u00e9l\u00e8ves de 3eme<\/figcaption><\/figure>\n\n\n\n<figure class=\"wp-block-image size-large\"><img loading=\"lazy\" decoding=\"async\" width=\"768\" height=\"1024\" src=\"https:\/\/etab.ac-reunion.fr\/clg-plateau-goyaves\/wp-content\/uploads\/sites\/109\/2022\/07\/20220408_130751-768x1024.jpg\" alt=\"\" class=\"wp-image-4456\" srcset=\"https:\/\/etab.ac-reunion.fr\/clg-plateau-goyaves\/wp-content\/uploads\/sites\/109\/2022\/07\/20220408_130751-768x1024.jpg 768w, https:\/\/etab.ac-reunion.fr\/clg-plateau-goyaves\/wp-content\/uploads\/sites\/109\/2022\/07\/20220408_130751-225x300.jpg 225w, https:\/\/etab.ac-reunion.fr\/clg-plateau-goyaves\/wp-content\/uploads\/sites\/109\/2022\/07\/20220408_130751-1152x1536.jpg 1152w, https:\/\/etab.ac-reunion.fr\/clg-plateau-goyaves\/wp-content\/uploads\/sites\/109\/2022\/07\/20220408_130751-1536x2048.jpg 1536w, https:\/\/etab.ac-reunion.fr\/clg-plateau-goyaves\/wp-content\/uploads\/sites\/109\/2022\/07\/20220408_130751-150x200.jpg 150w, https:\/\/etab.ac-reunion.fr\/clg-plateau-goyaves\/wp-content\/uploads\/sites\/109\/2022\/07\/20220408_130751-scaled.jpg 1920w\" sizes=\"(max-width: 768px) 100vw, 768px\" \/><figcaption><em>Moments d&rsquo;amour<\/em>, 4 recueils de travaux d&rsquo;\u00e9l\u00e8ves de 5eme, o\u00f9 comment sur une double page, chacun a racont\u00e9 puis illustr\u00e9 un moment d&rsquo;amour partag\u00e9 dans sa vie. Ces livrets, con\u00e7us par des \u00e9l\u00e8ves volontaires parmi eux, \u00e9taient consultables par le public:<\/figcaption><\/figure>\n\n\n\n<figure class=\"wp-block-image size-large\"><img loading=\"lazy\" decoding=\"async\" width=\"1024\" height=\"568\" src=\"https:\/\/etab.ac-reunion.fr\/clg-plateau-goyaves\/wp-content\/uploads\/sites\/109\/2022\/07\/20220411_102919-1024x568.jpg\" alt=\"\" class=\"wp-image-4457\" srcset=\"https:\/\/etab.ac-reunion.fr\/clg-plateau-goyaves\/wp-content\/uploads\/sites\/109\/2022\/07\/20220411_102919-1024x568.jpg 1024w, https:\/\/etab.ac-reunion.fr\/clg-plateau-goyaves\/wp-content\/uploads\/sites\/109\/2022\/07\/20220411_102919-300x166.jpg 300w, https:\/\/etab.ac-reunion.fr\/clg-plateau-goyaves\/wp-content\/uploads\/sites\/109\/2022\/07\/20220411_102919-768x426.jpg 768w, https:\/\/etab.ac-reunion.fr\/clg-plateau-goyaves\/wp-content\/uploads\/sites\/109\/2022\/07\/20220411_102919-1536x851.jpg 1536w, https:\/\/etab.ac-reunion.fr\/clg-plateau-goyaves\/wp-content\/uploads\/sites\/109\/2022\/07\/20220411_102919-2048x1135.jpg 2048w, https:\/\/etab.ac-reunion.fr\/clg-plateau-goyaves\/wp-content\/uploads\/sites\/109\/2022\/07\/20220411_102919-361x200.jpg 361w\" sizes=\"(max-width: 1024px) 100vw, 1024px\" \/><figcaption>Sur l&rsquo;\u00e9cran, \u00e9taient projet\u00e9s des photographies de <em>graffitis d&rsquo;amour<\/em> que les \u00e9l\u00e8ves de 3eme avaient pour mission de trouver dans leur environnement quotidien, puis de retravailler num\u00e9riquement leur prise de vue, afin de rendre leur image plus artistique, moins documentaire. Les <em>gouzous<\/em> du graffeur JACE furent souvent pris en photos par les \u00e9l\u00e8ves. En voici deux exemples:<\/figcaption><\/figure>\n\n\n\n<figure class=\"wp-block-image size-full is-resized\"><img loading=\"lazy\" decoding=\"async\" src=\"https:\/\/etab.ac-reunion.fr\/clg-plateau-goyaves\/wp-content\/uploads\/sites\/109\/2022\/07\/1mangue-florian-3eme-benjoin.jpg\" alt=\"\" class=\"wp-image-4461\" width=\"312\" height=\"510\" srcset=\"https:\/\/etab.ac-reunion.fr\/clg-plateau-goyaves\/wp-content\/uploads\/sites\/109\/2022\/07\/1mangue-florian-3eme-benjoin.jpg 575w, https:\/\/etab.ac-reunion.fr\/clg-plateau-goyaves\/wp-content\/uploads\/sites\/109\/2022\/07\/1mangue-florian-3eme-benjoin-184x300.jpg 184w, https:\/\/etab.ac-reunion.fr\/clg-plateau-goyaves\/wp-content\/uploads\/sites\/109\/2022\/07\/1mangue-florian-3eme-benjoin-122x200.jpg 122w\" sizes=\"(max-width: 312px) 100vw, 312px\" \/><figcaption>Graffiti d&rsquo;<em>amour<\/em>, Travail num\u00e9rique d&rsquo;un \u00e9l\u00e8ve de 3eme BENJOIN (Graffiti de JACE sur une pile du pont de la rivi\u00e8re Saint Etienne \u00e0 Saint Louis)<\/figcaption><\/figure>\n\n\n\n<figure class=\"wp-block-image size-full is-resized\"><img loading=\"lazy\" decoding=\"async\" src=\"https:\/\/etab.ac-reunion.fr\/clg-plateau-goyaves\/wp-content\/uploads\/sites\/109\/2022\/07\/3devianhy-BOSTRAL-3eme-LATA.jpg\" alt=\"\" class=\"wp-image-4462\" width=\"395\" height=\"309\" srcset=\"https:\/\/etab.ac-reunion.fr\/clg-plateau-goyaves\/wp-content\/uploads\/sites\/109\/2022\/07\/3devianhy-BOSTRAL-3eme-LATA.jpg 971w, https:\/\/etab.ac-reunion.fr\/clg-plateau-goyaves\/wp-content\/uploads\/sites\/109\/2022\/07\/3devianhy-BOSTRAL-3eme-LATA-300x235.jpg 300w, https:\/\/etab.ac-reunion.fr\/clg-plateau-goyaves\/wp-content\/uploads\/sites\/109\/2022\/07\/3devianhy-BOSTRAL-3eme-LATA-768x601.jpg 768w, https:\/\/etab.ac-reunion.fr\/clg-plateau-goyaves\/wp-content\/uploads\/sites\/109\/2022\/07\/3devianhy-BOSTRAL-3eme-LATA-256x200.jpg 256w\" sizes=\"(max-width: 395px) 100vw, 395px\" \/><figcaption><em>Graffiti d&rsquo;amour<\/em>, travail num\u00e9rique d&rsquo;une \u00e9l\u00e8ve de 3eme LATANIER  (Graffiti de JACE sur une citerne de la ville du Port)<\/figcaption><\/figure>\n\n\n\n<p><em>Ce que mon c\u0153ur cache<\/em>, travaux des \u00e9l\u00e8ves de 3eme PREPA METIERS :<\/p>\n\n\n\n<figure class=\"wp-block-image size-full is-resized\"><img loading=\"lazy\" decoding=\"async\" src=\"https:\/\/etab.ac-reunion.fr\/clg-plateau-goyaves\/wp-content\/uploads\/sites\/109\/2022\/07\/image9.jpeg\" alt=\"\" class=\"wp-image-4466\" width=\"315\" height=\"420\" srcset=\"https:\/\/etab.ac-reunion.fr\/clg-plateau-goyaves\/wp-content\/uploads\/sites\/109\/2022\/07\/image9.jpeg 750w, https:\/\/etab.ac-reunion.fr\/clg-plateau-goyaves\/wp-content\/uploads\/sites\/109\/2022\/07\/image9-225x300.jpeg 225w, https:\/\/etab.ac-reunion.fr\/clg-plateau-goyaves\/wp-content\/uploads\/sites\/109\/2022\/07\/image9-150x200.jpeg 150w\" sizes=\"(max-width: 315px) 100vw, 315px\" \/><\/figure>\n\n\n\n<div class=\"wp-block-group is-layout-flow wp-block-group-is-layout-flow\">\n<figure class=\"wp-block-image size-large is-resized\"><img loading=\"lazy\" decoding=\"async\" src=\"https:\/\/etab.ac-reunion.fr\/clg-plateau-goyaves\/wp-content\/uploads\/sites\/109\/2022\/07\/image0-2-768x1024.jpeg\" alt=\"\" class=\"wp-image-4467\" width=\"311\" height=\"414\" srcset=\"https:\/\/etab.ac-reunion.fr\/clg-plateau-goyaves\/wp-content\/uploads\/sites\/109\/2022\/07\/image0-2-768x1024.jpeg 768w, https:\/\/etab.ac-reunion.fr\/clg-plateau-goyaves\/wp-content\/uploads\/sites\/109\/2022\/07\/image0-2-225x300.jpeg 225w, https:\/\/etab.ac-reunion.fr\/clg-plateau-goyaves\/wp-content\/uploads\/sites\/109\/2022\/07\/image0-2-150x200.jpeg 150w, https:\/\/etab.ac-reunion.fr\/clg-plateau-goyaves\/wp-content\/uploads\/sites\/109\/2022\/07\/image0-2.jpeg 843w\" sizes=\"(max-width: 311px) 100vw, 311px\" \/><\/figure>\n<\/div>\n\n\n\n<figure class=\"wp-block-image size-full is-resized\"><img loading=\"lazy\" decoding=\"async\" src=\"https:\/\/etab.ac-reunion.fr\/clg-plateau-goyaves\/wp-content\/uploads\/sites\/109\/2022\/07\/image2-2.jpeg\" alt=\"\" class=\"wp-image-4468\" width=\"307\" height=\"409\" srcset=\"https:\/\/etab.ac-reunion.fr\/clg-plateau-goyaves\/wp-content\/uploads\/sites\/109\/2022\/07\/image2-2.jpeg 750w, https:\/\/etab.ac-reunion.fr\/clg-plateau-goyaves\/wp-content\/uploads\/sites\/109\/2022\/07\/image2-2-225x300.jpeg 225w, https:\/\/etab.ac-reunion.fr\/clg-plateau-goyaves\/wp-content\/uploads\/sites\/109\/2022\/07\/image2-2-150x200.jpeg 150w\" sizes=\"(max-width: 307px) 100vw, 307px\" \/><\/figure>\n\n\n\n<figure class=\"wp-block-image size-full is-resized\"><img loading=\"lazy\" decoding=\"async\" src=\"https:\/\/etab.ac-reunion.fr\/clg-plateau-goyaves\/wp-content\/uploads\/sites\/109\/2022\/07\/image5.jpeg\" alt=\"\" class=\"wp-image-4469\" width=\"304\" height=\"405\" srcset=\"https:\/\/etab.ac-reunion.fr\/clg-plateau-goyaves\/wp-content\/uploads\/sites\/109\/2022\/07\/image5.jpeg 750w, https:\/\/etab.ac-reunion.fr\/clg-plateau-goyaves\/wp-content\/uploads\/sites\/109\/2022\/07\/image5-225x300.jpeg 225w, https:\/\/etab.ac-reunion.fr\/clg-plateau-goyaves\/wp-content\/uploads\/sites\/109\/2022\/07\/image5-150x200.jpeg 150w\" sizes=\"(max-width: 304px) 100vw, 304px\" \/><\/figure>\n\n\n\n<figure class=\"wp-block-image size-full\"><img loading=\"lazy\" decoding=\"async\" width=\"750\" height=\"1000\" src=\"https:\/\/etab.ac-reunion.fr\/clg-plateau-goyaves\/wp-content\/uploads\/sites\/109\/2022\/07\/image2.jpeg\" alt=\"\" class=\"wp-image-4471\" srcset=\"https:\/\/etab.ac-reunion.fr\/clg-plateau-goyaves\/wp-content\/uploads\/sites\/109\/2022\/07\/image2.jpeg 750w, https:\/\/etab.ac-reunion.fr\/clg-plateau-goyaves\/wp-content\/uploads\/sites\/109\/2022\/07\/image2-225x300.jpeg 225w, https:\/\/etab.ac-reunion.fr\/clg-plateau-goyaves\/wp-content\/uploads\/sites\/109\/2022\/07\/image2-150x200.jpeg 150w\" sizes=\"(max-width: 750px) 100vw, 750px\" \/><figcaption>Toutes les prises de vue ont \u00e9t\u00e9 faites par un \u00e9l\u00e8ve de la classe de 3eme PREPA METIERS, mise en sc\u00e8ne choisie par chacun(e) des \u00e9l\u00e8ves photographi\u00e9(e)s&#8230;<\/figcaption><\/figure>\n","protected":false},"excerpt":{"rendered":"<p>Pour information: Le dispositif \u00ab\u00a0Galerie au coll\u00e8ge\u00a0\u00bb, rattach\u00e9 au Parcours d&rsquo; \u00c9ducation Artistique et Culturelle, est \u00e0 pr\u00e9sent nomm\u00e9 E-LRO: Espaces et Lieux de Rencontre avec l\u2019\u0153uvre. EXPOSITION TH\u00c9MATIQUE ANNUELLE EN R\u00c9SEAU (1er et 2nd degr\u00e9) \/ Avril 2022 Ann\u00e9e scolaire 2021\/2022 Apr\u00e8s cette longue p\u00e9riode marqu\u00e9e par la crise du Covid 19 et les [&hellip;]<\/p>\n","protected":false},"author":28481,"featured_media":4449,"comment_status":"open","ping_status":"open","sticky":false,"template":"","format":"standard","meta":{"_et_pb_use_builder":"","_et_pb_old_content":"","_et_gb_content_width":"","footnotes":""},"categories":[70,104],"tags":[],"class_list":["post-4430","post","type-post","status-publish","format-standard","has-post-thumbnail","hentry","category-art","category-e-lro"],"_links":{"self":[{"href":"https:\/\/etab.ac-reunion.fr\/clg-plateau-goyaves\/wp-json\/wp\/v2\/posts\/4430","targetHints":{"allow":["GET"]}}],"collection":[{"href":"https:\/\/etab.ac-reunion.fr\/clg-plateau-goyaves\/wp-json\/wp\/v2\/posts"}],"about":[{"href":"https:\/\/etab.ac-reunion.fr\/clg-plateau-goyaves\/wp-json\/wp\/v2\/types\/post"}],"author":[{"embeddable":true,"href":"https:\/\/etab.ac-reunion.fr\/clg-plateau-goyaves\/wp-json\/wp\/v2\/users\/28481"}],"replies":[{"embeddable":true,"href":"https:\/\/etab.ac-reunion.fr\/clg-plateau-goyaves\/wp-json\/wp\/v2\/comments?post=4430"}],"version-history":[{"count":4,"href":"https:\/\/etab.ac-reunion.fr\/clg-plateau-goyaves\/wp-json\/wp\/v2\/posts\/4430\/revisions"}],"predecessor-version":[{"id":4493,"href":"https:\/\/etab.ac-reunion.fr\/clg-plateau-goyaves\/wp-json\/wp\/v2\/posts\/4430\/revisions\/4493"}],"wp:featuredmedia":[{"embeddable":true,"href":"https:\/\/etab.ac-reunion.fr\/clg-plateau-goyaves\/wp-json\/wp\/v2\/media\/4449"}],"wp:attachment":[{"href":"https:\/\/etab.ac-reunion.fr\/clg-plateau-goyaves\/wp-json\/wp\/v2\/media?parent=4430"}],"wp:term":[{"taxonomy":"category","embeddable":true,"href":"https:\/\/etab.ac-reunion.fr\/clg-plateau-goyaves\/wp-json\/wp\/v2\/categories?post=4430"},{"taxonomy":"post_tag","embeddable":true,"href":"https:\/\/etab.ac-reunion.fr\/clg-plateau-goyaves\/wp-json\/wp\/v2\/tags?post=4430"}],"curies":[{"name":"wp","href":"https:\/\/api.w.org\/{rel}","templated":true}]}}