{"id":4473,"date":"2022-07-04T22:05:16","date_gmt":"2022-07-04T18:05:16","guid":{"rendered":"http:\/\/college-plateau-goyaves.ac-reunion.fr\/?p=4473"},"modified":"2024-09-16T12:35:16","modified_gmt":"2024-09-16T08:35:16","slug":"arts-plastiques-une-galerie-au-college-e-lro-un-artiste-une-exposition-aurellll-au-coeur-du-vivant","status":"publish","type":"post","link":"https:\/\/etab.ac-reunion.fr\/clg-plateau-goyaves\/2022\/07\/04\/arts-plastiques-une-galerie-au-college-e-lro-un-artiste-une-exposition-aurellll-au-coeur-du-vivant\/","title":{"rendered":"ARTS PLASTIQUES\/ E-LRO UNE GALERIE AU COLLEGE  UN ARTISTE, UNE EXPOSITION: AURELLLL \u00ab\u00a0Au c\u0153ur du vivant\u00a0\u00bb"},"content":{"rendered":"\n<p>Ann\u00e9e scolaire 2021\/2022 ( Novembre 2021)<\/p>\n\n\n\n<p class=\"has-drop-cap\">Aur\u00e9lie LEMILLE&#8230;<\/p>\n\n\n\n<figure class=\"wp-block-image size-full is-style-rounded\"><img loading=\"lazy\" decoding=\"async\" width=\"100\" height=\"150\" src=\"https:\/\/etab.ac-reunion.fr\/clg-plateau-goyaves\/wp-content\/uploads\/sites\/109\/2022\/07\/image-8.png\" alt=\"\" class=\"wp-image-4474\" \/><\/figure>\n\n\n\n<p>Artiste plasticienne pluridisciplinaire,<strong> Aurellll<\/strong> est dipl\u00f4m\u00e9e en art-espace de l\u2019\u00c9cole des arts d\u00e9coratifs de Paris.<\/p>\n\n\n\n<p>Elle a \u00e9galement \u00e9t\u00e9 form\u00e9e aux Beaux Arts de Barcelone en image imprim\u00e9e et s\u00e9rigraphie. Sans oublier un BTS en expression visuelle, option espace de communication, \u00e0 l\u2019\u00e9cole Boulle de Paris.<\/p>\n\n\n\n<p>Initi\u00e9e \u00e0 la fresque par le ma\u00eetre Hisao Takahashi, elle aime<strong> les grands formats et fait appel \u00e0 la peinture, la gravure, la photo et le recyclage de mat\u00e9riaux.&nbsp;<\/strong><\/p>\n\n\n\n<p>Elle dispose d&rsquo; une tr\u00e8s bel atelier au Maniron o\u00f9 elle donne des formations. Elle a obtenu plusieurs distinctions et vit de son art.<\/p>\n\n\n\n<p><strong>Son univers, tant\u00f4t figuratif, tant\u00f4t abstrait, min\u00e9ral ou organique, surtout v\u00e9g\u00e9tal, demeure toujours emprunt de f\u00e9minit\u00e9, voire d&rsquo;\u00e9rotisme sugg\u00e9r\u00e9 comme assum\u00e9.<\/strong><\/p>\n\n\n\n<p><strong>Cette artiste s\u2019int\u00e9resse au Vivant. Aller percer les myst\u00e8res en son c\u0153ur, de l&rsquo;infiniment petit \u00e0 l&rsquo;infiniment grand<\/strong>&#8230;telle est sa qu\u00eate&#8230; <\/p>\n\n\n\n<figure class=\"wp-block-image size-large\"><img loading=\"lazy\" decoding=\"async\" width=\"641\" height=\"1024\" src=\"https:\/\/etab.ac-reunion.fr\/clg-plateau-goyaves\/wp-content\/uploads\/sites\/109\/2022\/07\/AFFICHE-EXPO-AURELLLL-PLATEAU-GOYAVES-641x1024.png\" alt=\"\" class=\"wp-image-4478\" srcset=\"https:\/\/etab.ac-reunion.fr\/clg-plateau-goyaves\/wp-content\/uploads\/sites\/109\/2022\/07\/AFFICHE-EXPO-AURELLLL-PLATEAU-GOYAVES-641x1024.png 641w, https:\/\/etab.ac-reunion.fr\/clg-plateau-goyaves\/wp-content\/uploads\/sites\/109\/2022\/07\/AFFICHE-EXPO-AURELLLL-PLATEAU-GOYAVES-188x300.png 188w, https:\/\/etab.ac-reunion.fr\/clg-plateau-goyaves\/wp-content\/uploads\/sites\/109\/2022\/07\/AFFICHE-EXPO-AURELLLL-PLATEAU-GOYAVES-768x1227.png 768w, https:\/\/etab.ac-reunion.fr\/clg-plateau-goyaves\/wp-content\/uploads\/sites\/109\/2022\/07\/AFFICHE-EXPO-AURELLLL-PLATEAU-GOYAVES-125x200.png 125w, https:\/\/etab.ac-reunion.fr\/clg-plateau-goyaves\/wp-content\/uploads\/sites\/109\/2022\/07\/AFFICHE-EXPO-AURELLLL-PLATEAU-GOYAVES.png 806w\" sizes=\"(max-width: 641px) 100vw, 641px\" \/><figcaption>Affiche de l&rsquo;exposition \u00a0\u00bb Au c\u0153ur du vivant\u00a0\u00bb (photo et r\u00e9al. A. Jourdain)<\/figcaption><\/figure>\n\n\n\n<figure class=\"wp-block-image size-large\"><img loading=\"lazy\" decoding=\"async\" width=\"1024\" height=\"768\" src=\"https:\/\/etab.ac-reunion.fr\/clg-plateau-goyaves\/wp-content\/uploads\/sites\/109\/2022\/07\/20211116_113731-1024x768.jpg\" alt=\"\" class=\"wp-image-4542\" srcset=\"https:\/\/etab.ac-reunion.fr\/clg-plateau-goyaves\/wp-content\/uploads\/sites\/109\/2022\/07\/20211116_113731-1024x768.jpg 1024w, https:\/\/etab.ac-reunion.fr\/clg-plateau-goyaves\/wp-content\/uploads\/sites\/109\/2022\/07\/20211116_113731-300x225.jpg 300w, https:\/\/etab.ac-reunion.fr\/clg-plateau-goyaves\/wp-content\/uploads\/sites\/109\/2022\/07\/20211116_113731-768x576.jpg 768w, https:\/\/etab.ac-reunion.fr\/clg-plateau-goyaves\/wp-content\/uploads\/sites\/109\/2022\/07\/20211116_113731-1536x1152.jpg 1536w, https:\/\/etab.ac-reunion.fr\/clg-plateau-goyaves\/wp-content\/uploads\/sites\/109\/2022\/07\/20211116_113731-2048x1536.jpg 2048w, https:\/\/etab.ac-reunion.fr\/clg-plateau-goyaves\/wp-content\/uploads\/sites\/109\/2022\/07\/20211116_113731-267x200.jpg 267w\" sizes=\"(max-width: 1024px) 100vw, 1024px\" \/><figcaption>vue d&rsquo; ensemble de l&rsquo; exposition<\/figcaption><\/figure>\n\n\n\n<figure class=\"wp-block-image size-large\"><img loading=\"lazy\" decoding=\"async\" width=\"1024\" height=\"768\" src=\"https:\/\/etab.ac-reunion.fr\/clg-plateau-goyaves\/wp-content\/uploads\/sites\/109\/2022\/07\/20211116_114214-1024x768.jpg\" alt=\"\" class=\"wp-image-4532\" srcset=\"https:\/\/etab.ac-reunion.fr\/clg-plateau-goyaves\/wp-content\/uploads\/sites\/109\/2022\/07\/20211116_114214-1024x768.jpg 1024w, https:\/\/etab.ac-reunion.fr\/clg-plateau-goyaves\/wp-content\/uploads\/sites\/109\/2022\/07\/20211116_114214-300x225.jpg 300w, https:\/\/etab.ac-reunion.fr\/clg-plateau-goyaves\/wp-content\/uploads\/sites\/109\/2022\/07\/20211116_114214-768x576.jpg 768w, https:\/\/etab.ac-reunion.fr\/clg-plateau-goyaves\/wp-content\/uploads\/sites\/109\/2022\/07\/20211116_114214-1536x1152.jpg 1536w, https:\/\/etab.ac-reunion.fr\/clg-plateau-goyaves\/wp-content\/uploads\/sites\/109\/2022\/07\/20211116_114214-2048x1536.jpg 2048w, https:\/\/etab.ac-reunion.fr\/clg-plateau-goyaves\/wp-content\/uploads\/sites\/109\/2022\/07\/20211116_114214-267x200.jpg 267w\" sizes=\"(max-width: 1024px) 100vw, 1024px\" \/><figcaption>vue de l&rsquo;exposition \u00a0\u00bb Au c\u0153ur du vivant\u00a0\u00bb, Coll\u00e8ge Plateau Goyaves, Saint Louis<\/figcaption><\/figure>\n\n\n\n<p>Quelques \u0153uvres expos\u00e9es:<\/p>\n\n\n\n<figure class=\"wp-block-image size-large\"><img loading=\"lazy\" decoding=\"async\" width=\"1024\" height=\"797\" src=\"https:\/\/etab.ac-reunion.fr\/clg-plateau-goyaves\/wp-content\/uploads\/sites\/109\/2022\/07\/Femmes-sacrees-Peinture-acrylique-et-collage-2019-107x136-cm-1024x797.jpg\" alt=\"\" class=\"wp-image-4479\" srcset=\"https:\/\/etab.ac-reunion.fr\/clg-plateau-goyaves\/wp-content\/uploads\/sites\/109\/2022\/07\/Femmes-sacrees-Peinture-acrylique-et-collage-2019-107x136-cm-1024x797.jpg 1024w, https:\/\/etab.ac-reunion.fr\/clg-plateau-goyaves\/wp-content\/uploads\/sites\/109\/2022\/07\/Femmes-sacrees-Peinture-acrylique-et-collage-2019-107x136-cm-300x234.jpg 300w, https:\/\/etab.ac-reunion.fr\/clg-plateau-goyaves\/wp-content\/uploads\/sites\/109\/2022\/07\/Femmes-sacrees-Peinture-acrylique-et-collage-2019-107x136-cm-768x598.jpg 768w, https:\/\/etab.ac-reunion.fr\/clg-plateau-goyaves\/wp-content\/uploads\/sites\/109\/2022\/07\/Femmes-sacrees-Peinture-acrylique-et-collage-2019-107x136-cm-1536x1196.jpg 1536w, https:\/\/etab.ac-reunion.fr\/clg-plateau-goyaves\/wp-content\/uploads\/sites\/109\/2022\/07\/Femmes-sacrees-Peinture-acrylique-et-collage-2019-107x136-cm-2048x1595.jpg 2048w, https:\/\/etab.ac-reunion.fr\/clg-plateau-goyaves\/wp-content\/uploads\/sites\/109\/2022\/07\/Femmes-sacrees-Peinture-acrylique-et-collage-2019-107x136-cm-257x200.jpg 257w\" sizes=\"(max-width: 1024px) 100vw, 1024px\" \/><figcaption><em>Femmes sacr\u00e9es<\/em>, AURELLLL, Peinture acrylique et collage,2019,107&#215;136 cm<\/figcaption><\/figure>\n\n\n\n<figure class=\"wp-block-image size-large\"><img loading=\"lazy\" decoding=\"async\" width=\"1024\" height=\"768\" src=\"https:\/\/etab.ac-reunion.fr\/clg-plateau-goyaves\/wp-content\/uploads\/sites\/109\/2022\/07\/20211116_113907-1024x768.jpg\" alt=\"\" class=\"wp-image-4540\" srcset=\"https:\/\/etab.ac-reunion.fr\/clg-plateau-goyaves\/wp-content\/uploads\/sites\/109\/2022\/07\/20211116_113907-1024x768.jpg 1024w, https:\/\/etab.ac-reunion.fr\/clg-plateau-goyaves\/wp-content\/uploads\/sites\/109\/2022\/07\/20211116_113907-300x225.jpg 300w, https:\/\/etab.ac-reunion.fr\/clg-plateau-goyaves\/wp-content\/uploads\/sites\/109\/2022\/07\/20211116_113907-768x576.jpg 768w, https:\/\/etab.ac-reunion.fr\/clg-plateau-goyaves\/wp-content\/uploads\/sites\/109\/2022\/07\/20211116_113907-1536x1152.jpg 1536w, https:\/\/etab.ac-reunion.fr\/clg-plateau-goyaves\/wp-content\/uploads\/sites\/109\/2022\/07\/20211116_113907-2048x1536.jpg 2048w, https:\/\/etab.ac-reunion.fr\/clg-plateau-goyaves\/wp-content\/uploads\/sites\/109\/2022\/07\/20211116_113907-267x200.jpg 267w\" sizes=\"(max-width: 1024px) 100vw, 1024px\" \/><figcaption>Autre vue de l&rsquo; exposition<\/figcaption><\/figure>\n\n\n\n<figure class=\"wp-block-image size-large\"><img loading=\"lazy\" decoding=\"async\" width=\"1024\" height=\"418\" src=\"https:\/\/etab.ac-reunion.fr\/clg-plateau-goyaves\/wp-content\/uploads\/sites\/109\/2022\/07\/Diatoms-Cellules-nerveuses-Triptyque-Peinture-Toiles-sur-chassis-Technique-mixte-150x61cm-2013-800E-1-1024x418.jpg\" alt=\"\" class=\"wp-image-4480\" srcset=\"https:\/\/etab.ac-reunion.fr\/clg-plateau-goyaves\/wp-content\/uploads\/sites\/109\/2022\/07\/Diatoms-Cellules-nerveuses-Triptyque-Peinture-Toiles-sur-chassis-Technique-mixte-150x61cm-2013-800E-1-1024x418.jpg 1024w, https:\/\/etab.ac-reunion.fr\/clg-plateau-goyaves\/wp-content\/uploads\/sites\/109\/2022\/07\/Diatoms-Cellules-nerveuses-Triptyque-Peinture-Toiles-sur-chassis-Technique-mixte-150x61cm-2013-800E-1-300x123.jpg 300w, https:\/\/etab.ac-reunion.fr\/clg-plateau-goyaves\/wp-content\/uploads\/sites\/109\/2022\/07\/Diatoms-Cellules-nerveuses-Triptyque-Peinture-Toiles-sur-chassis-Technique-mixte-150x61cm-2013-800E-1-768x314.jpg 768w, https:\/\/etab.ac-reunion.fr\/clg-plateau-goyaves\/wp-content\/uploads\/sites\/109\/2022\/07\/Diatoms-Cellules-nerveuses-Triptyque-Peinture-Toiles-sur-chassis-Technique-mixte-150x61cm-2013-800E-1-1536x627.jpg 1536w, https:\/\/etab.ac-reunion.fr\/clg-plateau-goyaves\/wp-content\/uploads\/sites\/109\/2022\/07\/Diatoms-Cellules-nerveuses-Triptyque-Peinture-Toiles-sur-chassis-Technique-mixte-150x61cm-2013-800E-1-2048x836.jpg 2048w, https:\/\/etab.ac-reunion.fr\/clg-plateau-goyaves\/wp-content\/uploads\/sites\/109\/2022\/07\/Diatoms-Cellules-nerveuses-Triptyque-Peinture-Toiles-sur-chassis-Technique-mixte-150x61cm-2013-800E-1-490x200.jpg 490w\" sizes=\"(max-width: 1024px) 100vw, 1024px\" \/><figcaption><em>Diatoms &amp; Cellules nerveuses<\/em>, AURELLLL, Triptyque,Peinture,Toiles sur ch\u00e2ssis,Technique mixte,150x61cm,2013<\/figcaption><\/figure>\n\n\n\n<figure class=\"wp-block-image size-large\"><img loading=\"lazy\" decoding=\"async\" width=\"1024\" height=\"643\" src=\"https:\/\/etab.ac-reunion.fr\/clg-plateau-goyaves\/wp-content\/uploads\/sites\/109\/2022\/07\/Protozoaires-marins-Diptyque-Peinture-Toiles-sur-chassis-Technique-mixte-146x92cm-2013-1200E-1024x643.jpg\" alt=\"\" class=\"wp-image-4481\" srcset=\"https:\/\/etab.ac-reunion.fr\/clg-plateau-goyaves\/wp-content\/uploads\/sites\/109\/2022\/07\/Protozoaires-marins-Diptyque-Peinture-Toiles-sur-chassis-Technique-mixte-146x92cm-2013-1200E-1024x643.jpg 1024w, https:\/\/etab.ac-reunion.fr\/clg-plateau-goyaves\/wp-content\/uploads\/sites\/109\/2022\/07\/Protozoaires-marins-Diptyque-Peinture-Toiles-sur-chassis-Technique-mixte-146x92cm-2013-1200E-300x189.jpg 300w, https:\/\/etab.ac-reunion.fr\/clg-plateau-goyaves\/wp-content\/uploads\/sites\/109\/2022\/07\/Protozoaires-marins-Diptyque-Peinture-Toiles-sur-chassis-Technique-mixte-146x92cm-2013-1200E-768x483.jpg 768w, https:\/\/etab.ac-reunion.fr\/clg-plateau-goyaves\/wp-content\/uploads\/sites\/109\/2022\/07\/Protozoaires-marins-Diptyque-Peinture-Toiles-sur-chassis-Technique-mixte-146x92cm-2013-1200E-1536x965.jpg 1536w, https:\/\/etab.ac-reunion.fr\/clg-plateau-goyaves\/wp-content\/uploads\/sites\/109\/2022\/07\/Protozoaires-marins-Diptyque-Peinture-Toiles-sur-chassis-Technique-mixte-146x92cm-2013-1200E-2048x1287.jpg 2048w, https:\/\/etab.ac-reunion.fr\/clg-plateau-goyaves\/wp-content\/uploads\/sites\/109\/2022\/07\/Protozoaires-marins-Diptyque-Peinture-Toiles-sur-chassis-Technique-mixte-146x92cm-2013-1200E-318x200.jpg 318w\" sizes=\"(max-width: 1024px) 100vw, 1024px\" \/><figcaption><em>Protozoaires marins<\/em>, AURELLLL, Diptyque,Peinture, Toiles sur ch\u00e2ssis, Technique mixte,146x92cm,2013<\/figcaption><\/figure>\n\n\n\n<figure class=\"wp-block-image size-large\"><img loading=\"lazy\" decoding=\"async\" width=\"1024\" height=\"768\" src=\"https:\/\/etab.ac-reunion.fr\/clg-plateau-goyaves\/wp-content\/uploads\/sites\/109\/2022\/07\/20211116_100933-1-1024x768.jpg\" alt=\"\" class=\"wp-image-4535\" srcset=\"https:\/\/etab.ac-reunion.fr\/clg-plateau-goyaves\/wp-content\/uploads\/sites\/109\/2022\/07\/20211116_100933-1-1024x768.jpg 1024w, https:\/\/etab.ac-reunion.fr\/clg-plateau-goyaves\/wp-content\/uploads\/sites\/109\/2022\/07\/20211116_100933-1-300x225.jpg 300w, https:\/\/etab.ac-reunion.fr\/clg-plateau-goyaves\/wp-content\/uploads\/sites\/109\/2022\/07\/20211116_100933-1-768x576.jpg 768w, https:\/\/etab.ac-reunion.fr\/clg-plateau-goyaves\/wp-content\/uploads\/sites\/109\/2022\/07\/20211116_100933-1-1536x1152.jpg 1536w, https:\/\/etab.ac-reunion.fr\/clg-plateau-goyaves\/wp-content\/uploads\/sites\/109\/2022\/07\/20211116_100933-1-2048x1536.jpg 2048w, https:\/\/etab.ac-reunion.fr\/clg-plateau-goyaves\/wp-content\/uploads\/sites\/109\/2022\/07\/20211116_100933-1-267x200.jpg 267w\" sizes=\"(max-width: 1024px) 100vw, 1024px\" \/><figcaption>L&rsquo;artiste  AURELLLL a assur\u00e9 la m\u00e9diation pour une dizaine de classes de niveau 5eme et 3eme<\/figcaption><\/figure>\n\n\n\n<figure class=\"wp-block-image size-large\"><img loading=\"lazy\" decoding=\"async\" width=\"1024\" height=\"252\" src=\"https:\/\/etab.ac-reunion.fr\/clg-plateau-goyaves\/wp-content\/uploads\/sites\/109\/2022\/07\/Horizonterre-2011-Polyptyque-peinture-toile-Technique-mixte-100x400cm-4000E-1024x252.jpg\" alt=\"\" class=\"wp-image-4482\" srcset=\"https:\/\/etab.ac-reunion.fr\/clg-plateau-goyaves\/wp-content\/uploads\/sites\/109\/2022\/07\/Horizonterre-2011-Polyptyque-peinture-toile-Technique-mixte-100x400cm-4000E-1024x252.jpg 1024w, https:\/\/etab.ac-reunion.fr\/clg-plateau-goyaves\/wp-content\/uploads\/sites\/109\/2022\/07\/Horizonterre-2011-Polyptyque-peinture-toile-Technique-mixte-100x400cm-4000E-300x74.jpg 300w, https:\/\/etab.ac-reunion.fr\/clg-plateau-goyaves\/wp-content\/uploads\/sites\/109\/2022\/07\/Horizonterre-2011-Polyptyque-peinture-toile-Technique-mixte-100x400cm-4000E-768x189.jpg 768w, https:\/\/etab.ac-reunion.fr\/clg-plateau-goyaves\/wp-content\/uploads\/sites\/109\/2022\/07\/Horizonterre-2011-Polyptyque-peinture-toile-Technique-mixte-100x400cm-4000E-813x200.jpg 813w, https:\/\/etab.ac-reunion.fr\/clg-plateau-goyaves\/wp-content\/uploads\/sites\/109\/2022\/07\/Horizonterre-2011-Polyptyque-peinture-toile-Technique-mixte-100x400cm-4000E.jpg 1220w\" sizes=\"(max-width: 1024px) 100vw, 1024px\" \/><figcaption><em>Horizonterre<\/em>, AURELLLL, Polyptyque, peinture, toile, Technique mixte, 100x400cm,2011<\/figcaption><\/figure>\n\n\n\n<figure class=\"wp-block-image size-large\"><img loading=\"lazy\" decoding=\"async\" width=\"704\" height=\"1024\" src=\"https:\/\/etab.ac-reunion.fr\/clg-plateau-goyaves\/wp-content\/uploads\/sites\/109\/2022\/07\/Terre-mere-Serigraphie-sur-papier-encadree-60x80cm-2017-180E-704x1024.jpg\" alt=\"\" class=\"wp-image-4483\" srcset=\"https:\/\/etab.ac-reunion.fr\/clg-plateau-goyaves\/wp-content\/uploads\/sites\/109\/2022\/07\/Terre-mere-Serigraphie-sur-papier-encadree-60x80cm-2017-180E-704x1024.jpg 704w, https:\/\/etab.ac-reunion.fr\/clg-plateau-goyaves\/wp-content\/uploads\/sites\/109\/2022\/07\/Terre-mere-Serigraphie-sur-papier-encadree-60x80cm-2017-180E-206x300.jpg 206w, https:\/\/etab.ac-reunion.fr\/clg-plateau-goyaves\/wp-content\/uploads\/sites\/109\/2022\/07\/Terre-mere-Serigraphie-sur-papier-encadree-60x80cm-2017-180E-768x1118.jpg 768w, https:\/\/etab.ac-reunion.fr\/clg-plateau-goyaves\/wp-content\/uploads\/sites\/109\/2022\/07\/Terre-mere-Serigraphie-sur-papier-encadree-60x80cm-2017-180E-1055x1536.jpg 1055w, https:\/\/etab.ac-reunion.fr\/clg-plateau-goyaves\/wp-content\/uploads\/sites\/109\/2022\/07\/Terre-mere-Serigraphie-sur-papier-encadree-60x80cm-2017-180E-1407x2048.jpg 1407w, https:\/\/etab.ac-reunion.fr\/clg-plateau-goyaves\/wp-content\/uploads\/sites\/109\/2022\/07\/Terre-mere-Serigraphie-sur-papier-encadree-60x80cm-2017-180E-137x200.jpg 137w, https:\/\/etab.ac-reunion.fr\/clg-plateau-goyaves\/wp-content\/uploads\/sites\/109\/2022\/07\/Terre-mere-Serigraphie-sur-papier-encadree-60x80cm-2017-180E-scaled.jpg 1759w\" sizes=\"(max-width: 704px) 100vw, 704px\" \/><figcaption><em>Terre m\u00e8re<\/em>, AURELLLL, S\u00e9rigraphie sur papier encadr\u00e9e,60x80cm, 2017<\/figcaption><\/figure>\n\n\n\n<figure class=\"wp-block-image size-large\"><img loading=\"lazy\" decoding=\"async\" width=\"580\" height=\"1024\" src=\"https:\/\/etab.ac-reunion.fr\/clg-plateau-goyaves\/wp-content\/uploads\/sites\/109\/2022\/07\/Venus-Serigraphie-sur-papier-encadree-60x80cm-2017-180E-580x1024.jpg\" alt=\"\" class=\"wp-image-4484\" srcset=\"https:\/\/etab.ac-reunion.fr\/clg-plateau-goyaves\/wp-content\/uploads\/sites\/109\/2022\/07\/Venus-Serigraphie-sur-papier-encadree-60x80cm-2017-180E-580x1024.jpg 580w, https:\/\/etab.ac-reunion.fr\/clg-plateau-goyaves\/wp-content\/uploads\/sites\/109\/2022\/07\/Venus-Serigraphie-sur-papier-encadree-60x80cm-2017-180E-170x300.jpg 170w, https:\/\/etab.ac-reunion.fr\/clg-plateau-goyaves\/wp-content\/uploads\/sites\/109\/2022\/07\/Venus-Serigraphie-sur-papier-encadree-60x80cm-2017-180E-768x1357.jpg 768w, https:\/\/etab.ac-reunion.fr\/clg-plateau-goyaves\/wp-content\/uploads\/sites\/109\/2022\/07\/Venus-Serigraphie-sur-papier-encadree-60x80cm-2017-180E-870x1536.jpg 870w, https:\/\/etab.ac-reunion.fr\/clg-plateau-goyaves\/wp-content\/uploads\/sites\/109\/2022\/07\/Venus-Serigraphie-sur-papier-encadree-60x80cm-2017-180E-1159x2048.jpg 1159w, https:\/\/etab.ac-reunion.fr\/clg-plateau-goyaves\/wp-content\/uploads\/sites\/109\/2022\/07\/Venus-Serigraphie-sur-papier-encadree-60x80cm-2017-180E-113x200.jpg 113w, https:\/\/etab.ac-reunion.fr\/clg-plateau-goyaves\/wp-content\/uploads\/sites\/109\/2022\/07\/Venus-Serigraphie-sur-papier-encadree-60x80cm-2017-180E-scaled.jpg 1449w\" sizes=\"(max-width: 580px) 100vw, 580px\" \/><figcaption><em>V\u00e9nus<\/em>, AURELLLL, S\u00e9rigraphie sur papier encadr\u00e9e, 60x80cm, 2017<\/figcaption><\/figure>\n\n\n\n<figure class=\"wp-block-image size-large\"><img loading=\"lazy\" decoding=\"async\" width=\"768\" height=\"1024\" src=\"https:\/\/etab.ac-reunion.fr\/clg-plateau-goyaves\/wp-content\/uploads\/sites\/109\/2022\/07\/20211116_113830-768x1024.jpg\" alt=\"\" class=\"wp-image-4536\" srcset=\"https:\/\/etab.ac-reunion.fr\/clg-plateau-goyaves\/wp-content\/uploads\/sites\/109\/2022\/07\/20211116_113830-768x1024.jpg 768w, https:\/\/etab.ac-reunion.fr\/clg-plateau-goyaves\/wp-content\/uploads\/sites\/109\/2022\/07\/20211116_113830-225x300.jpg 225w, https:\/\/etab.ac-reunion.fr\/clg-plateau-goyaves\/wp-content\/uploads\/sites\/109\/2022\/07\/20211116_113830-1152x1536.jpg 1152w, https:\/\/etab.ac-reunion.fr\/clg-plateau-goyaves\/wp-content\/uploads\/sites\/109\/2022\/07\/20211116_113830-1536x2048.jpg 1536w, https:\/\/etab.ac-reunion.fr\/clg-plateau-goyaves\/wp-content\/uploads\/sites\/109\/2022\/07\/20211116_113830-150x200.jpg 150w, https:\/\/etab.ac-reunion.fr\/clg-plateau-goyaves\/wp-content\/uploads\/sites\/109\/2022\/07\/20211116_113830-scaled.jpg 1920w\" sizes=\"(max-width: 768px) 100vw, 768px\" \/><\/figure>\n\n\n\n<figure class=\"wp-block-image size-large is-resized\"><img loading=\"lazy\" decoding=\"async\" src=\"https:\/\/etab.ac-reunion.fr\/clg-plateau-goyaves\/wp-content\/uploads\/sites\/109\/2022\/07\/Uterus-baba-figue-serigraphie-30x42cm-2018-90E-873x1024.jpg\" alt=\"\" class=\"wp-image-4485\" width=\"264\" height=\"310\" srcset=\"https:\/\/etab.ac-reunion.fr\/clg-plateau-goyaves\/wp-content\/uploads\/sites\/109\/2022\/07\/Uterus-baba-figue-serigraphie-30x42cm-2018-90E-873x1024.jpg 873w, https:\/\/etab.ac-reunion.fr\/clg-plateau-goyaves\/wp-content\/uploads\/sites\/109\/2022\/07\/Uterus-baba-figue-serigraphie-30x42cm-2018-90E-256x300.jpg 256w, https:\/\/etab.ac-reunion.fr\/clg-plateau-goyaves\/wp-content\/uploads\/sites\/109\/2022\/07\/Uterus-baba-figue-serigraphie-30x42cm-2018-90E-768x900.jpg 768w, https:\/\/etab.ac-reunion.fr\/clg-plateau-goyaves\/wp-content\/uploads\/sites\/109\/2022\/07\/Uterus-baba-figue-serigraphie-30x42cm-2018-90E-1310x1536.jpg 1310w, https:\/\/etab.ac-reunion.fr\/clg-plateau-goyaves\/wp-content\/uploads\/sites\/109\/2022\/07\/Uterus-baba-figue-serigraphie-30x42cm-2018-90E-171x200.jpg 171w, https:\/\/etab.ac-reunion.fr\/clg-plateau-goyaves\/wp-content\/uploads\/sites\/109\/2022\/07\/Uterus-baba-figue-serigraphie-30x42cm-2018-90E.jpg 1648w\" sizes=\"(max-width: 264px) 100vw, 264px\" \/><figcaption><em>Uterus baba figue<\/em>, AURELLLL, s\u00e9rigraphie, 30x42cm,2018<\/figcaption><\/figure>\n\n\n\n<figure class=\"wp-block-image size-large\"><img loading=\"lazy\" decoding=\"async\" width=\"707\" height=\"1024\" src=\"https:\/\/etab.ac-reunion.fr\/clg-plateau-goyaves\/wp-content\/uploads\/sites\/109\/2022\/07\/Abondance-Serigraphie-sur-papier-encadree-120x90cm-2017-350E-707x1024.jpg\" alt=\"\" class=\"wp-image-4486\" srcset=\"https:\/\/etab.ac-reunion.fr\/clg-plateau-goyaves\/wp-content\/uploads\/sites\/109\/2022\/07\/Abondance-Serigraphie-sur-papier-encadree-120x90cm-2017-350E-707x1024.jpg 707w, https:\/\/etab.ac-reunion.fr\/clg-plateau-goyaves\/wp-content\/uploads\/sites\/109\/2022\/07\/Abondance-Serigraphie-sur-papier-encadree-120x90cm-2017-350E-207x300.jpg 207w, https:\/\/etab.ac-reunion.fr\/clg-plateau-goyaves\/wp-content\/uploads\/sites\/109\/2022\/07\/Abondance-Serigraphie-sur-papier-encadree-120x90cm-2017-350E-768x1112.jpg 768w, https:\/\/etab.ac-reunion.fr\/clg-plateau-goyaves\/wp-content\/uploads\/sites\/109\/2022\/07\/Abondance-Serigraphie-sur-papier-encadree-120x90cm-2017-350E-1061x1536.jpg 1061w, https:\/\/etab.ac-reunion.fr\/clg-plateau-goyaves\/wp-content\/uploads\/sites\/109\/2022\/07\/Abondance-Serigraphie-sur-papier-encadree-120x90cm-2017-350E-1414x2048.jpg 1414w, https:\/\/etab.ac-reunion.fr\/clg-plateau-goyaves\/wp-content\/uploads\/sites\/109\/2022\/07\/Abondance-Serigraphie-sur-papier-encadree-120x90cm-2017-350E-138x200.jpg 138w, https:\/\/etab.ac-reunion.fr\/clg-plateau-goyaves\/wp-content\/uploads\/sites\/109\/2022\/07\/Abondance-Serigraphie-sur-papier-encadree-120x90cm-2017-350E-scaled.jpg 1768w\" sizes=\"(max-width: 707px) 100vw, 707px\" \/><figcaption><em>Abondance<\/em>, AURELLLL, S\u00e9rigraphie sur papier encadr\u00e9e,120x90cm,2017<\/figcaption><\/figure>\n\n\n\n<figure class=\"wp-block-image size-large\"><img loading=\"lazy\" decoding=\"async\" width=\"1024\" height=\"768\" src=\"https:\/\/etab.ac-reunion.fr\/clg-plateau-goyaves\/wp-content\/uploads\/sites\/109\/2022\/07\/20211116_114002-1024x768.jpg\" alt=\"\" class=\"wp-image-4537\" srcset=\"https:\/\/etab.ac-reunion.fr\/clg-plateau-goyaves\/wp-content\/uploads\/sites\/109\/2022\/07\/20211116_114002-1024x768.jpg 1024w, https:\/\/etab.ac-reunion.fr\/clg-plateau-goyaves\/wp-content\/uploads\/sites\/109\/2022\/07\/20211116_114002-300x225.jpg 300w, https:\/\/etab.ac-reunion.fr\/clg-plateau-goyaves\/wp-content\/uploads\/sites\/109\/2022\/07\/20211116_114002-768x576.jpg 768w, https:\/\/etab.ac-reunion.fr\/clg-plateau-goyaves\/wp-content\/uploads\/sites\/109\/2022\/07\/20211116_114002-1536x1152.jpg 1536w, https:\/\/etab.ac-reunion.fr\/clg-plateau-goyaves\/wp-content\/uploads\/sites\/109\/2022\/07\/20211116_114002-2048x1536.jpg 2048w, https:\/\/etab.ac-reunion.fr\/clg-plateau-goyaves\/wp-content\/uploads\/sites\/109\/2022\/07\/20211116_114002-267x200.jpg 267w\" sizes=\"(max-width: 1024px) 100vw, 1024px\" \/><\/figure>\n\n\n\n<figure class=\"wp-block-image size-full\"><img loading=\"lazy\" decoding=\"async\" width=\"800\" height=\"676\" src=\"https:\/\/etab.ac-reunion.fr\/clg-plateau-goyaves\/wp-content\/uploads\/sites\/109\/2022\/07\/Monde-imaginaire-2005-Peinture-serigraphie-collage-107x122cm-600E.jpg\" alt=\"\" class=\"wp-image-4487\" srcset=\"https:\/\/etab.ac-reunion.fr\/clg-plateau-goyaves\/wp-content\/uploads\/sites\/109\/2022\/07\/Monde-imaginaire-2005-Peinture-serigraphie-collage-107x122cm-600E.jpg 800w, https:\/\/etab.ac-reunion.fr\/clg-plateau-goyaves\/wp-content\/uploads\/sites\/109\/2022\/07\/Monde-imaginaire-2005-Peinture-serigraphie-collage-107x122cm-600E-300x254.jpg 300w, https:\/\/etab.ac-reunion.fr\/clg-plateau-goyaves\/wp-content\/uploads\/sites\/109\/2022\/07\/Monde-imaginaire-2005-Peinture-serigraphie-collage-107x122cm-600E-768x649.jpg 768w, https:\/\/etab.ac-reunion.fr\/clg-plateau-goyaves\/wp-content\/uploads\/sites\/109\/2022\/07\/Monde-imaginaire-2005-Peinture-serigraphie-collage-107x122cm-600E-237x200.jpg 237w, https:\/\/etab.ac-reunion.fr\/clg-plateau-goyaves\/wp-content\/uploads\/sites\/109\/2022\/07\/Monde-imaginaire-2005-Peinture-serigraphie-collage-107x122cm-600E-472x400.jpg 472w\" sizes=\"(max-width: 800px) 100vw, 800px\" \/><figcaption><em>Monde imaginaire<\/em>, AURELLLL, Peinture s\u00e9rigraphie collage,107x122cm,2005<\/figcaption><\/figure>\n\n\n\n<figure class=\"wp-block-image size-large\"><img loading=\"lazy\" decoding=\"async\" width=\"1024\" height=\"394\" src=\"https:\/\/etab.ac-reunion.fr\/clg-plateau-goyaves\/wp-content\/uploads\/sites\/109\/2022\/07\/Maroc-Poliptyque-peinture-encre-et-acrylique-caisse-americaine-45x125cm-2016-970E-1024x394.jpg\" alt=\"\" class=\"wp-image-4488\" srcset=\"https:\/\/etab.ac-reunion.fr\/clg-plateau-goyaves\/wp-content\/uploads\/sites\/109\/2022\/07\/Maroc-Poliptyque-peinture-encre-et-acrylique-caisse-americaine-45x125cm-2016-970E-1024x394.jpg 1024w, https:\/\/etab.ac-reunion.fr\/clg-plateau-goyaves\/wp-content\/uploads\/sites\/109\/2022\/07\/Maroc-Poliptyque-peinture-encre-et-acrylique-caisse-americaine-45x125cm-2016-970E-300x115.jpg 300w, https:\/\/etab.ac-reunion.fr\/clg-plateau-goyaves\/wp-content\/uploads\/sites\/109\/2022\/07\/Maroc-Poliptyque-peinture-encre-et-acrylique-caisse-americaine-45x125cm-2016-970E-768x295.jpg 768w, https:\/\/etab.ac-reunion.fr\/clg-plateau-goyaves\/wp-content\/uploads\/sites\/109\/2022\/07\/Maroc-Poliptyque-peinture-encre-et-acrylique-caisse-americaine-45x125cm-2016-970E-1536x591.jpg 1536w, https:\/\/etab.ac-reunion.fr\/clg-plateau-goyaves\/wp-content\/uploads\/sites\/109\/2022\/07\/Maroc-Poliptyque-peinture-encre-et-acrylique-caisse-americaine-45x125cm-2016-970E-2048x788.jpg 2048w, https:\/\/etab.ac-reunion.fr\/clg-plateau-goyaves\/wp-content\/uploads\/sites\/109\/2022\/07\/Maroc-Poliptyque-peinture-encre-et-acrylique-caisse-americaine-45x125cm-2016-970E-520x200.jpg 520w\" sizes=\"(max-width: 1024px) 100vw, 1024px\" \/><figcaption><em>Maroc<\/em>, AURELLLL, Polyptyque, peinture encre et acrylique , caisse am\u00e9ricaine,45x125cm,2016<\/figcaption><\/figure>\n\n\n\n<figure class=\"wp-block-image size-large\"><img loading=\"lazy\" decoding=\"async\" width=\"768\" height=\"1024\" src=\"https:\/\/etab.ac-reunion.fr\/clg-plateau-goyaves\/wp-content\/uploads\/sites\/109\/2022\/07\/20211116_114157-768x1024.jpg\" alt=\"\" class=\"wp-image-4543\" srcset=\"https:\/\/etab.ac-reunion.fr\/clg-plateau-goyaves\/wp-content\/uploads\/sites\/109\/2022\/07\/20211116_114157-768x1024.jpg 768w, https:\/\/etab.ac-reunion.fr\/clg-plateau-goyaves\/wp-content\/uploads\/sites\/109\/2022\/07\/20211116_114157-225x300.jpg 225w, https:\/\/etab.ac-reunion.fr\/clg-plateau-goyaves\/wp-content\/uploads\/sites\/109\/2022\/07\/20211116_114157-1152x1536.jpg 1152w, https:\/\/etab.ac-reunion.fr\/clg-plateau-goyaves\/wp-content\/uploads\/sites\/109\/2022\/07\/20211116_114157-1536x2048.jpg 1536w, https:\/\/etab.ac-reunion.fr\/clg-plateau-goyaves\/wp-content\/uploads\/sites\/109\/2022\/07\/20211116_114157-150x200.jpg 150w, https:\/\/etab.ac-reunion.fr\/clg-plateau-goyaves\/wp-content\/uploads\/sites\/109\/2022\/07\/20211116_114157-scaled.jpg 1920w\" sizes=\"(max-width: 768px) 100vw, 768px\" \/><\/figure>\n\n\n\n<p><\/p>\n\n\n\n<figure class=\"wp-block-image size-large\"><img loading=\"lazy\" decoding=\"async\" width=\"1024\" height=\"919\" src=\"https:\/\/etab.ac-reunion.fr\/clg-plateau-goyaves\/wp-content\/uploads\/sites\/109\/2022\/07\/attrape-reve-volume-250-E-1024x919.jpg\" alt=\"\" class=\"wp-image-4489\" srcset=\"https:\/\/etab.ac-reunion.fr\/clg-plateau-goyaves\/wp-content\/uploads\/sites\/109\/2022\/07\/attrape-reve-volume-250-E-1024x919.jpg 1024w, https:\/\/etab.ac-reunion.fr\/clg-plateau-goyaves\/wp-content\/uploads\/sites\/109\/2022\/07\/attrape-reve-volume-250-E-300x269.jpg 300w, https:\/\/etab.ac-reunion.fr\/clg-plateau-goyaves\/wp-content\/uploads\/sites\/109\/2022\/07\/attrape-reve-volume-250-E-768x689.jpg 768w, https:\/\/etab.ac-reunion.fr\/clg-plateau-goyaves\/wp-content\/uploads\/sites\/109\/2022\/07\/attrape-reve-volume-250-E-1536x1378.jpg 1536w, https:\/\/etab.ac-reunion.fr\/clg-plateau-goyaves\/wp-content\/uploads\/sites\/109\/2022\/07\/attrape-reve-volume-250-E-2048x1837.jpg 2048w, https:\/\/etab.ac-reunion.fr\/clg-plateau-goyaves\/wp-content\/uploads\/sites\/109\/2022\/07\/attrape-reve-volume-250-E-223x200.jpg 223w\" sizes=\"(max-width: 1024px) 100vw, 1024px\" \/><figcaption><em>Attrape-r\u00eave<\/em>, AURELLLL, assemblage, divers mat\u00e9riaux tissages et broderies<\/figcaption><\/figure>\n\n\n\n<figure class=\"wp-block-image size-large is-resized\"><img loading=\"lazy\" decoding=\"async\" src=\"https:\/\/etab.ac-reunion.fr\/clg-plateau-goyaves\/wp-content\/uploads\/sites\/109\/2022\/07\/Volume-uterus-90x35-cm-200E-705x1024.jpg\" alt=\"\" class=\"wp-image-4490\" width=\"235\" height=\"341\" srcset=\"https:\/\/etab.ac-reunion.fr\/clg-plateau-goyaves\/wp-content\/uploads\/sites\/109\/2022\/07\/Volume-uterus-90x35-cm-200E-705x1024.jpg 705w, https:\/\/etab.ac-reunion.fr\/clg-plateau-goyaves\/wp-content\/uploads\/sites\/109\/2022\/07\/Volume-uterus-90x35-cm-200E-207x300.jpg 207w, https:\/\/etab.ac-reunion.fr\/clg-plateau-goyaves\/wp-content\/uploads\/sites\/109\/2022\/07\/Volume-uterus-90x35-cm-200E-768x1115.jpg 768w, https:\/\/etab.ac-reunion.fr\/clg-plateau-goyaves\/wp-content\/uploads\/sites\/109\/2022\/07\/Volume-uterus-90x35-cm-200E-138x200.jpg 138w, https:\/\/etab.ac-reunion.fr\/clg-plateau-goyaves\/wp-content\/uploads\/sites\/109\/2022\/07\/Volume-uterus-90x35-cm-200E.jpg 922w\" sizes=\"(max-width: 235px) 100vw, 235px\" \/><figcaption><em>Volume ut\u00e9rus<\/em>, AURELLLL, assemblage, divers mat\u00e9riaux, 90&#215;35 cm<\/figcaption><\/figure>\n\n\n\n<figure class=\"wp-block-image size-large\"><img loading=\"lazy\" decoding=\"async\" width=\"1024\" height=\"768\" src=\"https:\/\/etab.ac-reunion.fr\/clg-plateau-goyaves\/wp-content\/uploads\/sites\/109\/2022\/07\/20211116_102453-1024x768.jpg\" alt=\"\" class=\"wp-image-4538\" srcset=\"https:\/\/etab.ac-reunion.fr\/clg-plateau-goyaves\/wp-content\/uploads\/sites\/109\/2022\/07\/20211116_102453-1024x768.jpg 1024w, https:\/\/etab.ac-reunion.fr\/clg-plateau-goyaves\/wp-content\/uploads\/sites\/109\/2022\/07\/20211116_102453-300x225.jpg 300w, https:\/\/etab.ac-reunion.fr\/clg-plateau-goyaves\/wp-content\/uploads\/sites\/109\/2022\/07\/20211116_102453-768x576.jpg 768w, https:\/\/etab.ac-reunion.fr\/clg-plateau-goyaves\/wp-content\/uploads\/sites\/109\/2022\/07\/20211116_102453-1536x1152.jpg 1536w, https:\/\/etab.ac-reunion.fr\/clg-plateau-goyaves\/wp-content\/uploads\/sites\/109\/2022\/07\/20211116_102453-2048x1536.jpg 2048w, https:\/\/etab.ac-reunion.fr\/clg-plateau-goyaves\/wp-content\/uploads\/sites\/109\/2022\/07\/20211116_102453-267x200.jpg 267w\" sizes=\"(max-width: 1024px) 100vw, 1024px\" \/><figcaption>L&rsquo;artiste AURELLLL en m\u00e9diation<\/figcaption><\/figure>\n\n\n\n<figure class=\"wp-block-image size-large\"><img loading=\"lazy\" decoding=\"async\" width=\"764\" height=\"1024\" src=\"https:\/\/etab.ac-reunion.fr\/clg-plateau-goyaves\/wp-content\/uploads\/sites\/109\/2022\/07\/Creatures-des-abysses-Peinture-sur-toile-Technique-mixte-200x150cm-2014-2000E-764x1024.jpg\" alt=\"\" class=\"wp-image-4491\" srcset=\"https:\/\/etab.ac-reunion.fr\/clg-plateau-goyaves\/wp-content\/uploads\/sites\/109\/2022\/07\/Creatures-des-abysses-Peinture-sur-toile-Technique-mixte-200x150cm-2014-2000E-764x1024.jpg 764w, https:\/\/etab.ac-reunion.fr\/clg-plateau-goyaves\/wp-content\/uploads\/sites\/109\/2022\/07\/Creatures-des-abysses-Peinture-sur-toile-Technique-mixte-200x150cm-2014-2000E-224x300.jpg 224w, https:\/\/etab.ac-reunion.fr\/clg-plateau-goyaves\/wp-content\/uploads\/sites\/109\/2022\/07\/Creatures-des-abysses-Peinture-sur-toile-Technique-mixte-200x150cm-2014-2000E-768x1030.jpg 768w, https:\/\/etab.ac-reunion.fr\/clg-plateau-goyaves\/wp-content\/uploads\/sites\/109\/2022\/07\/Creatures-des-abysses-Peinture-sur-toile-Technique-mixte-200x150cm-2014-2000E-1146x1536.jpg 1146w, https:\/\/etab.ac-reunion.fr\/clg-plateau-goyaves\/wp-content\/uploads\/sites\/109\/2022\/07\/Creatures-des-abysses-Peinture-sur-toile-Technique-mixte-200x150cm-2014-2000E-1528x2048.jpg 1528w, https:\/\/etab.ac-reunion.fr\/clg-plateau-goyaves\/wp-content\/uploads\/sites\/109\/2022\/07\/Creatures-des-abysses-Peinture-sur-toile-Technique-mixte-200x150cm-2014-2000E-149x200.jpg 149w, https:\/\/etab.ac-reunion.fr\/clg-plateau-goyaves\/wp-content\/uploads\/sites\/109\/2022\/07\/Creatures-des-abysses-Peinture-sur-toile-Technique-mixte-200x150cm-2014-2000E-scaled.jpg 1910w\" sizes=\"(max-width: 764px) 100vw, 764px\" \/><figcaption><em>Cr\u00e9atures des abysses<\/em>, AURELLLL,Peinture sur toile,Technique mixte,200x150cm,2014<\/figcaption><\/figure>\n","protected":false},"excerpt":{"rendered":"<p>Ann\u00e9e scolaire 2021\/2022 ( Novembre 2021) Aur\u00e9lie LEMILLE&#8230; Artiste plasticienne pluridisciplinaire, Aurellll est dipl\u00f4m\u00e9e en art-espace de l\u2019\u00c9cole des arts d\u00e9coratifs de Paris. Elle a \u00e9galement \u00e9t\u00e9 form\u00e9e aux Beaux Arts de Barcelone en image imprim\u00e9e et s\u00e9rigraphie. Sans oublier un BTS en expression visuelle, option espace de communication, \u00e0 l\u2019\u00e9cole Boulle de Paris. Initi\u00e9e [&hellip;]<\/p>\n","protected":false},"author":28481,"featured_media":4475,"comment_status":"open","ping_status":"open","sticky":false,"template":"","format":"standard","meta":{"_et_pb_use_builder":"","_et_pb_old_content":"","_et_gb_content_width":"","footnotes":""},"categories":[70,104],"tags":[],"class_list":["post-4473","post","type-post","status-publish","format-standard","has-post-thumbnail","hentry","category-art","category-e-lro"],"_links":{"self":[{"href":"https:\/\/etab.ac-reunion.fr\/clg-plateau-goyaves\/wp-json\/wp\/v2\/posts\/4473","targetHints":{"allow":["GET"]}}],"collection":[{"href":"https:\/\/etab.ac-reunion.fr\/clg-plateau-goyaves\/wp-json\/wp\/v2\/posts"}],"about":[{"href":"https:\/\/etab.ac-reunion.fr\/clg-plateau-goyaves\/wp-json\/wp\/v2\/types\/post"}],"author":[{"embeddable":true,"href":"https:\/\/etab.ac-reunion.fr\/clg-plateau-goyaves\/wp-json\/wp\/v2\/users\/28481"}],"replies":[{"embeddable":true,"href":"https:\/\/etab.ac-reunion.fr\/clg-plateau-goyaves\/wp-json\/wp\/v2\/comments?post=4473"}],"version-history":[{"count":8,"href":"https:\/\/etab.ac-reunion.fr\/clg-plateau-goyaves\/wp-json\/wp\/v2\/posts\/4473\/revisions"}],"predecessor-version":[{"id":5557,"href":"https:\/\/etab.ac-reunion.fr\/clg-plateau-goyaves\/wp-json\/wp\/v2\/posts\/4473\/revisions\/5557"}],"wp:featuredmedia":[{"embeddable":true,"href":"https:\/\/etab.ac-reunion.fr\/clg-plateau-goyaves\/wp-json\/wp\/v2\/media\/4475"}],"wp:attachment":[{"href":"https:\/\/etab.ac-reunion.fr\/clg-plateau-goyaves\/wp-json\/wp\/v2\/media?parent=4473"}],"wp:term":[{"taxonomy":"category","embeddable":true,"href":"https:\/\/etab.ac-reunion.fr\/clg-plateau-goyaves\/wp-json\/wp\/v2\/categories?post=4473"},{"taxonomy":"post_tag","embeddable":true,"href":"https:\/\/etab.ac-reunion.fr\/clg-plateau-goyaves\/wp-json\/wp\/v2\/tags?post=4473"}],"curies":[{"name":"wp","href":"https:\/\/api.w.org\/{rel}","templated":true}]}}