{"id":5990,"date":"2025-07-01T04:34:04","date_gmt":"2025-07-01T00:34:04","guid":{"rendered":"https:\/\/etab.ac-reunion.fr\/clg-plateau-goyaves\/?p=5990"},"modified":"2025-07-03T00:27:05","modified_gmt":"2025-07-02T20:27:05","slug":"inauguration-du-cartel-de-la-sculpture-dantonio-davila","status":"publish","type":"post","link":"https:\/\/etab.ac-reunion.fr\/clg-plateau-goyaves\/2025\/07\/01\/inauguration-du-cartel-de-la-sculpture-dantonio-davila\/","title":{"rendered":"Inauguration du cartel de la sculpture d&rsquo;Antonio DAVILA"},"content":{"rendered":"\n<p>L&rsquo; Association PRAXITELE est intervenue sur plusieurs s\u00e9ances entre Septembre et Octobre 2024, pour mener une enqu\u00eate avec les \u00e9l\u00e8ves de 6eme CHAAP sur l&rsquo; oeuvre d&rsquo;art pr\u00e9sente au sein du coll\u00e8ge, relevant du 1% artistique.<\/p>\n\n\n\n<figure class=\"wp-block-gallery has-nested-images columns-default is-cropped wp-block-gallery-1 is-layout-flex wp-block-gallery-is-layout-flex\">\n<figure class=\"wp-block-image size-large\"><img loading=\"lazy\" decoding=\"async\" width=\"662\" height=\"1024\" data-id=\"6013\" src=\"https:\/\/etab.ac-reunion.fr\/clg-plateau-goyaves\/wp-content\/uploads\/sites\/109\/2025\/07\/20241003_134356-662x1024.jpg\" alt=\"\" class=\"wp-image-6013\" \/><\/figure>\n\n\n\n<figure class=\"wp-block-image size-large\"><img loading=\"lazy\" decoding=\"async\" width=\"576\" height=\"1024\" data-id=\"6014\" src=\"https:\/\/etab.ac-reunion.fr\/clg-plateau-goyaves\/wp-content\/uploads\/sites\/109\/2025\/07\/20241003_134409-576x1024.jpg\" alt=\"\" class=\"wp-image-6014\" \/><\/figure>\n\n\n\n<figure class=\"wp-block-image size-large\"><img loading=\"lazy\" decoding=\"async\" width=\"576\" height=\"1024\" data-id=\"6016\" src=\"https:\/\/etab.ac-reunion.fr\/clg-plateau-goyaves\/wp-content\/uploads\/sites\/109\/2025\/07\/20241003_134439-576x1024.jpg\" alt=\"\" class=\"wp-image-6016\" \/><\/figure>\n\n\n\n<figure class=\"wp-block-image size-large\"><img loading=\"lazy\" decoding=\"async\" width=\"576\" height=\"1024\" data-id=\"6015\" src=\"https:\/\/etab.ac-reunion.fr\/clg-plateau-goyaves\/wp-content\/uploads\/sites\/109\/2025\/07\/20241003_134511-576x1024.jpg\" alt=\"\" class=\"wp-image-6015\" \/><\/figure>\n\n\n\n<figure class=\"wp-block-image size-large\"><img loading=\"lazy\" decoding=\"async\" width=\"576\" height=\"1024\" data-id=\"6018\" src=\"https:\/\/etab.ac-reunion.fr\/clg-plateau-goyaves\/wp-content\/uploads\/sites\/109\/2025\/07\/20241003_134538-576x1024.jpg\" alt=\"\" class=\"wp-image-6018\" \/><\/figure>\n\n\n\n<figure class=\"wp-block-image size-large\"><img loading=\"lazy\" decoding=\"async\" width=\"576\" height=\"1024\" data-id=\"6019\" src=\"https:\/\/etab.ac-reunion.fr\/clg-plateau-goyaves\/wp-content\/uploads\/sites\/109\/2025\/07\/20241003_134713-576x1024.jpg\" alt=\"\" class=\"wp-image-6019\" \/><\/figure>\n\n\n\n<figure class=\"wp-block-image size-large\"><img loading=\"lazy\" decoding=\"async\" width=\"1024\" height=\"752\" data-id=\"6017\" src=\"https:\/\/etab.ac-reunion.fr\/clg-plateau-goyaves\/wp-content\/uploads\/sites\/109\/2025\/07\/20241003_135548-1024x752.jpg\" alt=\"\" class=\"wp-image-6017\" srcset=\"https:\/\/etab.ac-reunion.fr\/clg-plateau-goyaves\/wp-content\/uploads\/sites\/109\/2025\/07\/20241003_135548-980x719.jpg 980w, https:\/\/etab.ac-reunion.fr\/clg-plateau-goyaves\/wp-content\/uploads\/sites\/109\/2025\/07\/20241003_135548-480x352.jpg 480w\" sizes=\"(min-width: 0px) and (max-width: 480px) 480px, (min-width: 481px) and (max-width: 980px) 980px, (min-width: 981px) 1024px, 100vw\" \/><\/figure>\n<\/figure>\n\n\n\n<p>Les \u00e9l\u00e8ves ont pu d\u00e9couvrir des documents d&rsquo; archives d\u00e9partementales et nationales sur le 1% artistique du coll\u00e8ge. Ils ont fait des recherches d&rsquo;informations en groupe au CDI, puis  seuls chez eux sur Internet, sur le sculpteur Antonio DAVILA. Sur place, ils ont r\u00e9alis\u00e9 un constat d&rsquo; \u00e9tat ( prise de mesures, observation de l&rsquo; \u00e9tat d&rsquo; usure des mat\u00e9riaux&#8230;), effectu\u00e9 des dessins d&rsquo; observation de l\u2019\u0153uvre, puis ils ont produit des dessins d&rsquo;imagination, ainsi que des photomontages num\u00e9riques proposant des mises en valeur de la sculpture (am\u00e9nagement paysager).<\/p>\n\n\n\n<figure class=\"wp-block-gallery has-nested-images columns-default is-cropped wp-block-gallery-2 is-layout-flex wp-block-gallery-is-layout-flex\">\n<figure class=\"wp-block-image size-large\"><img loading=\"lazy\" decoding=\"async\" width=\"768\" height=\"1024\" data-id=\"6022\" src=\"https:\/\/etab.ac-reunion.fr\/clg-plateau-goyaves\/wp-content\/uploads\/sites\/109\/2025\/07\/20250701_124245-768x1024.jpg\" alt=\"\" class=\"wp-image-6022\" \/><\/figure>\n\n\n\n<figure class=\"wp-block-image size-large\"><img loading=\"lazy\" decoding=\"async\" width=\"768\" height=\"1024\" data-id=\"6024\" src=\"https:\/\/etab.ac-reunion.fr\/clg-plateau-goyaves\/wp-content\/uploads\/sites\/109\/2025\/07\/20250701_124327-768x1024.jpg\" alt=\"\" class=\"wp-image-6024\" \/><\/figure>\n\n\n\n<figure class=\"wp-block-image size-large\"><img loading=\"lazy\" decoding=\"async\" width=\"1024\" height=\"768\" data-id=\"6025\" src=\"https:\/\/etab.ac-reunion.fr\/clg-plateau-goyaves\/wp-content\/uploads\/sites\/109\/2025\/07\/20250701_124625-1024x768.jpg\" alt=\"\" class=\"wp-image-6025\" srcset=\"https:\/\/etab.ac-reunion.fr\/clg-plateau-goyaves\/wp-content\/uploads\/sites\/109\/2025\/07\/20250701_124625-980x735.jpg 980w, https:\/\/etab.ac-reunion.fr\/clg-plateau-goyaves\/wp-content\/uploads\/sites\/109\/2025\/07\/20250701_124625-480x360.jpg 480w\" sizes=\"(min-width: 0px) and (max-width: 480px) 480px, (min-width: 481px) and (max-width: 980px) 980px, (min-width: 981px) 1024px, 100vw\" \/><\/figure>\n\n\n\n<figure class=\"wp-block-image size-large\"><img loading=\"lazy\" decoding=\"async\" width=\"1024\" height=\"768\" data-id=\"6027\" src=\"https:\/\/etab.ac-reunion.fr\/clg-plateau-goyaves\/wp-content\/uploads\/sites\/109\/2025\/07\/20250701_143753-1024x768.jpg\" alt=\"\" class=\"wp-image-6027\" srcset=\"https:\/\/etab.ac-reunion.fr\/clg-plateau-goyaves\/wp-content\/uploads\/sites\/109\/2025\/07\/20250701_143753-980x735.jpg 980w, https:\/\/etab.ac-reunion.fr\/clg-plateau-goyaves\/wp-content\/uploads\/sites\/109\/2025\/07\/20250701_143753-480x360.jpg 480w\" sizes=\"(min-width: 0px) and (max-width: 480px) 480px, (min-width: 481px) and (max-width: 980px) 980px, (min-width: 981px) 1024px, 100vw\" \/><\/figure>\n\n\n\n<figure class=\"wp-block-image size-large\"><img loading=\"lazy\" decoding=\"async\" width=\"380\" height=\"439\" data-id=\"6026\" src=\"https:\/\/etab.ac-reunion.fr\/clg-plateau-goyaves\/wp-content\/uploads\/sites\/109\/2025\/07\/sculpture-antonio-davila.png\" alt=\"\" class=\"wp-image-6026\" srcset=\"https:\/\/etab.ac-reunion.fr\/clg-plateau-goyaves\/wp-content\/uploads\/sites\/109\/2025\/07\/sculpture-antonio-davila.png 380w, https:\/\/etab.ac-reunion.fr\/clg-plateau-goyaves\/wp-content\/uploads\/sites\/109\/2025\/07\/sculpture-antonio-davila-260x300.png 260w\" sizes=\"(max-width: 380px) 100vw, 380px\" \/><\/figure>\n<\/figure>\n\n\n\n<figure class=\"wp-block-gallery has-nested-images columns-default is-cropped wp-block-gallery-3 is-layout-flex wp-block-gallery-is-layout-flex\">\n<figure class=\"wp-block-image size-large\"><img loading=\"lazy\" decoding=\"async\" width=\"1024\" height=\"768\" data-id=\"6020\" src=\"https:\/\/etab.ac-reunion.fr\/clg-plateau-goyaves\/wp-content\/uploads\/sites\/109\/2025\/07\/20250701_1236261-1024x768.jpg\" alt=\"\" class=\"wp-image-6020\" srcset=\"https:\/\/etab.ac-reunion.fr\/clg-plateau-goyaves\/wp-content\/uploads\/sites\/109\/2025\/07\/20250701_1236261-980x735.jpg 980w, https:\/\/etab.ac-reunion.fr\/clg-plateau-goyaves\/wp-content\/uploads\/sites\/109\/2025\/07\/20250701_1236261-480x360.jpg 480w\" sizes=\"(min-width: 0px) and (max-width: 480px) 480px, (min-width: 481px) and (max-width: 980px) 980px, (min-width: 981px) 1024px, 100vw\" \/><\/figure>\n<\/figure>\n\n\n\n<p>Grace aux informations trouv\u00e9es et aux observations faites, les \u00e9l\u00e8ves ont pu r\u00e9aliser un cartel (sorte de carte d&rsquo;identit\u00e9 de l\u2019\u0153uvre) pour cette sculpture, qui jusqu&rsquo;ici, n&rsquo; en poss\u00e9dait aucun. Ainsi, l&rsquo; \u0153uvre \u00e9tant \u00e0 nouveau identifi\u00e9e et pr\u00e9sent\u00e9e au public, les \u00e9l\u00e8ves de 6eme CHAAP sont fiers de redonner l&rsquo; importance m\u00e9rit\u00e9e \u00e0 cette \u0153uvre d&rsquo;art abstrait  au c\u0153ur de leur \u00e9tablissement.<\/p>\n\n\n\n<figure class=\"wp-block-gallery has-nested-images columns-default is-cropped wp-block-gallery-4 is-layout-flex wp-block-gallery-is-layout-flex\">\n<figure class=\"wp-block-image size-large\"><img loading=\"lazy\" decoding=\"async\" width=\"1024\" height=\"788\" data-id=\"5997\" src=\"https:\/\/etab.ac-reunion.fr\/clg-plateau-goyaves\/wp-content\/uploads\/sites\/109\/2025\/07\/20250630_1606211-1-1024x788.jpg\" alt=\"\" class=\"wp-image-5997\" srcset=\"https:\/\/etab.ac-reunion.fr\/clg-plateau-goyaves\/wp-content\/uploads\/sites\/109\/2025\/07\/20250630_1606211-1-980x755.jpg 980w, https:\/\/etab.ac-reunion.fr\/clg-plateau-goyaves\/wp-content\/uploads\/sites\/109\/2025\/07\/20250630_1606211-1-480x370.jpg 480w\" sizes=\"(min-width: 0px) and (max-width: 480px) 480px, (min-width: 481px) and (max-width: 980px) 980px, (min-width: 981px) 1024px, 100vw\" \/><\/figure>\n<\/figure>\n\n\n\n<p>C&rsquo;est ainsi que lundi 30 juin 2025, pour cl\u00f4turer l&rsquo; ann\u00e9e scolaire, le cartel de l&rsquo; \u0153uvre \u00e0 \u00e9t\u00e9 inaugur\u00e9 par Monsieur Assicanon, chef de l&rsquo;\u00e9tablissement, en pr\u00e9sence du personnel et des parents d&rsquo; \u00e9l\u00e8ves, avec une m\u00e9diation culturelle assur\u00e9e par les \u00e9l\u00e8ves de 6eme CHAAP.<\/p>\n\n\n\n<div class=\"wp-block-group is-layout-constrained wp-block-group-is-layout-constrained\">\n<div class=\"wp-block-columns is-layout-flex wp-container-core-columns-is-layout-9d6595d7 wp-block-columns-is-layout-flex\">\n<div class=\"wp-block-column is-layout-flow wp-block-column-is-layout-flow\" style=\"flex-basis:100%\">\n<figure class=\"wp-block-gallery has-nested-images columns-default is-cropped wp-block-gallery-5 is-layout-flex wp-block-gallery-is-layout-flex\">\n<figure class=\"wp-block-image size-full\"><img loading=\"lazy\" decoding=\"async\" width=\"378\" height=\"535\" data-id=\"6036\" src=\"https:\/\/etab.ac-reunion.fr\/clg-plateau-goyaves\/wp-content\/uploads\/sites\/109\/2025\/07\/Capture-1-1.png\" alt=\"\" class=\"wp-image-6036\" srcset=\"https:\/\/etab.ac-reunion.fr\/clg-plateau-goyaves\/wp-content\/uploads\/sites\/109\/2025\/07\/Capture-1-1.png 378w, https:\/\/etab.ac-reunion.fr\/clg-plateau-goyaves\/wp-content\/uploads\/sites\/109\/2025\/07\/Capture-1-1-212x300.png 212w\" sizes=\"(max-width: 378px) 100vw, 378px\" \/><\/figure>\n\n\n\n<figure class=\"wp-block-image size-full\"><img loading=\"lazy\" decoding=\"async\" width=\"340\" height=\"537\" data-id=\"6038\" src=\"https:\/\/etab.ac-reunion.fr\/clg-plateau-goyaves\/wp-content\/uploads\/sites\/109\/2025\/07\/Capture3-1.png\" alt=\"\" class=\"wp-image-6038\" srcset=\"https:\/\/etab.ac-reunion.fr\/clg-plateau-goyaves\/wp-content\/uploads\/sites\/109\/2025\/07\/Capture3-1.png 340w, https:\/\/etab.ac-reunion.fr\/clg-plateau-goyaves\/wp-content\/uploads\/sites\/109\/2025\/07\/Capture3-1-190x300.png 190w\" sizes=\"(max-width: 340px) 100vw, 340px\" \/><\/figure>\n\n\n\n<figure class=\"wp-block-image size-full\"><img loading=\"lazy\" decoding=\"async\" width=\"369\" height=\"482\" data-id=\"6039\" src=\"https:\/\/etab.ac-reunion.fr\/clg-plateau-goyaves\/wp-content\/uploads\/sites\/109\/2025\/07\/Capture4-1.png\" alt=\"\" class=\"wp-image-6039\" srcset=\"https:\/\/etab.ac-reunion.fr\/clg-plateau-goyaves\/wp-content\/uploads\/sites\/109\/2025\/07\/Capture4-1.png 369w, https:\/\/etab.ac-reunion.fr\/clg-plateau-goyaves\/wp-content\/uploads\/sites\/109\/2025\/07\/Capture4-1-230x300.png 230w\" sizes=\"(max-width: 369px) 100vw, 369px\" \/><\/figure>\n\n\n\n<figure class=\"wp-block-image size-full\"><img loading=\"lazy\" decoding=\"async\" width=\"373\" height=\"432\" data-id=\"6042\" src=\"https:\/\/etab.ac-reunion.fr\/clg-plateau-goyaves\/wp-content\/uploads\/sites\/109\/2025\/07\/Capture5-2.png\" alt=\"\" class=\"wp-image-6042\" srcset=\"https:\/\/etab.ac-reunion.fr\/clg-plateau-goyaves\/wp-content\/uploads\/sites\/109\/2025\/07\/Capture5-2.png 373w, https:\/\/etab.ac-reunion.fr\/clg-plateau-goyaves\/wp-content\/uploads\/sites\/109\/2025\/07\/Capture5-2-259x300.png 259w\" sizes=\"(max-width: 373px) 100vw, 373px\" \/><\/figure>\n<\/figure>\n<\/div>\n<\/div>\n<\/div>\n","protected":false},"excerpt":{"rendered":"<p>L&rsquo; Association PRAXITELE est intervenue sur plusieurs s\u00e9ances entre Septembre et Octobre 2024, pour mener une enqu\u00eate avec les \u00e9l\u00e8ves de 6eme CHAAP sur l&rsquo; oeuvre d&rsquo;art pr\u00e9sente au sein du coll\u00e8ge, relevant du 1% artistique. Les \u00e9l\u00e8ves ont pu d\u00e9couvrir des documents d&rsquo; archives d\u00e9partementales et nationales sur le 1% artistique du coll\u00e8ge. Ils [&hellip;]<\/p>\n","protected":false},"author":28481,"featured_media":5993,"comment_status":"open","ping_status":"open","sticky":false,"template":"","format":"standard","meta":{"_et_pb_use_builder":"off","_et_pb_old_content":"","_et_gb_content_width":"","footnotes":""},"categories":[70,109,76,80],"tags":[],"class_list":["post-5990","post","type-post","status-publish","format-standard","has-post-thumbnail","hentry","category-art","category-chaap","category-culturel-et-artistique-peac","category-projets"],"_links":{"self":[{"href":"https:\/\/etab.ac-reunion.fr\/clg-plateau-goyaves\/wp-json\/wp\/v2\/posts\/5990","targetHints":{"allow":["GET"]}}],"collection":[{"href":"https:\/\/etab.ac-reunion.fr\/clg-plateau-goyaves\/wp-json\/wp\/v2\/posts"}],"about":[{"href":"https:\/\/etab.ac-reunion.fr\/clg-plateau-goyaves\/wp-json\/wp\/v2\/types\/post"}],"author":[{"embeddable":true,"href":"https:\/\/etab.ac-reunion.fr\/clg-plateau-goyaves\/wp-json\/wp\/v2\/users\/28481"}],"replies":[{"embeddable":true,"href":"https:\/\/etab.ac-reunion.fr\/clg-plateau-goyaves\/wp-json\/wp\/v2\/comments?post=5990"}],"version-history":[{"count":4,"href":"https:\/\/etab.ac-reunion.fr\/clg-plateau-goyaves\/wp-json\/wp\/v2\/posts\/5990\/revisions"}],"predecessor-version":[{"id":6044,"href":"https:\/\/etab.ac-reunion.fr\/clg-plateau-goyaves\/wp-json\/wp\/v2\/posts\/5990\/revisions\/6044"}],"wp:featuredmedia":[{"embeddable":true,"href":"https:\/\/etab.ac-reunion.fr\/clg-plateau-goyaves\/wp-json\/wp\/v2\/media\/5993"}],"wp:attachment":[{"href":"https:\/\/etab.ac-reunion.fr\/clg-plateau-goyaves\/wp-json\/wp\/v2\/media?parent=5990"}],"wp:term":[{"taxonomy":"category","embeddable":true,"href":"https:\/\/etab.ac-reunion.fr\/clg-plateau-goyaves\/wp-json\/wp\/v2\/categories?post=5990"},{"taxonomy":"post_tag","embeddable":true,"href":"https:\/\/etab.ac-reunion.fr\/clg-plateau-goyaves\/wp-json\/wp\/v2\/tags?post=5990"}],"curies":[{"name":"wp","href":"https:\/\/api.w.org\/{rel}","templated":true}]}}