{"id":6544,"date":"2026-03-09T19:41:04","date_gmt":"2026-03-09T15:41:04","guid":{"rendered":"https:\/\/etab.ac-reunion.fr\/clg-plateau-goyaves\/?p=6544"},"modified":"2026-03-09T19:44:59","modified_gmt":"2026-03-09T15:44:59","slug":"la-6e-bibasse-au-coeur-du-parc-national-notre-dame-de-la-paix","status":"publish","type":"post","link":"https:\/\/etab.ac-reunion.fr\/clg-plateau-goyaves\/2026\/03\/09\/la-6e-bibasse-au-coeur-du-parc-national-notre-dame-de-la-paix\/","title":{"rendered":"la 6e bibasse au c\u0153ur du Parc National ( notre dame de la Paix )"},"content":{"rendered":"\n<p>Nous la 6<sup>e<\/sup> bibasse, on est all\u00e9s aujourd\u2019hui ( 06 f\u00e9vrier) au Tampon \u00e0 la for\u00eat de Notre-Dame de la Paix. Cette for\u00eat se situe \u00e0 1700 m d\u2019altitude , c\u2019est une for\u00eat humide de montagne.<\/p>\n\n\n\n<p>(Lana, Aliya)<\/p>\n\n\n\n<p>On a fait une randonn\u00e9e , on a vu des esp\u00e8ces end\u00e9miques , des plantes indig\u00e8nes,, on a vu des oiseaux ( tec-tec, oiseaux verts, etc\u2026) . Les oiseaux sont end\u00e9miques de la R\u00e9union. ( Raphael, Jidica\u00ebl).<\/p>\n\n\n\n<p>&nbsp;On a appris ce qu\u2019est une esp\u00e8ce end\u00e9mique et une esp\u00e8ce exotique.<\/p>\n\n\n\n<p>Cette for\u00eat est une for\u00eat humide avec des oiseaux et beaucoup de plantes end\u00e9miques telles que les change-\u00e9corces, les mapou, les mahots, les bois de remparts. ( Sandyvan, Isma\u00ebl, et Lucas)<\/p>\n\n\n\n<p>Nous avons aussi vu des oiseaux end\u00e9miques&nbsp;; le tec-tec, l\u2019oiseau vert, l\u2019oiseau la vierge, le merle p\u00e9i.&nbsp;<\/p>\n\n\n\n<p>Exotique&nbsp;: esp\u00e8ce introduite par l\u2019Homme&nbsp;;<\/p>\n\n\n\n<p>End\u00e9mique&nbsp;: esp\u00e8ce qu\u2019on ne trouve que \u00e0 la R\u00e9union.<\/p>\n\n\n\n<p>( Rani, Jade, Syrine)<\/p>\n\n\n\n<p>Au cours du d\u00e9jeuner j\u2019ai aussi appris que le jus d\u2019oasis contient beaucoup de sucres et de produits chimiques. M\u00eame si il y a des fruits sur la bouteille, il y en a beaucoup moins que vous ne le croyez. Par exemple , il n\u2019 y a que 0, 06 % de fruits de la passion. Il faut donc boire plus d\u2019eau et moins de jus. ( Alicia et Melissa) .<\/p>\n\n\n\n<p>Maxime et Julien, nous ont expliqu\u00e9 ce qu\u2019est Omphalotropus rubens&nbsp;: c\u2019est un petit escargot end\u00e9mique de la R\u00e9union ( il ne vit donc que \u00e0 la R\u00e9union) . Il nous ont aussi expliqu\u00e9 ce qu\u2019est la canop\u00e9\u00e9 ( la cime des arbres) . Dans la for\u00eat de notre Dame de la Paix&nbsp;: des chantiers sont r\u00e9guli\u00e8rement organis\u00e9s sur les zones cibl\u00e9s pour lutter contre les esp\u00e8ces exotiques ( Lyham )<\/p>\n\n\n\n<p>Nous avons donc rencontr\u00e9 des animateurs de la soci\u00e9t\u00e9 publique locale de EDDEN qui nous ont fait visiter cette for\u00eat magnifique \u00e0 explorer . Merci d\u2019avoir lu notre r\u00e9cit. ( pour la classe, Alya et Lana)<\/p>\n\n\n\n<figure class=\"wp-block-image size-large\"><img loading=\"lazy\" decoding=\"async\" width=\"1024\" height=\"576\" src=\"https:\/\/etab.ac-reunion.fr\/clg-plateau-goyaves\/wp-content\/uploads\/sites\/109\/2026\/03\/20260206_093210-1024x576.jpg\" alt=\"\" class=\"wp-image-6548\" srcset=\"https:\/\/etab.ac-reunion.fr\/clg-plateau-goyaves\/wp-content\/uploads\/sites\/109\/2026\/03\/20260206_093210-980x551.jpg 980w, https:\/\/etab.ac-reunion.fr\/clg-plateau-goyaves\/wp-content\/uploads\/sites\/109\/2026\/03\/20260206_093210-480x270.jpg 480w\" sizes=\"(min-width: 0px) and (max-width: 480px) 480px, (min-width: 481px) and (max-width: 980px) 980px, (min-width: 981px) 1024px, 100vw\" \/><\/figure>\n\n\n\n<figure class=\"wp-block-image size-full\"><img loading=\"lazy\" decoding=\"async\" width=\"375\" height=\"303\" src=\"https:\/\/etab.ac-reunion.fr\/clg-plateau-goyaves\/wp-content\/uploads\/sites\/109\/2026\/03\/20260206_104333.jpg\" alt=\"\" class=\"wp-image-6547\" srcset=\"https:\/\/etab.ac-reunion.fr\/clg-plateau-goyaves\/wp-content\/uploads\/sites\/109\/2026\/03\/20260206_104333.jpg 375w, https:\/\/etab.ac-reunion.fr\/clg-plateau-goyaves\/wp-content\/uploads\/sites\/109\/2026\/03\/20260206_104333-300x242.jpg 300w\" sizes=\"(max-width: 375px) 100vw, 375px\" \/><\/figure>\n\n\n\n<figure class=\"wp-block-image size-large\"><img loading=\"lazy\" decoding=\"async\" width=\"1024\" height=\"576\" src=\"https:\/\/etab.ac-reunion.fr\/clg-plateau-goyaves\/wp-content\/uploads\/sites\/109\/2026\/03\/20260206_103004-1-1024x576.jpg\" alt=\"\" class=\"wp-image-6546\" srcset=\"https:\/\/etab.ac-reunion.fr\/clg-plateau-goyaves\/wp-content\/uploads\/sites\/109\/2026\/03\/20260206_103004-1-980x551.jpg 980w, https:\/\/etab.ac-reunion.fr\/clg-plateau-goyaves\/wp-content\/uploads\/sites\/109\/2026\/03\/20260206_103004-1-480x270.jpg 480w\" sizes=\"(min-width: 0px) and (max-width: 480px) 480px, (min-width: 481px) and (max-width: 980px) 980px, (min-width: 981px) 1024px, 100vw\" \/><\/figure>\n","protected":false},"excerpt":{"rendered":"<p>Nous la 6e bibasse, on est all\u00e9s aujourd\u2019hui ( 06 f\u00e9vrier) au Tampon \u00e0 la for\u00eat de Notre-Dame de la Paix. Cette for\u00eat se situe \u00e0 1700 m d\u2019altitude , c\u2019est une for\u00eat humide de montagne. (Lana, Aliya) On a fait une randonn\u00e9e , on a vu des esp\u00e8ces end\u00e9miques , des plantes indig\u00e8nes,, on [&hellip;]<\/p>\n","protected":false},"author":37845,"featured_media":0,"comment_status":"open","ping_status":"open","sticky":false,"template":"","format":"standard","meta":{"_et_pb_use_builder":"off","_et_pb_old_content":"","_et_gb_content_width":"","footnotes":""},"categories":[74,53,1],"tags":[111],"class_list":["post-6544","post","type-post","status-publish","format-standard","hentry","category-une","category-edd","category-info","tag-svt-edd"],"_links":{"self":[{"href":"https:\/\/etab.ac-reunion.fr\/clg-plateau-goyaves\/wp-json\/wp\/v2\/posts\/6544","targetHints":{"allow":["GET"]}}],"collection":[{"href":"https:\/\/etab.ac-reunion.fr\/clg-plateau-goyaves\/wp-json\/wp\/v2\/posts"}],"about":[{"href":"https:\/\/etab.ac-reunion.fr\/clg-plateau-goyaves\/wp-json\/wp\/v2\/types\/post"}],"author":[{"embeddable":true,"href":"https:\/\/etab.ac-reunion.fr\/clg-plateau-goyaves\/wp-json\/wp\/v2\/users\/37845"}],"replies":[{"embeddable":true,"href":"https:\/\/etab.ac-reunion.fr\/clg-plateau-goyaves\/wp-json\/wp\/v2\/comments?post=6544"}],"version-history":[{"count":2,"href":"https:\/\/etab.ac-reunion.fr\/clg-plateau-goyaves\/wp-json\/wp\/v2\/posts\/6544\/revisions"}],"predecessor-version":[{"id":6550,"href":"https:\/\/etab.ac-reunion.fr\/clg-plateau-goyaves\/wp-json\/wp\/v2\/posts\/6544\/revisions\/6550"}],"wp:attachment":[{"href":"https:\/\/etab.ac-reunion.fr\/clg-plateau-goyaves\/wp-json\/wp\/v2\/media?parent=6544"}],"wp:term":[{"taxonomy":"category","embeddable":true,"href":"https:\/\/etab.ac-reunion.fr\/clg-plateau-goyaves\/wp-json\/wp\/v2\/categories?post=6544"},{"taxonomy":"post_tag","embeddable":true,"href":"https:\/\/etab.ac-reunion.fr\/clg-plateau-goyaves\/wp-json\/wp\/v2\/tags?post=6544"}],"curies":[{"name":"wp","href":"https:\/\/api.w.org\/{rel}","templated":true}]}}