{"id":4037,"date":"2023-10-09T15:32:05","date_gmt":"2023-10-09T11:32:05","guid":{"rendered":"https:\/\/etab.ac-reunion.fr\/clg-pointe-des-chateaux\/?p=4037"},"modified":"2023-10-09T15:32:55","modified_gmt":"2023-10-09T11:32:55","slug":"session-brevet-dinitiation-aeronautique-2024","status":"publish","type":"post","link":"https:\/\/etab.ac-reunion.fr\/clg-pointe-des-chateaux\/2023\/10\/09\/session-brevet-dinitiation-aeronautique-2024\/","title":{"rendered":"Session Brevet d&rsquo;initiation A\u00e9ronautique 2024"},"content":{"rendered":"<p style=\"text-align: center\"><strong>SESSION Brevet d&rsquo;Initiation A\u00e9ronautique 2024<\/strong><\/p>\n<div style=\"text-align: center\">AU LYCEE STELLA<\/div>\n<div style=\"text-align: center\">LE MERCREDI DE 13H30 A 15H30<\/div>\n<div style=\"text-align: center\"><\/div>\n<div style=\"text-align: center\">Tout \u00e9l\u00e8ve de 3\u00e8me int\u00e9ress\u00e9 par cette formation est pri\u00e9 de se faire conna\u00eetre au secr\u00e9tariat de direction avant le 12\/10\/2023.<\/div>\n","protected":false},"excerpt":{"rendered":"<p>SESSION Brevet d&rsquo;Initiation A\u00e9ronautique 2024 AU LYCEE STELLA LE MERCREDI DE 13H30 A 15H30 Tout \u00e9l\u00e8ve de 3\u00e8me int\u00e9ress\u00e9 par cette formation est pri\u00e9 de se faire conna\u00eetre au secr\u00e9tariat de direction avant le 12\/10\/2023.<\/p>\n","protected":false},"author":15822,"featured_media":0,"comment_status":"closed","ping_status":"closed","sticky":false,"template":"","format":"quote","meta":{"footnotes":""},"categories":[61,26,9,11,27,12],"tags":[],"class_list":["post-4037","post","type-post","status-publish","format-quote","hentry","category-2023-2024","category-college","category-parent-deleve","category-informations","category-infos-pratiques","category-le-college","post_format-post-format-quote"],"_links":{"self":[{"href":"https:\/\/etab.ac-reunion.fr\/clg-pointe-des-chateaux\/wp-json\/wp\/v2\/posts\/4037","targetHints":{"allow":["GET"]}}],"collection":[{"href":"https:\/\/etab.ac-reunion.fr\/clg-pointe-des-chateaux\/wp-json\/wp\/v2\/posts"}],"about":[{"href":"https:\/\/etab.ac-reunion.fr\/clg-pointe-des-chateaux\/wp-json\/wp\/v2\/types\/post"}],"author":[{"embeddable":true,"href":"https:\/\/etab.ac-reunion.fr\/clg-pointe-des-chateaux\/wp-json\/wp\/v2\/users\/15822"}],"replies":[{"embeddable":true,"href":"https:\/\/etab.ac-reunion.fr\/clg-pointe-des-chateaux\/wp-json\/wp\/v2\/comments?post=4037"}],"version-history":[{"count":4,"href":"https:\/\/etab.ac-reunion.fr\/clg-pointe-des-chateaux\/wp-json\/wp\/v2\/posts\/4037\/revisions"}],"predecessor-version":[{"id":4041,"href":"https:\/\/etab.ac-reunion.fr\/clg-pointe-des-chateaux\/wp-json\/wp\/v2\/posts\/4037\/revisions\/4041"}],"wp:attachment":[{"href":"https:\/\/etab.ac-reunion.fr\/clg-pointe-des-chateaux\/wp-json\/wp\/v2\/media?parent=4037"}],"wp:term":[{"taxonomy":"category","embeddable":true,"href":"https:\/\/etab.ac-reunion.fr\/clg-pointe-des-chateaux\/wp-json\/wp\/v2\/categories?post=4037"},{"taxonomy":"post_tag","embeddable":true,"href":"https:\/\/etab.ac-reunion.fr\/clg-pointe-des-chateaux\/wp-json\/wp\/v2\/tags?post=4037"}],"curies":[{"name":"wp","href":"https:\/\/api.w.org\/{rel}","templated":true}]}}