{"id":5758,"date":"2026-04-21T15:29:07","date_gmt":"2026-04-21T11:29:07","guid":{"rendered":"https:\/\/etab.ac-reunion.fr\/clg-pointe-des-chateaux\/?p=5758"},"modified":"2026-04-22T07:42:17","modified_gmt":"2026-04-22T03:42:17","slug":"carnaval-au-college","status":"publish","type":"post","link":"https:\/\/etab.ac-reunion.fr\/clg-pointe-des-chateaux\/2026\/04\/21\/carnaval-au-college\/","title":{"rendered":"Carnaval au Coll\u00e8ge"},"content":{"rendered":"<p>CARNAVAL AU COLLEGE : le mardi 17 f\u00e9vrier avait lieu le carnaval au coll\u00e8ge. Un concours de d\u00e9guisement<br \/>\n\u00e9tait organis\u00e9. Les \u00e9l\u00e8ves qui souhaitaient y participer devaient se pr\u00e9senter pendant la r\u00e9cr\u00e9ation au CDI pour<br \/>\nqu&rsquo;on photograpie leurs d\u00e9guisements. Suite \u00e0 un vote organis\u00e9 sur pronote, les gagnantes ont \u00e9t\u00e9 d\u00e9sign\u00e9es.<br \/>\nElles ont re\u00e7u leurs r\u00e9compenses au CDI, la semaine derni\u00e8re. BRAVO \u00e0 tous les participants et Bravo aux<br \/>\ngagnantes ! Quelle cr\u00e9ativit\u00e9 !<\/p>\n<p><img loading=\"lazy\" decoding=\"async\" class=\"alignleft wp-image-5759 size-medium\" src=\"https:\/\/etab.ac-reunion.fr\/clg-pointe-des-chateaux\/wp-content\/uploads\/sites\/48\/2026\/04\/20260407_093201-500x375.jpg\" alt=\"\" width=\"500\" height=\"375\" srcset=\"https:\/\/etab.ac-reunion.fr\/clg-pointe-des-chateaux\/wp-content\/uploads\/sites\/48\/2026\/04\/20260407_093201-500x375.jpg 500w, https:\/\/etab.ac-reunion.fr\/clg-pointe-des-chateaux\/wp-content\/uploads\/sites\/48\/2026\/04\/20260407_093201-900x675.jpg 900w, https:\/\/etab.ac-reunion.fr\/clg-pointe-des-chateaux\/wp-content\/uploads\/sites\/48\/2026\/04\/20260407_093201-768x576.jpg 768w, https:\/\/etab.ac-reunion.fr\/clg-pointe-des-chateaux\/wp-content\/uploads\/sites\/48\/2026\/04\/20260407_093201-267x200.jpg 267w, https:\/\/etab.ac-reunion.fr\/clg-pointe-des-chateaux\/wp-content\/uploads\/sites\/48\/2026\/04\/20260407_093201.jpg 1500w\" sizes=\"auto, (max-width: 500px) 100vw, 500px\" \/> <img loading=\"lazy\" decoding=\"async\" class=\"alignleft wp-image-5760 size-medium\" src=\"https:\/\/etab.ac-reunion.fr\/clg-pointe-des-chateaux\/wp-content\/uploads\/sites\/48\/2026\/04\/20260408_084231-225x400.jpg\" alt=\"\" width=\"225\" height=\"400\" srcset=\"https:\/\/etab.ac-reunion.fr\/clg-pointe-des-chateaux\/wp-content\/uploads\/sites\/48\/2026\/04\/20260408_084231-225x400.jpg 225w, https:\/\/etab.ac-reunion.fr\/clg-pointe-des-chateaux\/wp-content\/uploads\/sites\/48\/2026\/04\/20260408_084231-393x700.jpg 393w, https:\/\/etab.ac-reunion.fr\/clg-pointe-des-chateaux\/wp-content\/uploads\/sites\/48\/2026\/04\/20260408_084231-768x1367.jpg 768w, https:\/\/etab.ac-reunion.fr\/clg-pointe-des-chateaux\/wp-content\/uploads\/sites\/48\/2026\/04\/20260408_084231-112x200.jpg 112w, https:\/\/etab.ac-reunion.fr\/clg-pointe-des-chateaux\/wp-content\/uploads\/sites\/48\/2026\/04\/20260408_084231.jpg 843w\" sizes=\"auto, (max-width: 225px) 100vw, 225px\" \/> <img loading=\"lazy\" decoding=\"async\" class=\"alignleft wp-image-5761 size-medium\" src=\"https:\/\/etab.ac-reunion.fr\/clg-pointe-des-chateaux\/wp-content\/uploads\/sites\/48\/2026\/04\/20260408_084423-225x400.jpg\" alt=\"\" width=\"225\" height=\"400\" srcset=\"https:\/\/etab.ac-reunion.fr\/clg-pointe-des-chateaux\/wp-content\/uploads\/sites\/48\/2026\/04\/20260408_084423-225x400.jpg 225w, https:\/\/etab.ac-reunion.fr\/clg-pointe-des-chateaux\/wp-content\/uploads\/sites\/48\/2026\/04\/20260408_084423-393x700.jpg 393w, https:\/\/etab.ac-reunion.fr\/clg-pointe-des-chateaux\/wp-content\/uploads\/sites\/48\/2026\/04\/20260408_084423-768x1367.jpg 768w, https:\/\/etab.ac-reunion.fr\/clg-pointe-des-chateaux\/wp-content\/uploads\/sites\/48\/2026\/04\/20260408_084423-112x200.jpg 112w, https:\/\/etab.ac-reunion.fr\/clg-pointe-des-chateaux\/wp-content\/uploads\/sites\/48\/2026\/04\/20260408_084423.jpg 843w\" sizes=\"auto, (max-width: 225px) 100vw, 225px\" \/> <img loading=\"lazy\" decoding=\"async\" class=\"alignleft wp-image-5762 size-medium\" src=\"https:\/\/etab.ac-reunion.fr\/clg-pointe-des-chateaux\/wp-content\/uploads\/sites\/48\/2026\/04\/20260408_084540-225x400.jpg\" alt=\"\" width=\"225\" height=\"400\" \/><\/p>\n","protected":false},"excerpt":{"rendered":"<p>CARNAVAL AU COLLEGE : le mardi 17 f\u00e9vrier avait lieu le carnaval au coll\u00e8ge. Un concours de d\u00e9guisement \u00e9tait organis\u00e9. Les \u00e9l\u00e8ves qui souhaitaient y participer devaient se pr\u00e9senter pendant la r\u00e9cr\u00e9ation au CDI pour qu&rsquo;on photograpie leurs d\u00e9guisements. Suite \u00e0 un vote organis\u00e9 sur pronote, les gagnantes ont \u00e9t\u00e9 &hellip;<\/p>\n","protected":false},"author":15822,"featured_media":5762,"comment_status":"closed","ping_status":"closed","sticky":false,"template":"","format":"standard","meta":{"footnotes":""},"categories":[67,26,11,28],"tags":[],"class_list":["post-5758","post","type-post","status-publish","format-standard","has-post-thumbnail","hentry","category-2025-2026","category-college","category-informations","category-journal-du-college"],"_links":{"self":[{"href":"https:\/\/etab.ac-reunion.fr\/clg-pointe-des-chateaux\/wp-json\/wp\/v2\/posts\/5758","targetHints":{"allow":["GET"]}}],"collection":[{"href":"https:\/\/etab.ac-reunion.fr\/clg-pointe-des-chateaux\/wp-json\/wp\/v2\/posts"}],"about":[{"href":"https:\/\/etab.ac-reunion.fr\/clg-pointe-des-chateaux\/wp-json\/wp\/v2\/types\/post"}],"author":[{"embeddable":true,"href":"https:\/\/etab.ac-reunion.fr\/clg-pointe-des-chateaux\/wp-json\/wp\/v2\/users\/15822"}],"replies":[{"embeddable":true,"href":"https:\/\/etab.ac-reunion.fr\/clg-pointe-des-chateaux\/wp-json\/wp\/v2\/comments?post=5758"}],"version-history":[{"count":3,"href":"https:\/\/etab.ac-reunion.fr\/clg-pointe-des-chateaux\/wp-json\/wp\/v2\/posts\/5758\/revisions"}],"predecessor-version":[{"id":5766,"href":"https:\/\/etab.ac-reunion.fr\/clg-pointe-des-chateaux\/wp-json\/wp\/v2\/posts\/5758\/revisions\/5766"}],"wp:featuredmedia":[{"embeddable":true,"href":"https:\/\/etab.ac-reunion.fr\/clg-pointe-des-chateaux\/wp-json\/wp\/v2\/media\/5762"}],"wp:attachment":[{"href":"https:\/\/etab.ac-reunion.fr\/clg-pointe-des-chateaux\/wp-json\/wp\/v2\/media?parent=5758"}],"wp:term":[{"taxonomy":"category","embeddable":true,"href":"https:\/\/etab.ac-reunion.fr\/clg-pointe-des-chateaux\/wp-json\/wp\/v2\/categories?post=5758"},{"taxonomy":"post_tag","embeddable":true,"href":"https:\/\/etab.ac-reunion.fr\/clg-pointe-des-chateaux\/wp-json\/wp\/v2\/tags?post=5758"}],"curies":[{"name":"wp","href":"https:\/\/api.w.org\/{rel}","templated":true}]}}