{"id":5775,"date":"2026-04-23T15:30:34","date_gmt":"2026-04-23T11:30:34","guid":{"rendered":"https:\/\/etab.ac-reunion.fr\/clg-pointe-des-chateaux\/?p=5775"},"modified":"2026-04-24T15:12:47","modified_gmt":"2026-04-24T11:12:47","slug":"gagnante-du-coucours-dessin","status":"publish","type":"post","link":"https:\/\/etab.ac-reunion.fr\/clg-pointe-des-chateaux\/2026\/04\/23\/gagnante-du-coucours-dessin\/","title":{"rendered":"Gagnante du coucours dessin"},"content":{"rendered":"<p><strong>Gagnante du concours dessin :<\/strong><br \/>\n<strong>Bravo \u00e0 Valentine B. de la\u00a0 5E pour ce beau dessin illustrant parfaitement l&rsquo;actualit\u00e9 de notre \u00eele en\u00a0<\/strong><br \/>\n<strong>ce d\u00e9but d&rsquo;ann\u00e9e.<\/strong><br \/>\n<strong>Il appara\u00eetra en couverture du \u00ab\u00a0passeport du coll\u00e9gien\u00a0\u00bb pour la rentr\u00e9e 2026.<\/strong><br \/>\n<strong>Les CPE<\/strong><img loading=\"lazy\" decoding=\"async\" class=\"alignleft size-full wp-image-5776\" src=\"https:\/\/etab.ac-reunion.fr\/clg-pointe-des-chateaux\/wp-content\/uploads\/sites\/48\/2026\/04\/DessinGagnant.jpg\" alt=\"\" width=\"1136\" height=\"1654\" srcset=\"https:\/\/etab.ac-reunion.fr\/clg-pointe-des-chateaux\/wp-content\/uploads\/sites\/48\/2026\/04\/DessinGagnant.jpg 1136w, https:\/\/etab.ac-reunion.fr\/clg-pointe-des-chateaux\/wp-content\/uploads\/sites\/48\/2026\/04\/DessinGagnant-275x400.jpg 275w, https:\/\/etab.ac-reunion.fr\/clg-pointe-des-chateaux\/wp-content\/uploads\/sites\/48\/2026\/04\/DessinGagnant-481x700.jpg 481w, https:\/\/etab.ac-reunion.fr\/clg-pointe-des-chateaux\/wp-content\/uploads\/sites\/48\/2026\/04\/DessinGagnant-768x1118.jpg 768w, https:\/\/etab.ac-reunion.fr\/clg-pointe-des-chateaux\/wp-content\/uploads\/sites\/48\/2026\/04\/DessinGagnant-1055x1536.jpg 1055w, https:\/\/etab.ac-reunion.fr\/clg-pointe-des-chateaux\/wp-content\/uploads\/sites\/48\/2026\/04\/DessinGagnant-137x200.jpg 137w\" sizes=\"auto, (max-width: 1136px) 100vw, 1136px\" \/><\/p>\n","protected":false},"excerpt":{"rendered":"<p>Gagnante du concours dessin : Bravo \u00e0 Valentine B. de la\u00a0 5E pour ce beau dessin illustrant parfaitement l&rsquo;actualit\u00e9 de notre \u00eele en\u00a0 ce d\u00e9but d&rsquo;ann\u00e9e. Il appara\u00eetra en couverture du \u00ab\u00a0passeport du coll\u00e9gien\u00a0\u00bb pour la rentr\u00e9e 2026. Les CPE<\/p>\n","protected":false},"author":15822,"featured_media":5776,"comment_status":"closed","ping_status":"closed","sticky":false,"template":"","format":"standard","meta":{"footnotes":""},"categories":[67,26,9,28],"tags":[],"class_list":["post-5775","post","type-post","status-publish","format-standard","has-post-thumbnail","hentry","category-2025-2026","category-college","category-parent-deleve","category-journal-du-college"],"_links":{"self":[{"href":"https:\/\/etab.ac-reunion.fr\/clg-pointe-des-chateaux\/wp-json\/wp\/v2\/posts\/5775","targetHints":{"allow":["GET"]}}],"collection":[{"href":"https:\/\/etab.ac-reunion.fr\/clg-pointe-des-chateaux\/wp-json\/wp\/v2\/posts"}],"about":[{"href":"https:\/\/etab.ac-reunion.fr\/clg-pointe-des-chateaux\/wp-json\/wp\/v2\/types\/post"}],"author":[{"embeddable":true,"href":"https:\/\/etab.ac-reunion.fr\/clg-pointe-des-chateaux\/wp-json\/wp\/v2\/users\/15822"}],"replies":[{"embeddable":true,"href":"https:\/\/etab.ac-reunion.fr\/clg-pointe-des-chateaux\/wp-json\/wp\/v2\/comments?post=5775"}],"version-history":[{"count":3,"href":"https:\/\/etab.ac-reunion.fr\/clg-pointe-des-chateaux\/wp-json\/wp\/v2\/posts\/5775\/revisions"}],"predecessor-version":[{"id":5782,"href":"https:\/\/etab.ac-reunion.fr\/clg-pointe-des-chateaux\/wp-json\/wp\/v2\/posts\/5775\/revisions\/5782"}],"wp:featuredmedia":[{"embeddable":true,"href":"https:\/\/etab.ac-reunion.fr\/clg-pointe-des-chateaux\/wp-json\/wp\/v2\/media\/5776"}],"wp:attachment":[{"href":"https:\/\/etab.ac-reunion.fr\/clg-pointe-des-chateaux\/wp-json\/wp\/v2\/media?parent=5775"}],"wp:term":[{"taxonomy":"category","embeddable":true,"href":"https:\/\/etab.ac-reunion.fr\/clg-pointe-des-chateaux\/wp-json\/wp\/v2\/categories?post=5775"},{"taxonomy":"post_tag","embeddable":true,"href":"https:\/\/etab.ac-reunion.fr\/clg-pointe-des-chateaux\/wp-json\/wp\/v2\/tags?post=5775"}],"curies":[{"name":"wp","href":"https:\/\/api.w.org\/{rel}","templated":true}]}}