{"id":1052,"date":"2021-06-10T20:20:06","date_gmt":"2021-06-10T18:20:06","guid":{"rendered":"http:\/\/college-ravinedescabris.ac-reunion.fr\/?p=1052"},"modified":"2021-06-13T10:05:02","modified_gmt":"2021-06-13T08:05:02","slug":"labellisation-e3d","status":"publish","type":"post","link":"https:\/\/etab.ac-reunion.fr\/clg-ravine-des-cabris\/2021\/06\/10\/labellisation-e3d\/","title":{"rendered":"Labellisation E3D"},"content":{"rendered":"\n<div class=\"wp-block-image\"><figure class=\"aligncenter size-large\"><a href=\"http:\/\/wpetab.ac-reunion.fr\/ravinedescabris\/wp-content\/uploads\/sites\/158\/2021\/06\/Labellisation-3-College-Ravine-des-Cabris.jpg\"><img loading=\"lazy\" decoding=\"async\" width=\"1920\" height=\"1345\" src=\"http:\/\/wpetab.ac-reunion.fr\/ravinedescabris\/wp-content\/uploads\/sites\/158\/2021\/06\/Labellisation-3-College-Ravine-des-Cabris-1920x1345.jpg\" alt=\"\" class=\"wp-image-1053\" srcset=\"https:\/\/etab.ac-reunion.fr\/clg-ravine-des-cabris\/wp-content\/uploads\/sites\/158\/2021\/06\/Labellisation-3-College-Ravine-des-Cabris-1920x1345.jpg 1920w, https:\/\/etab.ac-reunion.fr\/clg-ravine-des-cabris\/wp-content\/uploads\/sites\/158\/2021\/06\/Labellisation-3-College-Ravine-des-Cabris-800x560.jpg 800w, https:\/\/etab.ac-reunion.fr\/clg-ravine-des-cabris\/wp-content\/uploads\/sites\/158\/2021\/06\/Labellisation-3-College-Ravine-des-Cabris-768x538.jpg 768w, https:\/\/etab.ac-reunion.fr\/clg-ravine-des-cabris\/wp-content\/uploads\/sites\/158\/2021\/06\/Labellisation-3-College-Ravine-des-Cabris-1536x1076.jpg 1536w, https:\/\/etab.ac-reunion.fr\/clg-ravine-des-cabris\/wp-content\/uploads\/sites\/158\/2021\/06\/Labellisation-3-College-Ravine-des-Cabris-2048x1434.jpg 2048w, https:\/\/etab.ac-reunion.fr\/clg-ravine-des-cabris\/wp-content\/uploads\/sites\/158\/2021\/06\/Labellisation-3-College-Ravine-des-Cabris-188x132.jpg 188w\" sizes=\"auto, (max-width: 1920px) 100vw, 1920px\" \/><\/a><figcaption> <\/figcaption><\/figure><\/div>\n\n\n\n<p><strong>L&rsquo;investissement des \u00e9l\u00e8ves et du personnel en faveur du d\u00e9veloppement durable a \u00e9t\u00e9 reconnu par l&rsquo;obtention d&rsquo;une labellisation de niveau 3. F\u00e9licitations \u00e0 tous !<\/strong><\/p>\n","protected":false},"excerpt":{"rendered":"","protected":false},"author":28491,"featured_media":0,"comment_status":"closed","ping_status":"closed","sticky":false,"template":"","format":"standard","meta":{"footnotes":"","_links_to":"","_links_to_target":""},"categories":[29],"tags":[],"class_list":["post-1052","post","type-post","status-publish","format-standard","hentry","category-developpement-durable"],"_links":{"self":[{"href":"https:\/\/etab.ac-reunion.fr\/clg-ravine-des-cabris\/wp-json\/wp\/v2\/posts\/1052","targetHints":{"allow":["GET"]}}],"collection":[{"href":"https:\/\/etab.ac-reunion.fr\/clg-ravine-des-cabris\/wp-json\/wp\/v2\/posts"}],"about":[{"href":"https:\/\/etab.ac-reunion.fr\/clg-ravine-des-cabris\/wp-json\/wp\/v2\/types\/post"}],"author":[{"embeddable":true,"href":"https:\/\/etab.ac-reunion.fr\/clg-ravine-des-cabris\/wp-json\/wp\/v2\/users\/28491"}],"replies":[{"embeddable":true,"href":"https:\/\/etab.ac-reunion.fr\/clg-ravine-des-cabris\/wp-json\/wp\/v2\/comments?post=1052"}],"version-history":[{"count":5,"href":"https:\/\/etab.ac-reunion.fr\/clg-ravine-des-cabris\/wp-json\/wp\/v2\/posts\/1052\/revisions"}],"predecessor-version":[{"id":1062,"href":"https:\/\/etab.ac-reunion.fr\/clg-ravine-des-cabris\/wp-json\/wp\/v2\/posts\/1052\/revisions\/1062"}],"wp:attachment":[{"href":"https:\/\/etab.ac-reunion.fr\/clg-ravine-des-cabris\/wp-json\/wp\/v2\/media?parent=1052"}],"wp:term":[{"taxonomy":"category","embeddable":true,"href":"https:\/\/etab.ac-reunion.fr\/clg-ravine-des-cabris\/wp-json\/wp\/v2\/categories?post=1052"},{"taxonomy":"post_tag","embeddable":true,"href":"https:\/\/etab.ac-reunion.fr\/clg-ravine-des-cabris\/wp-json\/wp\/v2\/tags?post=1052"}],"curies":[{"name":"wp","href":"https:\/\/api.w.org\/{rel}","templated":true}]}}