{"id":1098,"date":"2021-08-14T08:11:03","date_gmt":"2021-08-14T06:11:03","guid":{"rendered":"http:\/\/college-ravinedescabris.ac-reunion.fr\/?p=1098"},"modified":"2021-08-16T08:11:35","modified_gmt":"2021-08-16T06:11:35","slug":"representation-de-la-chorale-2020-2021","status":"publish","type":"post","link":"https:\/\/etab.ac-reunion.fr\/clg-ravine-des-cabris\/2021\/08\/14\/representation-de-la-chorale-2020-2021\/","title":{"rendered":"Repr\u00e9sentation de la chorale 2020 2021"},"content":{"rendered":"\n<p>Je vous pr\u00e9sente le travail de fin d&rsquo;ann\u00e9e de la chorale. Initialement on devait se produire le 21 juin 2021 sur le boulodrome de la Ravine des Cabris avec la chorale du coll\u00e8ge, deux classes de CM2 (\u00e9coles Jean Paul Sartre et Pablo Picasso) et la fanfare locale Le bruit de la Passion pour une heure et demie de programme. A cause des mesures sanitaires, nous avons fait un concert sans public \u00e0 Salazie au Mus\u00e9e des instruments et de la musique de l&rsquo;Oc\u00e9an Indien ainsi qu&rsquo;une animation au coll\u00e8ge avec la chorale et deux animations musicales dans les \u00e9coles avec un play back pour remplacer la fanfare le BDLP. C&rsquo;est avec une grande tristesse que j&rsquo;annonce qu&rsquo;il n&rsquo;y aura plus de chorale faute de moyens l&rsquo;ann\u00e9e prochaine mais gr\u00e2ce \u00e0 cette vid\u00e9o on peut se souvenir de l&rsquo;int\u00e9r\u00eat et de l&rsquo;importance d&rsquo;une chorale dans un coll\u00e8ge. Cher.e.s choristes, je vous remercie pour ces moments de partage musical et de plaisir.<\/p>\n\n\n\n<p>Jos\u00e9 Subileau<\/p>\n\n\n\n<figure class=\"wp-block-embed is-type-video is-provider-youtube wp-block-embed-youtube wp-embed-aspect-16-9 wp-has-aspect-ratio\"><div class=\"wp-block-embed__wrapper\">\n<iframe loading=\"lazy\" title=\"La chorale 2020 2021 Coll\u00e8ge de la Ravine des Cabris 97432\" width=\"1505\" height=\"847\" src=\"https:\/\/www.youtube.com\/embed\/IWF2UoDIkik?feature=oembed\" frameborder=\"0\" allow=\"accelerometer; autoplay; clipboard-write; encrypted-media; gyroscope; picture-in-picture; web-share\" referrerpolicy=\"strict-origin-when-cross-origin\" allowfullscreen><\/iframe>\n<\/div><\/figure>\n","protected":false},"excerpt":{"rendered":"","protected":false},"author":27941,"featured_media":1099,"comment_status":"closed","ping_status":"closed","sticky":false,"template":"","format":"standard","meta":{"footnotes":"","_links_to":"","_links_to_target":""},"categories":[28],"tags":[],"class_list":["post-1098","post","type-post","status-publish","format-standard","has-post-thumbnail","hentry","category-education-musicale"],"_links":{"self":[{"href":"https:\/\/etab.ac-reunion.fr\/clg-ravine-des-cabris\/wp-json\/wp\/v2\/posts\/1098","targetHints":{"allow":["GET"]}}],"collection":[{"href":"https:\/\/etab.ac-reunion.fr\/clg-ravine-des-cabris\/wp-json\/wp\/v2\/posts"}],"about":[{"href":"https:\/\/etab.ac-reunion.fr\/clg-ravine-des-cabris\/wp-json\/wp\/v2\/types\/post"}],"author":[{"embeddable":true,"href":"https:\/\/etab.ac-reunion.fr\/clg-ravine-des-cabris\/wp-json\/wp\/v2\/users\/27941"}],"replies":[{"embeddable":true,"href":"https:\/\/etab.ac-reunion.fr\/clg-ravine-des-cabris\/wp-json\/wp\/v2\/comments?post=1098"}],"version-history":[{"count":1,"href":"https:\/\/etab.ac-reunion.fr\/clg-ravine-des-cabris\/wp-json\/wp\/v2\/posts\/1098\/revisions"}],"predecessor-version":[{"id":1100,"href":"https:\/\/etab.ac-reunion.fr\/clg-ravine-des-cabris\/wp-json\/wp\/v2\/posts\/1098\/revisions\/1100"}],"wp:featuredmedia":[{"embeddable":true,"href":"https:\/\/etab.ac-reunion.fr\/clg-ravine-des-cabris\/wp-json\/wp\/v2\/media\/1099"}],"wp:attachment":[{"href":"https:\/\/etab.ac-reunion.fr\/clg-ravine-des-cabris\/wp-json\/wp\/v2\/media?parent=1098"}],"wp:term":[{"taxonomy":"category","embeddable":true,"href":"https:\/\/etab.ac-reunion.fr\/clg-ravine-des-cabris\/wp-json\/wp\/v2\/categories?post=1098"},{"taxonomy":"post_tag","embeddable":true,"href":"https:\/\/etab.ac-reunion.fr\/clg-ravine-des-cabris\/wp-json\/wp\/v2\/tags?post=1098"}],"curies":[{"name":"wp","href":"https:\/\/api.w.org\/{rel}","templated":true}]}}