{"id":1182,"date":"2021-10-31T05:30:10","date_gmt":"2021-10-31T04:30:10","guid":{"rendered":"http:\/\/college-ravinedescabris.ac-reunion.fr\/?p=1182"},"modified":"2021-11-02T05:55:50","modified_gmt":"2021-11-02T04:55:50","slug":"1182","status":"publish","type":"post","link":"https:\/\/etab.ac-reunion.fr\/clg-ravine-des-cabris\/2021\/10\/31\/1182\/","title":{"rendered":"4\u00b0 Christie et Novalis au mus\u00e8e Vill\u00e8le \u2013 octobre 2021"},"content":{"rendered":"\n<p class=\"has-drop-cap has-headings-color has-text-color has-normal-font-size\">Les \u00e9l\u00e8ves de la 4\u00b0 Christie et de la Novalis sont all\u00e9s visiter le mus\u00e9e Vill\u00e8le ancienne habitation pendant la p\u00e9riode de l\u2019esclavage. Les mauvaises conditions m\u00e9t\u00e9orologiques n\u2019ont pas permis une visite compl\u00e8te du site. Malgr\u00e9 tout, ils ont eu une m\u00e9diation de qualit\u00e9 dans la chapelle Pointue sur l\u2019histoire de la famille Desbassyns et de Vill\u00e8le ainsi qu\u2019un aper\u00e7u tr\u00e8s vivant des conditions de vie et de travail des esclaves avant 1848. Une accalmie a permis d\u2019aller voir l\u2019h\u00f4pital des esclaves, la cuisine des ma\u00eetres et la fa\u00e7ade de la maison<\/p>\n\n\n\n<figure class=\"wp-block-gallery columns-3 is-cropped wp-block-gallery-1 is-layout-flex wp-block-gallery-is-layout-flex\"><ul class=\"blocks-gallery-grid\"><li class=\"blocks-gallery-item\"><figure><a href=\"http:\/\/wpetab.ac-reunion.fr\/ravinedescabris\/wp-content\/uploads\/sites\/158\/2021\/10\/DSC_0072-2.jpg\"><img loading=\"lazy\" decoding=\"async\" width=\"1920\" height=\"1280\" src=\"http:\/\/wpetab.ac-reunion.fr\/ravinedescabris\/wp-content\/uploads\/sites\/158\/2021\/10\/DSC_0072-2.jpg\" alt=\"\" data-id=\"1218\" data-full-url=\"http:\/\/wpetab.ac-reunion.fr\/ravinedescabris\/wp-content\/uploads\/sites\/158\/2021\/10\/DSC_0072-2.jpg\" data-link=\"https:\/\/etab.ac-reunion.fr\/clg-ravine-des-cabris\/?attachment_id=1218\" class=\"wp-image-1218\" srcset=\"https:\/\/etab.ac-reunion.fr\/clg-ravine-des-cabris\/wp-content\/uploads\/sites\/158\/2021\/10\/DSC_0072-2.jpg 1920w, https:\/\/etab.ac-reunion.fr\/clg-ravine-des-cabris\/wp-content\/uploads\/sites\/158\/2021\/10\/DSC_0072-2-800x533.jpg 800w, https:\/\/etab.ac-reunion.fr\/clg-ravine-des-cabris\/wp-content\/uploads\/sites\/158\/2021\/10\/DSC_0072-2-768x512.jpg 768w, https:\/\/etab.ac-reunion.fr\/clg-ravine-des-cabris\/wp-content\/uploads\/sites\/158\/2021\/10\/DSC_0072-2-1536x1024.jpg 1536w, https:\/\/etab.ac-reunion.fr\/clg-ravine-des-cabris\/wp-content\/uploads\/sites\/158\/2021\/10\/DSC_0072-2-198x132.jpg 198w\" sizes=\"auto, (max-width: 1920px) 100vw, 1920px\" \/><\/a><\/figure><\/li><li class=\"blocks-gallery-item\"><figure><a href=\"http:\/\/wpetab.ac-reunion.fr\/ravinedescabris\/wp-content\/uploads\/sites\/158\/2021\/10\/IMG_3997-2.jpg\"><img loading=\"lazy\" decoding=\"async\" width=\"960\" height=\"1280\" src=\"http:\/\/wpetab.ac-reunion.fr\/ravinedescabris\/wp-content\/uploads\/sites\/158\/2021\/10\/IMG_3997-2.jpg\" alt=\"\" data-id=\"1219\" data-full-url=\"http:\/\/wpetab.ac-reunion.fr\/ravinedescabris\/wp-content\/uploads\/sites\/158\/2021\/10\/IMG_3997-2.jpg\" data-link=\"https:\/\/etab.ac-reunion.fr\/clg-ravine-des-cabris\/?attachment_id=1219\" class=\"wp-image-1219\" srcset=\"https:\/\/etab.ac-reunion.fr\/clg-ravine-des-cabris\/wp-content\/uploads\/sites\/158\/2021\/10\/IMG_3997-2.jpg 960w, https:\/\/etab.ac-reunion.fr\/clg-ravine-des-cabris\/wp-content\/uploads\/sites\/158\/2021\/10\/IMG_3997-2-450x600.jpg 450w, https:\/\/etab.ac-reunion.fr\/clg-ravine-des-cabris\/wp-content\/uploads\/sites\/158\/2021\/10\/IMG_3997-2-768x1024.jpg 768w, https:\/\/etab.ac-reunion.fr\/clg-ravine-des-cabris\/wp-content\/uploads\/sites\/158\/2021\/10\/IMG_3997-2-99x132.jpg 99w\" sizes=\"auto, (max-width: 960px) 100vw, 960px\" \/><\/a><\/figure><\/li><li class=\"blocks-gallery-item\"><figure><a href=\"http:\/\/wpetab.ac-reunion.fr\/ravinedescabris\/wp-content\/uploads\/sites\/158\/2021\/10\/IMG_3999-2.jpg\"><img loading=\"lazy\" decoding=\"async\" width=\"960\" height=\"1280\" src=\"http:\/\/wpetab.ac-reunion.fr\/ravinedescabris\/wp-content\/uploads\/sites\/158\/2021\/10\/IMG_3999-2.jpg\" alt=\"\" data-id=\"1220\" data-full-url=\"http:\/\/wpetab.ac-reunion.fr\/ravinedescabris\/wp-content\/uploads\/sites\/158\/2021\/10\/IMG_3999-2.jpg\" data-link=\"https:\/\/etab.ac-reunion.fr\/clg-ravine-des-cabris\/?attachment_id=1220\" class=\"wp-image-1220\" srcset=\"https:\/\/etab.ac-reunion.fr\/clg-ravine-des-cabris\/wp-content\/uploads\/sites\/158\/2021\/10\/IMG_3999-2.jpg 960w, https:\/\/etab.ac-reunion.fr\/clg-ravine-des-cabris\/wp-content\/uploads\/sites\/158\/2021\/10\/IMG_3999-2-450x600.jpg 450w, https:\/\/etab.ac-reunion.fr\/clg-ravine-des-cabris\/wp-content\/uploads\/sites\/158\/2021\/10\/IMG_3999-2-768x1024.jpg 768w, https:\/\/etab.ac-reunion.fr\/clg-ravine-des-cabris\/wp-content\/uploads\/sites\/158\/2021\/10\/IMG_3999-2-99x132.jpg 99w\" sizes=\"auto, (max-width: 960px) 100vw, 960px\" \/><\/a><\/figure><\/li><li class=\"blocks-gallery-item\"><figure><a href=\"http:\/\/wpetab.ac-reunion.fr\/ravinedescabris\/wp-content\/uploads\/sites\/158\/2021\/10\/IMG_9181-2.jpeg\"><img loading=\"lazy\" decoding=\"async\" width=\"1707\" height=\"1280\" src=\"http:\/\/wpetab.ac-reunion.fr\/ravinedescabris\/wp-content\/uploads\/sites\/158\/2021\/10\/IMG_9181-2.jpeg\" alt=\"\" data-id=\"1221\" data-full-url=\"http:\/\/wpetab.ac-reunion.fr\/ravinedescabris\/wp-content\/uploads\/sites\/158\/2021\/10\/IMG_9181-2.jpeg\" data-link=\"https:\/\/etab.ac-reunion.fr\/clg-ravine-des-cabris\/?attachment_id=1221\" class=\"wp-image-1221\" srcset=\"https:\/\/etab.ac-reunion.fr\/clg-ravine-des-cabris\/wp-content\/uploads\/sites\/158\/2021\/10\/IMG_9181-2.jpeg 1707w, https:\/\/etab.ac-reunion.fr\/clg-ravine-des-cabris\/wp-content\/uploads\/sites\/158\/2021\/10\/IMG_9181-2-800x600.jpeg 800w, https:\/\/etab.ac-reunion.fr\/clg-ravine-des-cabris\/wp-content\/uploads\/sites\/158\/2021\/10\/IMG_9181-2-768x576.jpeg 768w, https:\/\/etab.ac-reunion.fr\/clg-ravine-des-cabris\/wp-content\/uploads\/sites\/158\/2021\/10\/IMG_9181-2-1536x1152.jpeg 1536w, https:\/\/etab.ac-reunion.fr\/clg-ravine-des-cabris\/wp-content\/uploads\/sites\/158\/2021\/10\/IMG_9181-2-176x132.jpeg 176w\" sizes=\"auto, (max-width: 1707px) 100vw, 1707px\" \/><\/a><\/figure><\/li><li class=\"blocks-gallery-item\"><figure><a href=\"http:\/\/wpetab.ac-reunion.fr\/ravinedescabris\/wp-content\/uploads\/sites\/158\/2021\/10\/IMG_9182-2.jpeg\"><img loading=\"lazy\" decoding=\"async\" width=\"1707\" height=\"1280\" src=\"http:\/\/wpetab.ac-reunion.fr\/ravinedescabris\/wp-content\/uploads\/sites\/158\/2021\/10\/IMG_9182-2.jpeg\" alt=\"\" data-id=\"1222\" data-full-url=\"http:\/\/wpetab.ac-reunion.fr\/ravinedescabris\/wp-content\/uploads\/sites\/158\/2021\/10\/IMG_9182-2.jpeg\" data-link=\"https:\/\/etab.ac-reunion.fr\/clg-ravine-des-cabris\/?attachment_id=1222\" class=\"wp-image-1222\" srcset=\"https:\/\/etab.ac-reunion.fr\/clg-ravine-des-cabris\/wp-content\/uploads\/sites\/158\/2021\/10\/IMG_9182-2.jpeg 1707w, https:\/\/etab.ac-reunion.fr\/clg-ravine-des-cabris\/wp-content\/uploads\/sites\/158\/2021\/10\/IMG_9182-2-800x600.jpeg 800w, https:\/\/etab.ac-reunion.fr\/clg-ravine-des-cabris\/wp-content\/uploads\/sites\/158\/2021\/10\/IMG_9182-2-768x576.jpeg 768w, https:\/\/etab.ac-reunion.fr\/clg-ravine-des-cabris\/wp-content\/uploads\/sites\/158\/2021\/10\/IMG_9182-2-1536x1152.jpeg 1536w, https:\/\/etab.ac-reunion.fr\/clg-ravine-des-cabris\/wp-content\/uploads\/sites\/158\/2021\/10\/IMG_9182-2-176x132.jpeg 176w\" sizes=\"auto, (max-width: 1707px) 100vw, 1707px\" \/><\/a><\/figure><\/li><li class=\"blocks-gallery-item\"><figure><a href=\"http:\/\/wpetab.ac-reunion.fr\/ravinedescabris\/wp-content\/uploads\/sites\/158\/2021\/10\/IMG_9183-2.jpeg\"><img loading=\"lazy\" decoding=\"async\" width=\"960\" height=\"1280\" src=\"http:\/\/wpetab.ac-reunion.fr\/ravinedescabris\/wp-content\/uploads\/sites\/158\/2021\/10\/IMG_9183-2.jpeg\" alt=\"\" data-id=\"1223\" data-full-url=\"http:\/\/wpetab.ac-reunion.fr\/ravinedescabris\/wp-content\/uploads\/sites\/158\/2021\/10\/IMG_9183-2.jpeg\" data-link=\"https:\/\/etab.ac-reunion.fr\/clg-ravine-des-cabris\/?attachment_id=1223\" class=\"wp-image-1223\" srcset=\"https:\/\/etab.ac-reunion.fr\/clg-ravine-des-cabris\/wp-content\/uploads\/sites\/158\/2021\/10\/IMG_9183-2.jpeg 960w, https:\/\/etab.ac-reunion.fr\/clg-ravine-des-cabris\/wp-content\/uploads\/sites\/158\/2021\/10\/IMG_9183-2-450x600.jpeg 450w, https:\/\/etab.ac-reunion.fr\/clg-ravine-des-cabris\/wp-content\/uploads\/sites\/158\/2021\/10\/IMG_9183-2-768x1024.jpeg 768w, https:\/\/etab.ac-reunion.fr\/clg-ravine-des-cabris\/wp-content\/uploads\/sites\/158\/2021\/10\/IMG_9183-2-99x132.jpeg 99w\" sizes=\"auto, (max-width: 960px) 100vw, 960px\" \/><\/a><\/figure><\/li><li class=\"blocks-gallery-item\"><figure><a href=\"http:\/\/wpetab.ac-reunion.fr\/ravinedescabris\/wp-content\/uploads\/sites\/158\/2021\/10\/IMG_9188-3.jpeg\"><img loading=\"lazy\" decoding=\"async\" width=\"1707\" height=\"1280\" src=\"http:\/\/wpetab.ac-reunion.fr\/ravinedescabris\/wp-content\/uploads\/sites\/158\/2021\/10\/IMG_9188-3.jpeg\" alt=\"\" data-id=\"1224\" data-full-url=\"http:\/\/wpetab.ac-reunion.fr\/ravinedescabris\/wp-content\/uploads\/sites\/158\/2021\/10\/IMG_9188-3.jpeg\" data-link=\"https:\/\/etab.ac-reunion.fr\/clg-ravine-des-cabris\/?attachment_id=1224\" class=\"wp-image-1224\" srcset=\"https:\/\/etab.ac-reunion.fr\/clg-ravine-des-cabris\/wp-content\/uploads\/sites\/158\/2021\/10\/IMG_9188-3.jpeg 1707w, https:\/\/etab.ac-reunion.fr\/clg-ravine-des-cabris\/wp-content\/uploads\/sites\/158\/2021\/10\/IMG_9188-3-800x600.jpeg 800w, https:\/\/etab.ac-reunion.fr\/clg-ravine-des-cabris\/wp-content\/uploads\/sites\/158\/2021\/10\/IMG_9188-3-768x576.jpeg 768w, https:\/\/etab.ac-reunion.fr\/clg-ravine-des-cabris\/wp-content\/uploads\/sites\/158\/2021\/10\/IMG_9188-3-1536x1152.jpeg 1536w, https:\/\/etab.ac-reunion.fr\/clg-ravine-des-cabris\/wp-content\/uploads\/sites\/158\/2021\/10\/IMG_9188-3-176x132.jpeg 176w\" sizes=\"auto, (max-width: 1707px) 100vw, 1707px\" \/><\/a><\/figure><\/li><li class=\"blocks-gallery-item\"><figure><a href=\"http:\/\/wpetab.ac-reunion.fr\/ravinedescabris\/wp-content\/uploads\/sites\/158\/2021\/10\/IMG_9189-2.jpeg\"><img loading=\"lazy\" decoding=\"async\" width=\"1707\" height=\"1280\" src=\"http:\/\/wpetab.ac-reunion.fr\/ravinedescabris\/wp-content\/uploads\/sites\/158\/2021\/10\/IMG_9189-2.jpeg\" alt=\"\" data-id=\"1225\" data-full-url=\"http:\/\/wpetab.ac-reunion.fr\/ravinedescabris\/wp-content\/uploads\/sites\/158\/2021\/10\/IMG_9189-2.jpeg\" data-link=\"https:\/\/etab.ac-reunion.fr\/clg-ravine-des-cabris\/?attachment_id=1225\" class=\"wp-image-1225\" srcset=\"https:\/\/etab.ac-reunion.fr\/clg-ravine-des-cabris\/wp-content\/uploads\/sites\/158\/2021\/10\/IMG_9189-2.jpeg 1707w, https:\/\/etab.ac-reunion.fr\/clg-ravine-des-cabris\/wp-content\/uploads\/sites\/158\/2021\/10\/IMG_9189-2-800x600.jpeg 800w, https:\/\/etab.ac-reunion.fr\/clg-ravine-des-cabris\/wp-content\/uploads\/sites\/158\/2021\/10\/IMG_9189-2-768x576.jpeg 768w, https:\/\/etab.ac-reunion.fr\/clg-ravine-des-cabris\/wp-content\/uploads\/sites\/158\/2021\/10\/IMG_9189-2-1536x1152.jpeg 1536w, https:\/\/etab.ac-reunion.fr\/clg-ravine-des-cabris\/wp-content\/uploads\/sites\/158\/2021\/10\/IMG_9189-2-176x132.jpeg 176w\" sizes=\"auto, (max-width: 1707px) 100vw, 1707px\" \/><\/a><\/figure><\/li><li class=\"blocks-gallery-item\"><figure><a href=\"http:\/\/wpetab.ac-reunion.fr\/ravinedescabris\/wp-content\/uploads\/sites\/158\/2021\/10\/IMG_9197-2.jpeg\"><img loading=\"lazy\" decoding=\"async\" width=\"960\" height=\"1280\" src=\"http:\/\/wpetab.ac-reunion.fr\/ravinedescabris\/wp-content\/uploads\/sites\/158\/2021\/10\/IMG_9197-2.jpeg\" alt=\"\" data-id=\"1227\" data-full-url=\"http:\/\/wpetab.ac-reunion.fr\/ravinedescabris\/wp-content\/uploads\/sites\/158\/2021\/10\/IMG_9197-2.jpeg\" data-link=\"https:\/\/etab.ac-reunion.fr\/clg-ravine-des-cabris\/?attachment_id=1227\" class=\"wp-image-1227\" srcset=\"https:\/\/etab.ac-reunion.fr\/clg-ravine-des-cabris\/wp-content\/uploads\/sites\/158\/2021\/10\/IMG_9197-2.jpeg 960w, https:\/\/etab.ac-reunion.fr\/clg-ravine-des-cabris\/wp-content\/uploads\/sites\/158\/2021\/10\/IMG_9197-2-450x600.jpeg 450w, https:\/\/etab.ac-reunion.fr\/clg-ravine-des-cabris\/wp-content\/uploads\/sites\/158\/2021\/10\/IMG_9197-2-768x1024.jpeg 768w, https:\/\/etab.ac-reunion.fr\/clg-ravine-des-cabris\/wp-content\/uploads\/sites\/158\/2021\/10\/IMG_9197-2-99x132.jpeg 99w\" sizes=\"auto, (max-width: 960px) 100vw, 960px\" \/><\/a><\/figure><\/li><li class=\"blocks-gallery-item\"><figure><a href=\"http:\/\/wpetab.ac-reunion.fr\/ravinedescabris\/wp-content\/uploads\/sites\/158\/2021\/10\/IMG_9198-2.jpeg\"><img loading=\"lazy\" decoding=\"async\" width=\"960\" height=\"1280\" src=\"http:\/\/wpetab.ac-reunion.fr\/ravinedescabris\/wp-content\/uploads\/sites\/158\/2021\/10\/IMG_9198-2.jpeg\" alt=\"\" data-id=\"1228\" data-full-url=\"http:\/\/wpetab.ac-reunion.fr\/ravinedescabris\/wp-content\/uploads\/sites\/158\/2021\/10\/IMG_9198-2.jpeg\" data-link=\"https:\/\/etab.ac-reunion.fr\/clg-ravine-des-cabris\/?attachment_id=1228\" class=\"wp-image-1228\" srcset=\"https:\/\/etab.ac-reunion.fr\/clg-ravine-des-cabris\/wp-content\/uploads\/sites\/158\/2021\/10\/IMG_9198-2.jpeg 960w, https:\/\/etab.ac-reunion.fr\/clg-ravine-des-cabris\/wp-content\/uploads\/sites\/158\/2021\/10\/IMG_9198-2-450x600.jpeg 450w, https:\/\/etab.ac-reunion.fr\/clg-ravine-des-cabris\/wp-content\/uploads\/sites\/158\/2021\/10\/IMG_9198-2-768x1024.jpeg 768w, https:\/\/etab.ac-reunion.fr\/clg-ravine-des-cabris\/wp-content\/uploads\/sites\/158\/2021\/10\/IMG_9198-2-99x132.jpeg 99w\" sizes=\"auto, (max-width: 960px) 100vw, 960px\" \/><\/a><\/figure><\/li><li class=\"blocks-gallery-item\"><figure><a href=\"http:\/\/wpetab.ac-reunion.fr\/ravinedescabris\/wp-content\/uploads\/sites\/158\/2021\/10\/IMG_9200-2.jpeg\"><img loading=\"lazy\" decoding=\"async\" width=\"1707\" height=\"1280\" src=\"http:\/\/wpetab.ac-reunion.fr\/ravinedescabris\/wp-content\/uploads\/sites\/158\/2021\/10\/IMG_9200-2.jpeg\" alt=\"\" data-id=\"1229\" data-full-url=\"http:\/\/wpetab.ac-reunion.fr\/ravinedescabris\/wp-content\/uploads\/sites\/158\/2021\/10\/IMG_9200-2.jpeg\" data-link=\"https:\/\/etab.ac-reunion.fr\/clg-ravine-des-cabris\/?attachment_id=1229\" class=\"wp-image-1229\" srcset=\"https:\/\/etab.ac-reunion.fr\/clg-ravine-des-cabris\/wp-content\/uploads\/sites\/158\/2021\/10\/IMG_9200-2.jpeg 1707w, https:\/\/etab.ac-reunion.fr\/clg-ravine-des-cabris\/wp-content\/uploads\/sites\/158\/2021\/10\/IMG_9200-2-800x600.jpeg 800w, https:\/\/etab.ac-reunion.fr\/clg-ravine-des-cabris\/wp-content\/uploads\/sites\/158\/2021\/10\/IMG_9200-2-768x576.jpeg 768w, https:\/\/etab.ac-reunion.fr\/clg-ravine-des-cabris\/wp-content\/uploads\/sites\/158\/2021\/10\/IMG_9200-2-1536x1152.jpeg 1536w, https:\/\/etab.ac-reunion.fr\/clg-ravine-des-cabris\/wp-content\/uploads\/sites\/158\/2021\/10\/IMG_9200-2-176x132.jpeg 176w\" sizes=\"auto, (max-width: 1707px) 100vw, 1707px\" \/><\/a><\/figure><\/li><li class=\"blocks-gallery-item\"><figure><a href=\"http:\/\/wpetab.ac-reunion.fr\/ravinedescabris\/wp-content\/uploads\/sites\/158\/2021\/10\/IMG_9201-2.jpeg\"><img loading=\"lazy\" decoding=\"async\" width=\"1707\" height=\"1280\" src=\"http:\/\/wpetab.ac-reunion.fr\/ravinedescabris\/wp-content\/uploads\/sites\/158\/2021\/10\/IMG_9201-2.jpeg\" alt=\"\" data-id=\"1230\" data-full-url=\"http:\/\/wpetab.ac-reunion.fr\/ravinedescabris\/wp-content\/uploads\/sites\/158\/2021\/10\/IMG_9201-2.jpeg\" data-link=\"https:\/\/etab.ac-reunion.fr\/clg-ravine-des-cabris\/?attachment_id=1230\" class=\"wp-image-1230\" srcset=\"https:\/\/etab.ac-reunion.fr\/clg-ravine-des-cabris\/wp-content\/uploads\/sites\/158\/2021\/10\/IMG_9201-2.jpeg 1707w, https:\/\/etab.ac-reunion.fr\/clg-ravine-des-cabris\/wp-content\/uploads\/sites\/158\/2021\/10\/IMG_9201-2-800x600.jpeg 800w, https:\/\/etab.ac-reunion.fr\/clg-ravine-des-cabris\/wp-content\/uploads\/sites\/158\/2021\/10\/IMG_9201-2-768x576.jpeg 768w, https:\/\/etab.ac-reunion.fr\/clg-ravine-des-cabris\/wp-content\/uploads\/sites\/158\/2021\/10\/IMG_9201-2-1536x1152.jpeg 1536w, https:\/\/etab.ac-reunion.fr\/clg-ravine-des-cabris\/wp-content\/uploads\/sites\/158\/2021\/10\/IMG_9201-2-176x132.jpeg 176w\" sizes=\"auto, (max-width: 1707px) 100vw, 1707px\" \/><\/a><\/figure><\/li><li class=\"blocks-gallery-item\"><figure><a href=\"http:\/\/wpetab.ac-reunion.fr\/ravinedescabris\/wp-content\/uploads\/sites\/158\/2021\/10\/IMG_9203-2.jpeg\"><img loading=\"lazy\" decoding=\"async\" width=\"960\" height=\"1280\" src=\"http:\/\/wpetab.ac-reunion.fr\/ravinedescabris\/wp-content\/uploads\/sites\/158\/2021\/10\/IMG_9203-2.jpeg\" alt=\"\" data-id=\"1231\" data-full-url=\"http:\/\/wpetab.ac-reunion.fr\/ravinedescabris\/wp-content\/uploads\/sites\/158\/2021\/10\/IMG_9203-2.jpeg\" data-link=\"https:\/\/etab.ac-reunion.fr\/clg-ravine-des-cabris\/?attachment_id=1231\" class=\"wp-image-1231\" srcset=\"https:\/\/etab.ac-reunion.fr\/clg-ravine-des-cabris\/wp-content\/uploads\/sites\/158\/2021\/10\/IMG_9203-2.jpeg 960w, https:\/\/etab.ac-reunion.fr\/clg-ravine-des-cabris\/wp-content\/uploads\/sites\/158\/2021\/10\/IMG_9203-2-450x600.jpeg 450w, https:\/\/etab.ac-reunion.fr\/clg-ravine-des-cabris\/wp-content\/uploads\/sites\/158\/2021\/10\/IMG_9203-2-768x1024.jpeg 768w, https:\/\/etab.ac-reunion.fr\/clg-ravine-des-cabris\/wp-content\/uploads\/sites\/158\/2021\/10\/IMG_9203-2-99x132.jpeg 99w\" sizes=\"auto, (max-width: 960px) 100vw, 960px\" \/><\/a><\/figure><\/li><li class=\"blocks-gallery-item\"><figure><a href=\"http:\/\/wpetab.ac-reunion.fr\/ravinedescabris\/wp-content\/uploads\/sites\/158\/2021\/10\/IMG_9206-2.jpeg\"><img loading=\"lazy\" decoding=\"async\" width=\"960\" height=\"1280\" src=\"http:\/\/wpetab.ac-reunion.fr\/ravinedescabris\/wp-content\/uploads\/sites\/158\/2021\/10\/IMG_9206-2.jpeg\" alt=\"\" data-id=\"1232\" data-full-url=\"http:\/\/wpetab.ac-reunion.fr\/ravinedescabris\/wp-content\/uploads\/sites\/158\/2021\/10\/IMG_9206-2.jpeg\" data-link=\"https:\/\/etab.ac-reunion.fr\/clg-ravine-des-cabris\/?attachment_id=1232\" class=\"wp-image-1232\" srcset=\"https:\/\/etab.ac-reunion.fr\/clg-ravine-des-cabris\/wp-content\/uploads\/sites\/158\/2021\/10\/IMG_9206-2.jpeg 960w, https:\/\/etab.ac-reunion.fr\/clg-ravine-des-cabris\/wp-content\/uploads\/sites\/158\/2021\/10\/IMG_9206-2-450x600.jpeg 450w, https:\/\/etab.ac-reunion.fr\/clg-ravine-des-cabris\/wp-content\/uploads\/sites\/158\/2021\/10\/IMG_9206-2-768x1024.jpeg 768w, https:\/\/etab.ac-reunion.fr\/clg-ravine-des-cabris\/wp-content\/uploads\/sites\/158\/2021\/10\/IMG_9206-2-99x132.jpeg 99w\" sizes=\"auto, (max-width: 960px) 100vw, 960px\" \/><\/a><\/figure><\/li><li class=\"blocks-gallery-item\"><figure><a href=\"http:\/\/wpetab.ac-reunion.fr\/ravinedescabris\/wp-content\/uploads\/sites\/158\/2021\/10\/IMG_9208-2.jpeg\"><img loading=\"lazy\" decoding=\"async\" width=\"1707\" height=\"1280\" src=\"http:\/\/wpetab.ac-reunion.fr\/ravinedescabris\/wp-content\/uploads\/sites\/158\/2021\/10\/IMG_9208-2.jpeg\" alt=\"\" data-id=\"1233\" data-full-url=\"http:\/\/wpetab.ac-reunion.fr\/ravinedescabris\/wp-content\/uploads\/sites\/158\/2021\/10\/IMG_9208-2.jpeg\" data-link=\"https:\/\/etab.ac-reunion.fr\/clg-ravine-des-cabris\/?attachment_id=1233\" class=\"wp-image-1233\" srcset=\"https:\/\/etab.ac-reunion.fr\/clg-ravine-des-cabris\/wp-content\/uploads\/sites\/158\/2021\/10\/IMG_9208-2.jpeg 1707w, https:\/\/etab.ac-reunion.fr\/clg-ravine-des-cabris\/wp-content\/uploads\/sites\/158\/2021\/10\/IMG_9208-2-800x600.jpeg 800w, https:\/\/etab.ac-reunion.fr\/clg-ravine-des-cabris\/wp-content\/uploads\/sites\/158\/2021\/10\/IMG_9208-2-768x576.jpeg 768w, https:\/\/etab.ac-reunion.fr\/clg-ravine-des-cabris\/wp-content\/uploads\/sites\/158\/2021\/10\/IMG_9208-2-1536x1152.jpeg 1536w, https:\/\/etab.ac-reunion.fr\/clg-ravine-des-cabris\/wp-content\/uploads\/sites\/158\/2021\/10\/IMG_9208-2-176x132.jpeg 176w\" sizes=\"auto, (max-width: 1707px) 100vw, 1707px\" \/><\/a><\/figure><\/li><\/ul><\/figure>\n","protected":false},"excerpt":{"rendered":"","protected":false},"author":28090,"featured_media":1217,"comment_status":"closed","ping_status":"closed","sticky":false,"template":"","format":"standard","meta":{"footnotes":"","_links_to":"","_links_to_target":""},"categories":[18],"tags":[],"class_list":["post-1182","post","type-post","status-publish","format-standard","has-post-thumbnail","hentry","category-histoire-geographie-emc"],"_links":{"self":[{"href":"https:\/\/etab.ac-reunion.fr\/clg-ravine-des-cabris\/wp-json\/wp\/v2\/posts\/1182","targetHints":{"allow":["GET"]}}],"collection":[{"href":"https:\/\/etab.ac-reunion.fr\/clg-ravine-des-cabris\/wp-json\/wp\/v2\/posts"}],"about":[{"href":"https:\/\/etab.ac-reunion.fr\/clg-ravine-des-cabris\/wp-json\/wp\/v2\/types\/post"}],"author":[{"embeddable":true,"href":"https:\/\/etab.ac-reunion.fr\/clg-ravine-des-cabris\/wp-json\/wp\/v2\/users\/28090"}],"replies":[{"embeddable":true,"href":"https:\/\/etab.ac-reunion.fr\/clg-ravine-des-cabris\/wp-json\/wp\/v2\/comments?post=1182"}],"version-history":[{"count":9,"href":"https:\/\/etab.ac-reunion.fr\/clg-ravine-des-cabris\/wp-json\/wp\/v2\/posts\/1182\/revisions"}],"predecessor-version":[{"id":1239,"href":"https:\/\/etab.ac-reunion.fr\/clg-ravine-des-cabris\/wp-json\/wp\/v2\/posts\/1182\/revisions\/1239"}],"wp:featuredmedia":[{"embeddable":true,"href":"https:\/\/etab.ac-reunion.fr\/clg-ravine-des-cabris\/wp-json\/wp\/v2\/media\/1217"}],"wp:attachment":[{"href":"https:\/\/etab.ac-reunion.fr\/clg-ravine-des-cabris\/wp-json\/wp\/v2\/media?parent=1182"}],"wp:term":[{"taxonomy":"category","embeddable":true,"href":"https:\/\/etab.ac-reunion.fr\/clg-ravine-des-cabris\/wp-json\/wp\/v2\/categories?post=1182"},{"taxonomy":"post_tag","embeddable":true,"href":"https:\/\/etab.ac-reunion.fr\/clg-ravine-des-cabris\/wp-json\/wp\/v2\/tags?post=1182"}],"curies":[{"name":"wp","href":"https:\/\/api.w.org\/{rel}","templated":true}]}}