{"id":1400,"date":"2021-12-05T19:53:41","date_gmt":"2021-12-05T18:53:41","guid":{"rendered":"http:\/\/college-ravinedescabris.ac-reunion.fr\/?p=1400"},"modified":"2021-12-05T19:53:45","modified_gmt":"2021-12-05T18:53:45","slug":"semaine-de-la-laicite-au-college","status":"publish","type":"post","link":"https:\/\/etab.ac-reunion.fr\/clg-ravine-des-cabris\/2021\/12\/05\/semaine-de-la-laicite-au-college\/","title":{"rendered":"Semaine de la la\u00efcit\u00e9 au coll\u00e8ge"},"content":{"rendered":"\n<p>Toutes les classes de 3\u00b0ont particip\u00e9 \u00e0 la semaine de la la\u00efcit\u00e9 au coll\u00e8ge. Ils ont r\u00e9alis\u00e9 des affiches num\u00e9riques ou papier, des vid\u00e9os portant sur des th\u00e8mes tr\u00e8s diff\u00e9rents. Ils ont \u00e9galement pr\u00e9par\u00e9 des # aux couleurs de la R\u00e9publique et les \u00e9l\u00e8ves de chaque classe ont r\u00e9alis\u00e9 des vid\u00e9os d\u00e9fendant la la\u00efcit\u00e9 ou pr\u00e9sentant leurs #.<\/p>\n\n\n\n<p>Ainsi, les \u00e9l\u00e8ves ont montr\u00e9 que la la\u00efcit\u00e9 c\u2019est vivre ensemble dans l\u2019unit\u00e9 et la diversit\u00e9 et qu\u2019elle garantit les valeurs de la R\u00e9publique.<\/p>\n\n\n\n<figure class=\"wp-block-gallery columns-3 is-cropped wp-block-gallery-1 is-layout-flex wp-block-gallery-is-layout-flex\"><ul class=\"blocks-gallery-grid\"><li class=\"blocks-gallery-item\"><figure><a href=\"http:\/\/wpetab.ac-reunion.fr\/ravinedescabris\/wp-content\/uploads\/sites\/158\/2021\/12\/IMG_2287.jpg\"><img loading=\"lazy\" decoding=\"async\" width=\"800\" height=\"600\" src=\"http:\/\/wpetab.ac-reunion.fr\/ravinedescabris\/wp-content\/uploads\/sites\/158\/2021\/12\/IMG_2287-800x600.jpg\" alt=\"\" data-id=\"1401\" data-full-url=\"http:\/\/wpetab.ac-reunion.fr\/ravinedescabris\/wp-content\/uploads\/sites\/158\/2021\/12\/IMG_2287.jpg\" data-link=\"https:\/\/etab.ac-reunion.fr\/clg-ravine-des-cabris\/?attachment_id=1401\" class=\"wp-image-1401\" srcset=\"https:\/\/etab.ac-reunion.fr\/clg-ravine-des-cabris\/wp-content\/uploads\/sites\/158\/2021\/12\/IMG_2287-800x600.jpg 800w, https:\/\/etab.ac-reunion.fr\/clg-ravine-des-cabris\/wp-content\/uploads\/sites\/158\/2021\/12\/IMG_2287-768x576.jpg 768w, https:\/\/etab.ac-reunion.fr\/clg-ravine-des-cabris\/wp-content\/uploads\/sites\/158\/2021\/12\/IMG_2287-1536x1152.jpg 1536w, https:\/\/etab.ac-reunion.fr\/clg-ravine-des-cabris\/wp-content\/uploads\/sites\/158\/2021\/12\/IMG_2287-176x132.jpg 176w, https:\/\/etab.ac-reunion.fr\/clg-ravine-des-cabris\/wp-content\/uploads\/sites\/158\/2021\/12\/IMG_2287.jpg 1920w\" sizes=\"auto, (max-width: 800px) 100vw, 800px\" \/><\/a><\/figure><\/li><li class=\"blocks-gallery-item\"><figure><a href=\"http:\/\/wpetab.ac-reunion.fr\/ravinedescabris\/wp-content\/uploads\/sites\/158\/2021\/12\/IMG_9345.jpeg\"><img loading=\"lazy\" decoding=\"async\" width=\"800\" height=\"600\" src=\"http:\/\/wpetab.ac-reunion.fr\/ravinedescabris\/wp-content\/uploads\/sites\/158\/2021\/12\/IMG_9345-800x600.jpeg\" alt=\"\" data-id=\"1402\" data-full-url=\"http:\/\/wpetab.ac-reunion.fr\/ravinedescabris\/wp-content\/uploads\/sites\/158\/2021\/12\/IMG_9345.jpeg\" data-link=\"https:\/\/etab.ac-reunion.fr\/clg-ravine-des-cabris\/?attachment_id=1402\" class=\"wp-image-1402\" srcset=\"https:\/\/etab.ac-reunion.fr\/clg-ravine-des-cabris\/wp-content\/uploads\/sites\/158\/2021\/12\/IMG_9345-800x600.jpeg 800w, https:\/\/etab.ac-reunion.fr\/clg-ravine-des-cabris\/wp-content\/uploads\/sites\/158\/2021\/12\/IMG_9345-768x576.jpeg 768w, https:\/\/etab.ac-reunion.fr\/clg-ravine-des-cabris\/wp-content\/uploads\/sites\/158\/2021\/12\/IMG_9345-1536x1152.jpeg 1536w, https:\/\/etab.ac-reunion.fr\/clg-ravine-des-cabris\/wp-content\/uploads\/sites\/158\/2021\/12\/IMG_9345-176x132.jpeg 176w, https:\/\/etab.ac-reunion.fr\/clg-ravine-des-cabris\/wp-content\/uploads\/sites\/158\/2021\/12\/IMG_9345.jpeg 1920w\" sizes=\"auto, (max-width: 800px) 100vw, 800px\" \/><\/a><\/figure><\/li><li class=\"blocks-gallery-item\"><figure><a href=\"http:\/\/wpetab.ac-reunion.fr\/ravinedescabris\/wp-content\/uploads\/sites\/158\/2021\/12\/IMG_9347.jpeg\"><img loading=\"lazy\" decoding=\"async\" width=\"800\" height=\"600\" src=\"http:\/\/wpetab.ac-reunion.fr\/ravinedescabris\/wp-content\/uploads\/sites\/158\/2021\/12\/IMG_9347-800x600.jpeg\" alt=\"\" data-id=\"1403\" data-full-url=\"http:\/\/wpetab.ac-reunion.fr\/ravinedescabris\/wp-content\/uploads\/sites\/158\/2021\/12\/IMG_9347.jpeg\" data-link=\"https:\/\/etab.ac-reunion.fr\/clg-ravine-des-cabris\/?attachment_id=1403\" class=\"wp-image-1403\" srcset=\"https:\/\/etab.ac-reunion.fr\/clg-ravine-des-cabris\/wp-content\/uploads\/sites\/158\/2021\/12\/IMG_9347-800x600.jpeg 800w, https:\/\/etab.ac-reunion.fr\/clg-ravine-des-cabris\/wp-content\/uploads\/sites\/158\/2021\/12\/IMG_9347-768x576.jpeg 768w, https:\/\/etab.ac-reunion.fr\/clg-ravine-des-cabris\/wp-content\/uploads\/sites\/158\/2021\/12\/IMG_9347-1536x1152.jpeg 1536w, https:\/\/etab.ac-reunion.fr\/clg-ravine-des-cabris\/wp-content\/uploads\/sites\/158\/2021\/12\/IMG_9347-176x132.jpeg 176w, https:\/\/etab.ac-reunion.fr\/clg-ravine-des-cabris\/wp-content\/uploads\/sites\/158\/2021\/12\/IMG_9347.jpeg 1920w\" sizes=\"auto, (max-width: 800px) 100vw, 800px\" \/><\/a><\/figure><\/li><li class=\"blocks-gallery-item\"><figure><a href=\"http:\/\/wpetab.ac-reunion.fr\/ravinedescabris\/wp-content\/uploads\/sites\/158\/2021\/12\/IMG_9348.jpeg\"><img loading=\"lazy\" decoding=\"async\" width=\"800\" height=\"600\" src=\"http:\/\/wpetab.ac-reunion.fr\/ravinedescabris\/wp-content\/uploads\/sites\/158\/2021\/12\/IMG_9348-800x600.jpeg\" alt=\"\" data-id=\"1404\" data-full-url=\"http:\/\/wpetab.ac-reunion.fr\/ravinedescabris\/wp-content\/uploads\/sites\/158\/2021\/12\/IMG_9348.jpeg\" data-link=\"https:\/\/etab.ac-reunion.fr\/clg-ravine-des-cabris\/?attachment_id=1404\" class=\"wp-image-1404\" srcset=\"https:\/\/etab.ac-reunion.fr\/clg-ravine-des-cabris\/wp-content\/uploads\/sites\/158\/2021\/12\/IMG_9348-800x600.jpeg 800w, https:\/\/etab.ac-reunion.fr\/clg-ravine-des-cabris\/wp-content\/uploads\/sites\/158\/2021\/12\/IMG_9348-768x576.jpeg 768w, https:\/\/etab.ac-reunion.fr\/clg-ravine-des-cabris\/wp-content\/uploads\/sites\/158\/2021\/12\/IMG_9348-1536x1152.jpeg 1536w, https:\/\/etab.ac-reunion.fr\/clg-ravine-des-cabris\/wp-content\/uploads\/sites\/158\/2021\/12\/IMG_9348-176x132.jpeg 176w, https:\/\/etab.ac-reunion.fr\/clg-ravine-des-cabris\/wp-content\/uploads\/sites\/158\/2021\/12\/IMG_9348.jpeg 1920w\" sizes=\"auto, (max-width: 800px) 100vw, 800px\" \/><\/a><\/figure><\/li><li class=\"blocks-gallery-item\"><figure><a href=\"http:\/\/wpetab.ac-reunion.fr\/ravinedescabris\/wp-content\/uploads\/sites\/158\/2021\/12\/IMG_9354.jpeg\"><img loading=\"lazy\" decoding=\"async\" width=\"800\" height=\"600\" src=\"http:\/\/wpetab.ac-reunion.fr\/ravinedescabris\/wp-content\/uploads\/sites\/158\/2021\/12\/IMG_9354-800x600.jpeg\" alt=\"\" data-id=\"1405\" data-full-url=\"http:\/\/wpetab.ac-reunion.fr\/ravinedescabris\/wp-content\/uploads\/sites\/158\/2021\/12\/IMG_9354.jpeg\" data-link=\"https:\/\/etab.ac-reunion.fr\/clg-ravine-des-cabris\/?attachment_id=1405\" class=\"wp-image-1405\" srcset=\"https:\/\/etab.ac-reunion.fr\/clg-ravine-des-cabris\/wp-content\/uploads\/sites\/158\/2021\/12\/IMG_9354-800x600.jpeg 800w, https:\/\/etab.ac-reunion.fr\/clg-ravine-des-cabris\/wp-content\/uploads\/sites\/158\/2021\/12\/IMG_9354-768x576.jpeg 768w, https:\/\/etab.ac-reunion.fr\/clg-ravine-des-cabris\/wp-content\/uploads\/sites\/158\/2021\/12\/IMG_9354-1536x1152.jpeg 1536w, https:\/\/etab.ac-reunion.fr\/clg-ravine-des-cabris\/wp-content\/uploads\/sites\/158\/2021\/12\/IMG_9354-176x132.jpeg 176w, https:\/\/etab.ac-reunion.fr\/clg-ravine-des-cabris\/wp-content\/uploads\/sites\/158\/2021\/12\/IMG_9354.jpeg 1920w\" sizes=\"auto, (max-width: 800px) 100vw, 800px\" \/><\/a><\/figure><\/li><li class=\"blocks-gallery-item\"><figure><a href=\"http:\/\/wpetab.ac-reunion.fr\/ravinedescabris\/wp-content\/uploads\/sites\/158\/2021\/12\/IMG_9355.jpeg\"><img loading=\"lazy\" decoding=\"async\" width=\"800\" height=\"600\" src=\"http:\/\/wpetab.ac-reunion.fr\/ravinedescabris\/wp-content\/uploads\/sites\/158\/2021\/12\/IMG_9355-800x600.jpeg\" alt=\"\" data-id=\"1406\" data-full-url=\"http:\/\/wpetab.ac-reunion.fr\/ravinedescabris\/wp-content\/uploads\/sites\/158\/2021\/12\/IMG_9355.jpeg\" data-link=\"https:\/\/etab.ac-reunion.fr\/clg-ravine-des-cabris\/?attachment_id=1406\" class=\"wp-image-1406\" srcset=\"https:\/\/etab.ac-reunion.fr\/clg-ravine-des-cabris\/wp-content\/uploads\/sites\/158\/2021\/12\/IMG_9355-800x600.jpeg 800w, https:\/\/etab.ac-reunion.fr\/clg-ravine-des-cabris\/wp-content\/uploads\/sites\/158\/2021\/12\/IMG_9355-768x576.jpeg 768w, https:\/\/etab.ac-reunion.fr\/clg-ravine-des-cabris\/wp-content\/uploads\/sites\/158\/2021\/12\/IMG_9355-1536x1152.jpeg 1536w, https:\/\/etab.ac-reunion.fr\/clg-ravine-des-cabris\/wp-content\/uploads\/sites\/158\/2021\/12\/IMG_9355-176x132.jpeg 176w, https:\/\/etab.ac-reunion.fr\/clg-ravine-des-cabris\/wp-content\/uploads\/sites\/158\/2021\/12\/IMG_9355.jpeg 1920w\" sizes=\"auto, (max-width: 800px) 100vw, 800px\" \/><\/a><\/figure><\/li><li class=\"blocks-gallery-item\"><figure><a href=\"http:\/\/wpetab.ac-reunion.fr\/ravinedescabris\/wp-content\/uploads\/sites\/158\/2021\/12\/IMG_9358.jpeg\"><img loading=\"lazy\" decoding=\"async\" width=\"800\" height=\"600\" src=\"http:\/\/wpetab.ac-reunion.fr\/ravinedescabris\/wp-content\/uploads\/sites\/158\/2021\/12\/IMG_9358-800x600.jpeg\" alt=\"\" data-id=\"1407\" data-full-url=\"http:\/\/wpetab.ac-reunion.fr\/ravinedescabris\/wp-content\/uploads\/sites\/158\/2021\/12\/IMG_9358.jpeg\" data-link=\"https:\/\/etab.ac-reunion.fr\/clg-ravine-des-cabris\/?attachment_id=1407\" class=\"wp-image-1407\" srcset=\"https:\/\/etab.ac-reunion.fr\/clg-ravine-des-cabris\/wp-content\/uploads\/sites\/158\/2021\/12\/IMG_9358-800x600.jpeg 800w, https:\/\/etab.ac-reunion.fr\/clg-ravine-des-cabris\/wp-content\/uploads\/sites\/158\/2021\/12\/IMG_9358-768x576.jpeg 768w, https:\/\/etab.ac-reunion.fr\/clg-ravine-des-cabris\/wp-content\/uploads\/sites\/158\/2021\/12\/IMG_9358-1536x1152.jpeg 1536w, https:\/\/etab.ac-reunion.fr\/clg-ravine-des-cabris\/wp-content\/uploads\/sites\/158\/2021\/12\/IMG_9358-176x132.jpeg 176w, https:\/\/etab.ac-reunion.fr\/clg-ravine-des-cabris\/wp-content\/uploads\/sites\/158\/2021\/12\/IMG_9358.jpeg 1920w\" sizes=\"auto, (max-width: 800px) 100vw, 800px\" \/><\/a><\/figure><\/li><li class=\"blocks-gallery-item\"><figure><a href=\"http:\/\/wpetab.ac-reunion.fr\/ravinedescabris\/wp-content\/uploads\/sites\/158\/2021\/12\/IMG_9362.jpeg\"><img loading=\"lazy\" decoding=\"async\" width=\"800\" height=\"600\" src=\"http:\/\/wpetab.ac-reunion.fr\/ravinedescabris\/wp-content\/uploads\/sites\/158\/2021\/12\/IMG_9362-800x600.jpeg\" alt=\"\" data-id=\"1408\" data-full-url=\"http:\/\/wpetab.ac-reunion.fr\/ravinedescabris\/wp-content\/uploads\/sites\/158\/2021\/12\/IMG_9362.jpeg\" data-link=\"https:\/\/etab.ac-reunion.fr\/clg-ravine-des-cabris\/?attachment_id=1408\" class=\"wp-image-1408\" srcset=\"https:\/\/etab.ac-reunion.fr\/clg-ravine-des-cabris\/wp-content\/uploads\/sites\/158\/2021\/12\/IMG_9362-800x600.jpeg 800w, https:\/\/etab.ac-reunion.fr\/clg-ravine-des-cabris\/wp-content\/uploads\/sites\/158\/2021\/12\/IMG_9362-768x576.jpeg 768w, https:\/\/etab.ac-reunion.fr\/clg-ravine-des-cabris\/wp-content\/uploads\/sites\/158\/2021\/12\/IMG_9362-1536x1152.jpeg 1536w, https:\/\/etab.ac-reunion.fr\/clg-ravine-des-cabris\/wp-content\/uploads\/sites\/158\/2021\/12\/IMG_9362-176x132.jpeg 176w, https:\/\/etab.ac-reunion.fr\/clg-ravine-des-cabris\/wp-content\/uploads\/sites\/158\/2021\/12\/IMG_9362.jpeg 1920w\" sizes=\"auto, (max-width: 800px) 100vw, 800px\" \/><\/a><\/figure><\/li><li class=\"blocks-gallery-item\"><figure><a href=\"http:\/\/wpetab.ac-reunion.fr\/ravinedescabris\/wp-content\/uploads\/sites\/158\/2021\/12\/IMG_9363.jpeg\"><img loading=\"lazy\" decoding=\"async\" width=\"800\" height=\"600\" src=\"http:\/\/wpetab.ac-reunion.fr\/ravinedescabris\/wp-content\/uploads\/sites\/158\/2021\/12\/IMG_9363-800x600.jpeg\" alt=\"\" data-id=\"1409\" data-full-url=\"http:\/\/wpetab.ac-reunion.fr\/ravinedescabris\/wp-content\/uploads\/sites\/158\/2021\/12\/IMG_9363.jpeg\" data-link=\"https:\/\/etab.ac-reunion.fr\/clg-ravine-des-cabris\/?attachment_id=1409\" class=\"wp-image-1409\" srcset=\"https:\/\/etab.ac-reunion.fr\/clg-ravine-des-cabris\/wp-content\/uploads\/sites\/158\/2021\/12\/IMG_9363-800x600.jpeg 800w, https:\/\/etab.ac-reunion.fr\/clg-ravine-des-cabris\/wp-content\/uploads\/sites\/158\/2021\/12\/IMG_9363-768x576.jpeg 768w, https:\/\/etab.ac-reunion.fr\/clg-ravine-des-cabris\/wp-content\/uploads\/sites\/158\/2021\/12\/IMG_9363-1536x1152.jpeg 1536w, https:\/\/etab.ac-reunion.fr\/clg-ravine-des-cabris\/wp-content\/uploads\/sites\/158\/2021\/12\/IMG_9363-176x132.jpeg 176w, https:\/\/etab.ac-reunion.fr\/clg-ravine-des-cabris\/wp-content\/uploads\/sites\/158\/2021\/12\/IMG_9363.jpeg 1920w\" sizes=\"auto, (max-width: 800px) 100vw, 800px\" \/><\/a><\/figure><\/li><li class=\"blocks-gallery-item\"><figure><a href=\"http:\/\/wpetab.ac-reunion.fr\/ravinedescabris\/wp-content\/uploads\/sites\/158\/2021\/12\/IMG_9367.jpeg\"><img loading=\"lazy\" decoding=\"async\" width=\"800\" height=\"600\" src=\"http:\/\/wpetab.ac-reunion.fr\/ravinedescabris\/wp-content\/uploads\/sites\/158\/2021\/12\/IMG_9367-800x600.jpeg\" alt=\"\" data-id=\"1410\" data-full-url=\"http:\/\/wpetab.ac-reunion.fr\/ravinedescabris\/wp-content\/uploads\/sites\/158\/2021\/12\/IMG_9367.jpeg\" data-link=\"https:\/\/etab.ac-reunion.fr\/clg-ravine-des-cabris\/?attachment_id=1410\" class=\"wp-image-1410\" srcset=\"https:\/\/etab.ac-reunion.fr\/clg-ravine-des-cabris\/wp-content\/uploads\/sites\/158\/2021\/12\/IMG_9367-800x600.jpeg 800w, https:\/\/etab.ac-reunion.fr\/clg-ravine-des-cabris\/wp-content\/uploads\/sites\/158\/2021\/12\/IMG_9367-768x576.jpeg 768w, https:\/\/etab.ac-reunion.fr\/clg-ravine-des-cabris\/wp-content\/uploads\/sites\/158\/2021\/12\/IMG_9367-1536x1152.jpeg 1536w, https:\/\/etab.ac-reunion.fr\/clg-ravine-des-cabris\/wp-content\/uploads\/sites\/158\/2021\/12\/IMG_9367-176x132.jpeg 176w, https:\/\/etab.ac-reunion.fr\/clg-ravine-des-cabris\/wp-content\/uploads\/sites\/158\/2021\/12\/IMG_9367.jpeg 1920w\" sizes=\"auto, (max-width: 800px) 100vw, 800px\" \/><\/a><\/figure><\/li><li class=\"blocks-gallery-item\"><figure><a href=\"http:\/\/wpetab.ac-reunion.fr\/ravinedescabris\/wp-content\/uploads\/sites\/158\/2021\/12\/IMG_9368.jpeg\"><img loading=\"lazy\" decoding=\"async\" width=\"800\" height=\"600\" src=\"http:\/\/wpetab.ac-reunion.fr\/ravinedescabris\/wp-content\/uploads\/sites\/158\/2021\/12\/IMG_9368-800x600.jpeg\" alt=\"\" data-id=\"1411\" data-full-url=\"http:\/\/wpetab.ac-reunion.fr\/ravinedescabris\/wp-content\/uploads\/sites\/158\/2021\/12\/IMG_9368.jpeg\" data-link=\"https:\/\/etab.ac-reunion.fr\/clg-ravine-des-cabris\/?attachment_id=1411\" class=\"wp-image-1411\" srcset=\"https:\/\/etab.ac-reunion.fr\/clg-ravine-des-cabris\/wp-content\/uploads\/sites\/158\/2021\/12\/IMG_9368-800x600.jpeg 800w, https:\/\/etab.ac-reunion.fr\/clg-ravine-des-cabris\/wp-content\/uploads\/sites\/158\/2021\/12\/IMG_9368-768x576.jpeg 768w, https:\/\/etab.ac-reunion.fr\/clg-ravine-des-cabris\/wp-content\/uploads\/sites\/158\/2021\/12\/IMG_9368-1536x1152.jpeg 1536w, https:\/\/etab.ac-reunion.fr\/clg-ravine-des-cabris\/wp-content\/uploads\/sites\/158\/2021\/12\/IMG_9368-176x132.jpeg 176w, https:\/\/etab.ac-reunion.fr\/clg-ravine-des-cabris\/wp-content\/uploads\/sites\/158\/2021\/12\/IMG_9368.jpeg 1920w\" sizes=\"auto, (max-width: 800px) 100vw, 800px\" \/><\/a><\/figure><\/li><li class=\"blocks-gallery-item\"><figure><a href=\"http:\/\/wpetab.ac-reunion.fr\/ravinedescabris\/wp-content\/uploads\/sites\/158\/2021\/12\/IMG_9371.jpeg\"><img loading=\"lazy\" decoding=\"async\" width=\"800\" height=\"600\" src=\"http:\/\/wpetab.ac-reunion.fr\/ravinedescabris\/wp-content\/uploads\/sites\/158\/2021\/12\/IMG_9371-800x600.jpeg\" alt=\"\" data-id=\"1412\" data-full-url=\"http:\/\/wpetab.ac-reunion.fr\/ravinedescabris\/wp-content\/uploads\/sites\/158\/2021\/12\/IMG_9371.jpeg\" data-link=\"https:\/\/etab.ac-reunion.fr\/clg-ravine-des-cabris\/?attachment_id=1412\" class=\"wp-image-1412\" srcset=\"https:\/\/etab.ac-reunion.fr\/clg-ravine-des-cabris\/wp-content\/uploads\/sites\/158\/2021\/12\/IMG_9371-800x600.jpeg 800w, https:\/\/etab.ac-reunion.fr\/clg-ravine-des-cabris\/wp-content\/uploads\/sites\/158\/2021\/12\/IMG_9371-768x576.jpeg 768w, https:\/\/etab.ac-reunion.fr\/clg-ravine-des-cabris\/wp-content\/uploads\/sites\/158\/2021\/12\/IMG_9371-1536x1152.jpeg 1536w, https:\/\/etab.ac-reunion.fr\/clg-ravine-des-cabris\/wp-content\/uploads\/sites\/158\/2021\/12\/IMG_9371-176x132.jpeg 176w, https:\/\/etab.ac-reunion.fr\/clg-ravine-des-cabris\/wp-content\/uploads\/sites\/158\/2021\/12\/IMG_9371.jpeg 1920w\" sizes=\"auto, (max-width: 800px) 100vw, 800px\" \/><\/a><\/figure><\/li><li class=\"blocks-gallery-item\"><figure><a href=\"http:\/\/wpetab.ac-reunion.fr\/ravinedescabris\/wp-content\/uploads\/sites\/158\/2021\/12\/IMG_9372.jpeg\"><img loading=\"lazy\" decoding=\"async\" width=\"800\" height=\"600\" src=\"http:\/\/wpetab.ac-reunion.fr\/ravinedescabris\/wp-content\/uploads\/sites\/158\/2021\/12\/IMG_9372-800x600.jpeg\" alt=\"\" data-id=\"1413\" data-full-url=\"http:\/\/wpetab.ac-reunion.fr\/ravinedescabris\/wp-content\/uploads\/sites\/158\/2021\/12\/IMG_9372.jpeg\" data-link=\"https:\/\/etab.ac-reunion.fr\/clg-ravine-des-cabris\/?attachment_id=1413\" class=\"wp-image-1413\" srcset=\"https:\/\/etab.ac-reunion.fr\/clg-ravine-des-cabris\/wp-content\/uploads\/sites\/158\/2021\/12\/IMG_9372-800x600.jpeg 800w, https:\/\/etab.ac-reunion.fr\/clg-ravine-des-cabris\/wp-content\/uploads\/sites\/158\/2021\/12\/IMG_9372-768x576.jpeg 768w, https:\/\/etab.ac-reunion.fr\/clg-ravine-des-cabris\/wp-content\/uploads\/sites\/158\/2021\/12\/IMG_9372-1536x1152.jpeg 1536w, https:\/\/etab.ac-reunion.fr\/clg-ravine-des-cabris\/wp-content\/uploads\/sites\/158\/2021\/12\/IMG_9372-176x132.jpeg 176w, https:\/\/etab.ac-reunion.fr\/clg-ravine-des-cabris\/wp-content\/uploads\/sites\/158\/2021\/12\/IMG_9372.jpeg 1920w\" sizes=\"auto, (max-width: 800px) 100vw, 800px\" \/><\/a><\/figure><\/li><li class=\"blocks-gallery-item\"><figure><a href=\"http:\/\/wpetab.ac-reunion.fr\/ravinedescabris\/wp-content\/uploads\/sites\/158\/2021\/12\/IMG_9373.jpeg\"><img loading=\"lazy\" decoding=\"async\" width=\"800\" height=\"600\" src=\"http:\/\/wpetab.ac-reunion.fr\/ravinedescabris\/wp-content\/uploads\/sites\/158\/2021\/12\/IMG_9373-800x600.jpeg\" alt=\"\" data-id=\"1414\" data-full-url=\"http:\/\/wpetab.ac-reunion.fr\/ravinedescabris\/wp-content\/uploads\/sites\/158\/2021\/12\/IMG_9373.jpeg\" data-link=\"https:\/\/etab.ac-reunion.fr\/clg-ravine-des-cabris\/?attachment_id=1414\" class=\"wp-image-1414\" srcset=\"https:\/\/etab.ac-reunion.fr\/clg-ravine-des-cabris\/wp-content\/uploads\/sites\/158\/2021\/12\/IMG_9373-800x600.jpeg 800w, https:\/\/etab.ac-reunion.fr\/clg-ravine-des-cabris\/wp-content\/uploads\/sites\/158\/2021\/12\/IMG_9373-768x576.jpeg 768w, https:\/\/etab.ac-reunion.fr\/clg-ravine-des-cabris\/wp-content\/uploads\/sites\/158\/2021\/12\/IMG_9373-1536x1152.jpeg 1536w, https:\/\/etab.ac-reunion.fr\/clg-ravine-des-cabris\/wp-content\/uploads\/sites\/158\/2021\/12\/IMG_9373-176x132.jpeg 176w, https:\/\/etab.ac-reunion.fr\/clg-ravine-des-cabris\/wp-content\/uploads\/sites\/158\/2021\/12\/IMG_9373.jpeg 1920w\" sizes=\"auto, (max-width: 800px) 100vw, 800px\" \/><\/a><\/figure><\/li><li class=\"blocks-gallery-item\"><figure><a href=\"http:\/\/wpetab.ac-reunion.fr\/ravinedescabris\/wp-content\/uploads\/sites\/158\/2021\/12\/IMG_9374.jpeg\"><img loading=\"lazy\" decoding=\"async\" width=\"800\" height=\"600\" src=\"http:\/\/wpetab.ac-reunion.fr\/ravinedescabris\/wp-content\/uploads\/sites\/158\/2021\/12\/IMG_9374-800x600.jpeg\" alt=\"\" data-id=\"1415\" data-full-url=\"http:\/\/wpetab.ac-reunion.fr\/ravinedescabris\/wp-content\/uploads\/sites\/158\/2021\/12\/IMG_9374.jpeg\" data-link=\"https:\/\/etab.ac-reunion.fr\/clg-ravine-des-cabris\/?attachment_id=1415\" class=\"wp-image-1415\" srcset=\"https:\/\/etab.ac-reunion.fr\/clg-ravine-des-cabris\/wp-content\/uploads\/sites\/158\/2021\/12\/IMG_9374-800x600.jpeg 800w, https:\/\/etab.ac-reunion.fr\/clg-ravine-des-cabris\/wp-content\/uploads\/sites\/158\/2021\/12\/IMG_9374-768x576.jpeg 768w, https:\/\/etab.ac-reunion.fr\/clg-ravine-des-cabris\/wp-content\/uploads\/sites\/158\/2021\/12\/IMG_9374-1536x1152.jpeg 1536w, https:\/\/etab.ac-reunion.fr\/clg-ravine-des-cabris\/wp-content\/uploads\/sites\/158\/2021\/12\/IMG_9374-176x132.jpeg 176w, https:\/\/etab.ac-reunion.fr\/clg-ravine-des-cabris\/wp-content\/uploads\/sites\/158\/2021\/12\/IMG_9374.jpeg 1920w\" sizes=\"auto, (max-width: 800px) 100vw, 800px\" \/><\/a><\/figure><\/li><li class=\"blocks-gallery-item\"><figure><a href=\"http:\/\/wpetab.ac-reunion.fr\/ravinedescabris\/wp-content\/uploads\/sites\/158\/2021\/12\/IMG_9375.jpeg\"><img loading=\"lazy\" decoding=\"async\" width=\"800\" height=\"600\" src=\"http:\/\/wpetab.ac-reunion.fr\/ravinedescabris\/wp-content\/uploads\/sites\/158\/2021\/12\/IMG_9375-800x600.jpeg\" alt=\"\" data-id=\"1416\" data-full-url=\"http:\/\/wpetab.ac-reunion.fr\/ravinedescabris\/wp-content\/uploads\/sites\/158\/2021\/12\/IMG_9375.jpeg\" data-link=\"https:\/\/etab.ac-reunion.fr\/clg-ravine-des-cabris\/?attachment_id=1416\" class=\"wp-image-1416\" srcset=\"https:\/\/etab.ac-reunion.fr\/clg-ravine-des-cabris\/wp-content\/uploads\/sites\/158\/2021\/12\/IMG_9375-800x600.jpeg 800w, https:\/\/etab.ac-reunion.fr\/clg-ravine-des-cabris\/wp-content\/uploads\/sites\/158\/2021\/12\/IMG_9375-768x576.jpeg 768w, https:\/\/etab.ac-reunion.fr\/clg-ravine-des-cabris\/wp-content\/uploads\/sites\/158\/2021\/12\/IMG_9375-1536x1152.jpeg 1536w, https:\/\/etab.ac-reunion.fr\/clg-ravine-des-cabris\/wp-content\/uploads\/sites\/158\/2021\/12\/IMG_9375-176x132.jpeg 176w, https:\/\/etab.ac-reunion.fr\/clg-ravine-des-cabris\/wp-content\/uploads\/sites\/158\/2021\/12\/IMG_9375.jpeg 1920w\" sizes=\"auto, (max-width: 800px) 100vw, 800px\" \/><\/a><\/figure><\/li><li class=\"blocks-gallery-item\"><figure><a href=\"http:\/\/wpetab.ac-reunion.fr\/ravinedescabris\/wp-content\/uploads\/sites\/158\/2021\/12\/IMG_9376.jpeg\"><img loading=\"lazy\" decoding=\"async\" width=\"800\" height=\"600\" src=\"http:\/\/wpetab.ac-reunion.fr\/ravinedescabris\/wp-content\/uploads\/sites\/158\/2021\/12\/IMG_9376-800x600.jpeg\" alt=\"\" data-id=\"1417\" data-full-url=\"http:\/\/wpetab.ac-reunion.fr\/ravinedescabris\/wp-content\/uploads\/sites\/158\/2021\/12\/IMG_9376.jpeg\" data-link=\"https:\/\/etab.ac-reunion.fr\/clg-ravine-des-cabris\/?attachment_id=1417\" class=\"wp-image-1417\" srcset=\"https:\/\/etab.ac-reunion.fr\/clg-ravine-des-cabris\/wp-content\/uploads\/sites\/158\/2021\/12\/IMG_9376-800x600.jpeg 800w, https:\/\/etab.ac-reunion.fr\/clg-ravine-des-cabris\/wp-content\/uploads\/sites\/158\/2021\/12\/IMG_9376-768x576.jpeg 768w, https:\/\/etab.ac-reunion.fr\/clg-ravine-des-cabris\/wp-content\/uploads\/sites\/158\/2021\/12\/IMG_9376-1536x1152.jpeg 1536w, https:\/\/etab.ac-reunion.fr\/clg-ravine-des-cabris\/wp-content\/uploads\/sites\/158\/2021\/12\/IMG_9376-176x132.jpeg 176w, https:\/\/etab.ac-reunion.fr\/clg-ravine-des-cabris\/wp-content\/uploads\/sites\/158\/2021\/12\/IMG_9376.jpeg 1920w\" sizes=\"auto, (max-width: 800px) 100vw, 800px\" \/><\/a><\/figure><\/li><li class=\"blocks-gallery-item\"><figure><a href=\"http:\/\/wpetab.ac-reunion.fr\/ravinedescabris\/wp-content\/uploads\/sites\/158\/2021\/12\/IMG_9379.jpeg\"><img loading=\"lazy\" decoding=\"async\" width=\"800\" height=\"600\" src=\"http:\/\/wpetab.ac-reunion.fr\/ravinedescabris\/wp-content\/uploads\/sites\/158\/2021\/12\/IMG_9379-800x600.jpeg\" alt=\"\" data-id=\"1418\" data-full-url=\"http:\/\/wpetab.ac-reunion.fr\/ravinedescabris\/wp-content\/uploads\/sites\/158\/2021\/12\/IMG_9379.jpeg\" data-link=\"https:\/\/etab.ac-reunion.fr\/clg-ravine-des-cabris\/?attachment_id=1418\" class=\"wp-image-1418\" srcset=\"https:\/\/etab.ac-reunion.fr\/clg-ravine-des-cabris\/wp-content\/uploads\/sites\/158\/2021\/12\/IMG_9379-800x600.jpeg 800w, https:\/\/etab.ac-reunion.fr\/clg-ravine-des-cabris\/wp-content\/uploads\/sites\/158\/2021\/12\/IMG_9379-768x576.jpeg 768w, https:\/\/etab.ac-reunion.fr\/clg-ravine-des-cabris\/wp-content\/uploads\/sites\/158\/2021\/12\/IMG_9379-1536x1152.jpeg 1536w, https:\/\/etab.ac-reunion.fr\/clg-ravine-des-cabris\/wp-content\/uploads\/sites\/158\/2021\/12\/IMG_9379-176x132.jpeg 176w, https:\/\/etab.ac-reunion.fr\/clg-ravine-des-cabris\/wp-content\/uploads\/sites\/158\/2021\/12\/IMG_9379.jpeg 1920w\" sizes=\"auto, (max-width: 800px) 100vw, 800px\" \/><\/a><\/figure><\/li><li class=\"blocks-gallery-item\"><figure><a href=\"http:\/\/wpetab.ac-reunion.fr\/ravinedescabris\/wp-content\/uploads\/sites\/158\/2021\/12\/IMG_9380.jpeg\"><img loading=\"lazy\" decoding=\"async\" width=\"800\" height=\"600\" src=\"http:\/\/wpetab.ac-reunion.fr\/ravinedescabris\/wp-content\/uploads\/sites\/158\/2021\/12\/IMG_9380-800x600.jpeg\" alt=\"\" data-id=\"1419\" data-full-url=\"http:\/\/wpetab.ac-reunion.fr\/ravinedescabris\/wp-content\/uploads\/sites\/158\/2021\/12\/IMG_9380.jpeg\" data-link=\"https:\/\/etab.ac-reunion.fr\/clg-ravine-des-cabris\/?attachment_id=1419\" class=\"wp-image-1419\" srcset=\"https:\/\/etab.ac-reunion.fr\/clg-ravine-des-cabris\/wp-content\/uploads\/sites\/158\/2021\/12\/IMG_9380-800x600.jpeg 800w, https:\/\/etab.ac-reunion.fr\/clg-ravine-des-cabris\/wp-content\/uploads\/sites\/158\/2021\/12\/IMG_9380-768x576.jpeg 768w, https:\/\/etab.ac-reunion.fr\/clg-ravine-des-cabris\/wp-content\/uploads\/sites\/158\/2021\/12\/IMG_9380-1536x1152.jpeg 1536w, https:\/\/etab.ac-reunion.fr\/clg-ravine-des-cabris\/wp-content\/uploads\/sites\/158\/2021\/12\/IMG_9380-176x132.jpeg 176w, https:\/\/etab.ac-reunion.fr\/clg-ravine-des-cabris\/wp-content\/uploads\/sites\/158\/2021\/12\/IMG_9380.jpeg 1920w\" sizes=\"auto, (max-width: 800px) 100vw, 800px\" \/><\/a><\/figure><\/li><li class=\"blocks-gallery-item\"><figure><a href=\"http:\/\/wpetab.ac-reunion.fr\/ravinedescabris\/wp-content\/uploads\/sites\/158\/2021\/12\/IMG_20211203_145703_MP2.jpg\"><img loading=\"lazy\" decoding=\"async\" width=\"800\" height=\"516\" src=\"http:\/\/wpetab.ac-reunion.fr\/ravinedescabris\/wp-content\/uploads\/sites\/158\/2021\/12\/IMG_20211203_145703_MP2-800x516.jpg\" alt=\"\" data-id=\"1420\" data-full-url=\"http:\/\/wpetab.ac-reunion.fr\/ravinedescabris\/wp-content\/uploads\/sites\/158\/2021\/12\/IMG_20211203_145703_MP2.jpg\" data-link=\"https:\/\/etab.ac-reunion.fr\/clg-ravine-des-cabris\/?attachment_id=1420\" class=\"wp-image-1420\" srcset=\"https:\/\/etab.ac-reunion.fr\/clg-ravine-des-cabris\/wp-content\/uploads\/sites\/158\/2021\/12\/IMG_20211203_145703_MP2-800x516.jpg 800w, https:\/\/etab.ac-reunion.fr\/clg-ravine-des-cabris\/wp-content\/uploads\/sites\/158\/2021\/12\/IMG_20211203_145703_MP2-768x496.jpg 768w, https:\/\/etab.ac-reunion.fr\/clg-ravine-des-cabris\/wp-content\/uploads\/sites\/158\/2021\/12\/IMG_20211203_145703_MP2-1536x991.jpg 1536w, https:\/\/etab.ac-reunion.fr\/clg-ravine-des-cabris\/wp-content\/uploads\/sites\/158\/2021\/12\/IMG_20211203_145703_MP2-205x132.jpg 205w, https:\/\/etab.ac-reunion.fr\/clg-ravine-des-cabris\/wp-content\/uploads\/sites\/158\/2021\/12\/IMG_20211203_145703_MP2.jpg 1920w\" sizes=\"auto, (max-width: 800px) 100vw, 800px\" \/><\/a><\/figure><\/li><li class=\"blocks-gallery-item\"><figure><a href=\"http:\/\/wpetab.ac-reunion.fr\/ravinedescabris\/wp-content\/uploads\/sites\/158\/2021\/12\/IMG_20211203_145710_MP.jpg\"><img loading=\"lazy\" decoding=\"async\" width=\"1920\" height=\"1440\" src=\"http:\/\/wpetab.ac-reunion.fr\/ravinedescabris\/wp-content\/uploads\/sites\/158\/2021\/12\/IMG_20211203_145710_MP.jpg\" alt=\"\" data-id=\"1421\" data-full-url=\"http:\/\/wpetab.ac-reunion.fr\/ravinedescabris\/wp-content\/uploads\/sites\/158\/2021\/12\/IMG_20211203_145710_MP.jpg\" data-link=\"https:\/\/etab.ac-reunion.fr\/clg-ravine-des-cabris\/?attachment_id=1421\" class=\"wp-image-1421\" srcset=\"https:\/\/etab.ac-reunion.fr\/clg-ravine-des-cabris\/wp-content\/uploads\/sites\/158\/2021\/12\/IMG_20211203_145710_MP.jpg 1920w, https:\/\/etab.ac-reunion.fr\/clg-ravine-des-cabris\/wp-content\/uploads\/sites\/158\/2021\/12\/IMG_20211203_145710_MP-800x600.jpg 800w, https:\/\/etab.ac-reunion.fr\/clg-ravine-des-cabris\/wp-content\/uploads\/sites\/158\/2021\/12\/IMG_20211203_145710_MP-768x576.jpg 768w, https:\/\/etab.ac-reunion.fr\/clg-ravine-des-cabris\/wp-content\/uploads\/sites\/158\/2021\/12\/IMG_20211203_145710_MP-1536x1152.jpg 1536w, https:\/\/etab.ac-reunion.fr\/clg-ravine-des-cabris\/wp-content\/uploads\/sites\/158\/2021\/12\/IMG_20211203_145710_MP-176x132.jpg 176w\" sizes=\"auto, (max-width: 1920px) 100vw, 1920px\" \/><\/a><\/figure><\/li><\/ul><\/figure>\n\n\n\n<p>Les grandes lois de 1882, 1905, 2004 ainsi que la charte de la la\u00efcit\u00e9 ont \u00e9t\u00e9 au c\u0153ur des travaux des \u00e9l\u00e8ves.<\/p>\n","protected":false},"excerpt":{"rendered":"","protected":false},"author":28090,"featured_media":1408,"comment_status":"closed","ping_status":"closed","sticky":false,"template":"","format":"standard","meta":{"footnotes":"","_links_to":"","_links_to_target":""},"categories":[18],"tags":[],"class_list":["post-1400","post","type-post","status-publish","format-standard","has-post-thumbnail","hentry","category-histoire-geographie-emc"],"_links":{"self":[{"href":"https:\/\/etab.ac-reunion.fr\/clg-ravine-des-cabris\/wp-json\/wp\/v2\/posts\/1400","targetHints":{"allow":["GET"]}}],"collection":[{"href":"https:\/\/etab.ac-reunion.fr\/clg-ravine-des-cabris\/wp-json\/wp\/v2\/posts"}],"about":[{"href":"https:\/\/etab.ac-reunion.fr\/clg-ravine-des-cabris\/wp-json\/wp\/v2\/types\/post"}],"author":[{"embeddable":true,"href":"https:\/\/etab.ac-reunion.fr\/clg-ravine-des-cabris\/wp-json\/wp\/v2\/users\/28090"}],"replies":[{"embeddable":true,"href":"https:\/\/etab.ac-reunion.fr\/clg-ravine-des-cabris\/wp-json\/wp\/v2\/comments?post=1400"}],"version-history":[{"count":1,"href":"https:\/\/etab.ac-reunion.fr\/clg-ravine-des-cabris\/wp-json\/wp\/v2\/posts\/1400\/revisions"}],"predecessor-version":[{"id":1422,"href":"https:\/\/etab.ac-reunion.fr\/clg-ravine-des-cabris\/wp-json\/wp\/v2\/posts\/1400\/revisions\/1422"}],"wp:featuredmedia":[{"embeddable":true,"href":"https:\/\/etab.ac-reunion.fr\/clg-ravine-des-cabris\/wp-json\/wp\/v2\/media\/1408"}],"wp:attachment":[{"href":"https:\/\/etab.ac-reunion.fr\/clg-ravine-des-cabris\/wp-json\/wp\/v2\/media?parent=1400"}],"wp:term":[{"taxonomy":"category","embeddable":true,"href":"https:\/\/etab.ac-reunion.fr\/clg-ravine-des-cabris\/wp-json\/wp\/v2\/categories?post=1400"},{"taxonomy":"post_tag","embeddable":true,"href":"https:\/\/etab.ac-reunion.fr\/clg-ravine-des-cabris\/wp-json\/wp\/v2\/tags?post=1400"}],"curies":[{"name":"wp","href":"https:\/\/api.w.org\/{rel}","templated":true}]}}