{"id":1426,"date":"2021-12-09T17:51:43","date_gmt":"2021-12-09T16:51:43","guid":{"rendered":"http:\/\/college-ravinedescabris.ac-reunion.fr\/?p=1426"},"modified":"2021-12-13T18:59:24","modified_gmt":"2021-12-13T17:59:24","slug":"les-4-novalis-aux-jo-des-taaf","status":"publish","type":"post","link":"https:\/\/etab.ac-reunion.fr\/clg-ravine-des-cabris\/2021\/12\/09\/les-4-novalis-aux-jo-des-taaf\/","title":{"rendered":"LES 4\u00b0 NOVALIS AUX JO DES TAAF"},"content":{"rendered":"\n<p>Les 4\u00b0 Novalis ont particip\u00e9 aux JO des TAAF le jeudi 9 d\u00e9cembre au gymnase de 10h30 \u00e0 12h30. &nbsp;<\/p>\n\n\n\n<p>Au programme de ces JO des TAAF : \u00ab\u00a0la t\u00eate et les jambes\u00a0\u00bb<\/p>\n\n\n\n<p>4 \u00e9quipes = 4 districts des TAAF &nbsp;(Amsterdam, Crozet, Kerguelen, Terre Ad\u00e9lie) se sont affront\u00e9s lors de 5 \u00e9preuves sportives en relais :&nbsp;<\/p>\n\n\n\n<p>&nbsp; &nbsp; &nbsp; &nbsp; &nbsp; &nbsp; Course de manchots&nbsp;<\/p>\n\n\n\n<p>&nbsp; &nbsp; &nbsp; &nbsp; &nbsp; &nbsp; Course de l\u2019\u00e9l\u00e9phant de mer&nbsp;<\/p>\n\n\n\n<p>&nbsp; &nbsp; &nbsp; &nbsp; &nbsp; &nbsp; Course de l\u2019albatros &nbsp;<\/p>\n\n\n\n<p>&nbsp; &nbsp; &nbsp; &nbsp; &nbsp; &nbsp; Course de l\u2019otarie&nbsp;<\/p>\n\n\n\n<p>&nbsp; &nbsp; &nbsp; &nbsp; &nbsp; &nbsp; Saut de gorfou sauteur<\/p>\n\n\n\n<p>Cet \u00ab&nbsp;affrontement&nbsp;\u00bb bon-enfant s\u2019est &nbsp;poursuivi au cours d\u2019 \u00e9preuves th\u00e9oriques :&nbsp;<\/p>\n\n\n\n<p>&nbsp; &nbsp; &nbsp; &nbsp; &nbsp; &nbsp; Test de rapidit\u00e9 pour reconna\u00eetre \u00e0 l\u2019aveugle les animaux, oiseaux des TAAF<\/p>\n\n\n\n<p>&nbsp;&nbsp;&nbsp;&nbsp;&nbsp;&nbsp;&nbsp;&nbsp;&nbsp;&nbsp;&nbsp;&nbsp;QCM en temps limit\u00e9 sur les lieux, les particularit\u00e9s des districts des TAAF portant sur les articles \u00e9crits en cours d\u2019HG et Fran\u00e7ais,&nbsp;<\/p>\n\n\n\n<p>&nbsp; &nbsp; &nbsp; &nbsp; &nbsp; &nbsp; Tournoi du jeu des 7 familles des TAAF  et pour terminer Questions pour un Taafien ! <\/p>\n\n\n\n<p>&nbsp; &nbsp;<\/p>\n\n\n\n<p><br>&nbsp;Ces JO des TAAF ont cl\u00f4tur\u00e9 un travail men\u00e9 en EPI depuis la rentr\u00e9e des vacances d\u2019octobre en EPS, fran\u00e7ais et Histoire-G\u00e9ographie. Les \u00e9l\u00e8ves ont d\u2019abord \u00e9tudi\u00e9 les TAAF en cours de g\u00e9ographie et appris en fran\u00e7ais la technique de la r\u00e9daction de la br\u00e8ve.&nbsp;Ensuite, en groupe, ils ont \u00e9crit en utilisant &nbsp;des tablettes, des br\u00e8ves portant sur des endroits embl\u00e9matiques ou des aspects atypiques des TAAF et ont r\u00e9alis\u00e9 ainsi un journal num\u00e9rique. Ils ont eux m\u00eame con\u00e7u les QCM sur leurs articles.&nbsp;<br>Les \u00e9l\u00e8ves ont enrichi leurs connaissances des TAAF par une visite du si\u00e8ge des TAAF coupl\u00e9e \u00e0 une activit\u00e9 sportive : une sortie kayak \u00e0 St Pierre.Ils ont r\u00e9alis\u00e9 eux m\u00eames leurs dossards, les affiches pr\u00e9sentant leur district afin de pr\u00e9parer les JO des TAAF<br>Les 4\u00b0 Novalis ont fait preuve d\u2019une belle \u00e9nergie et d\u2019 un bel \u00e9tat d\u2019esprit tout au long de cet EPI et quelque soit l\u2019activit\u00e9 propos\u00e9e.<\/p>\n\n\n\n<figure class=\"wp-block-gallery columns-3 is-cropped wp-block-gallery-1 is-layout-flex wp-block-gallery-is-layout-flex\"><ul class=\"blocks-gallery-grid\"><li class=\"blocks-gallery-item\"><figure><a href=\"http:\/\/wpetab.ac-reunion.fr\/ravinedescabris\/wp-content\/uploads\/sites\/158\/2021\/12\/IMG_0390-rotated.jpeg\"><img loading=\"lazy\" decoding=\"async\" width=\"1440\" height=\"1920\" src=\"http:\/\/wpetab.ac-reunion.fr\/ravinedescabris\/wp-content\/uploads\/sites\/158\/2021\/12\/IMG_0390-rotated.jpeg\" alt=\"\" data-id=\"1439\" data-full-url=\"http:\/\/wpetab.ac-reunion.fr\/ravinedescabris\/wp-content\/uploads\/sites\/158\/2021\/12\/IMG_0390-rotated.jpeg\" data-link=\"https:\/\/etab.ac-reunion.fr\/clg-ravine-des-cabris\/2021\/12\/09\/les-4-novalis-aux-jo-des-taaf\/img_0390\/\" class=\"wp-image-1439\" srcset=\"https:\/\/etab.ac-reunion.fr\/clg-ravine-des-cabris\/wp-content\/uploads\/sites\/158\/2021\/12\/IMG_0390-rotated.jpeg 1440w, https:\/\/etab.ac-reunion.fr\/clg-ravine-des-cabris\/wp-content\/uploads\/sites\/158\/2021\/12\/IMG_0390-450x600.jpeg 450w, https:\/\/etab.ac-reunion.fr\/clg-ravine-des-cabris\/wp-content\/uploads\/sites\/158\/2021\/12\/IMG_0390-768x1024.jpeg 768w, https:\/\/etab.ac-reunion.fr\/clg-ravine-des-cabris\/wp-content\/uploads\/sites\/158\/2021\/12\/IMG_0390-1152x1536.jpeg 1152w, https:\/\/etab.ac-reunion.fr\/clg-ravine-des-cabris\/wp-content\/uploads\/sites\/158\/2021\/12\/IMG_0390-99x132.jpeg 99w\" sizes=\"auto, (max-width: 1440px) 100vw, 1440px\" \/><\/a><\/figure><\/li><li class=\"blocks-gallery-item\"><figure><a href=\"http:\/\/wpetab.ac-reunion.fr\/ravinedescabris\/wp-content\/uploads\/sites\/158\/2021\/12\/IMG_0398.jpeg\"><img loading=\"lazy\" decoding=\"async\" width=\"1440\" height=\"1920\" src=\"http:\/\/wpetab.ac-reunion.fr\/ravinedescabris\/wp-content\/uploads\/sites\/158\/2021\/12\/IMG_0398-1440x1920.jpeg\" alt=\"\" data-id=\"1440\" data-full-url=\"http:\/\/wpetab.ac-reunion.fr\/ravinedescabris\/wp-content\/uploads\/sites\/158\/2021\/12\/IMG_0398.jpeg\" data-link=\"https:\/\/etab.ac-reunion.fr\/clg-ravine-des-cabris\/2021\/12\/09\/les-4-novalis-aux-jo-des-taaf\/img_0398\/\" class=\"wp-image-1440\" srcset=\"https:\/\/etab.ac-reunion.fr\/clg-ravine-des-cabris\/wp-content\/uploads\/sites\/158\/2021\/12\/IMG_0398-1440x1920.jpeg 1440w, https:\/\/etab.ac-reunion.fr\/clg-ravine-des-cabris\/wp-content\/uploads\/sites\/158\/2021\/12\/IMG_0398-450x600.jpeg 450w, https:\/\/etab.ac-reunion.fr\/clg-ravine-des-cabris\/wp-content\/uploads\/sites\/158\/2021\/12\/IMG_0398-768x1024.jpeg 768w, https:\/\/etab.ac-reunion.fr\/clg-ravine-des-cabris\/wp-content\/uploads\/sites\/158\/2021\/12\/IMG_0398-1152x1536.jpeg 1152w, https:\/\/etab.ac-reunion.fr\/clg-ravine-des-cabris\/wp-content\/uploads\/sites\/158\/2021\/12\/IMG_0398-1536x2048.jpeg 1536w, https:\/\/etab.ac-reunion.fr\/clg-ravine-des-cabris\/wp-content\/uploads\/sites\/158\/2021\/12\/IMG_0398-99x132.jpeg 99w, https:\/\/etab.ac-reunion.fr\/clg-ravine-des-cabris\/wp-content\/uploads\/sites\/158\/2021\/12\/IMG_0398.jpeg 1920w\" sizes=\"auto, (max-width: 1440px) 100vw, 1440px\" \/><\/a><\/figure><\/li><li class=\"blocks-gallery-item\"><figure><a href=\"http:\/\/wpetab.ac-reunion.fr\/ravinedescabris\/wp-content\/uploads\/sites\/158\/2021\/12\/IMG_0404-rotated.jpeg\"><img loading=\"lazy\" decoding=\"async\" width=\"1440\" height=\"1920\" src=\"http:\/\/wpetab.ac-reunion.fr\/ravinedescabris\/wp-content\/uploads\/sites\/158\/2021\/12\/IMG_0404-rotated.jpeg\" alt=\"\" data-id=\"1441\" data-full-url=\"http:\/\/wpetab.ac-reunion.fr\/ravinedescabris\/wp-content\/uploads\/sites\/158\/2021\/12\/IMG_0404-rotated.jpeg\" data-link=\"https:\/\/etab.ac-reunion.fr\/clg-ravine-des-cabris\/2021\/12\/09\/les-4-novalis-aux-jo-des-taaf\/img_0404\/\" class=\"wp-image-1441\" srcset=\"https:\/\/etab.ac-reunion.fr\/clg-ravine-des-cabris\/wp-content\/uploads\/sites\/158\/2021\/12\/IMG_0404-rotated.jpeg 1440w, https:\/\/etab.ac-reunion.fr\/clg-ravine-des-cabris\/wp-content\/uploads\/sites\/158\/2021\/12\/IMG_0404-450x600.jpeg 450w, https:\/\/etab.ac-reunion.fr\/clg-ravine-des-cabris\/wp-content\/uploads\/sites\/158\/2021\/12\/IMG_0404-768x1024.jpeg 768w, https:\/\/etab.ac-reunion.fr\/clg-ravine-des-cabris\/wp-content\/uploads\/sites\/158\/2021\/12\/IMG_0404-1152x1536.jpeg 1152w, https:\/\/etab.ac-reunion.fr\/clg-ravine-des-cabris\/wp-content\/uploads\/sites\/158\/2021\/12\/IMG_0404-99x132.jpeg 99w\" sizes=\"auto, (max-width: 1440px) 100vw, 1440px\" \/><\/a><\/figure><\/li><li class=\"blocks-gallery-item\"><figure><a href=\"http:\/\/wpetab.ac-reunion.fr\/ravinedescabris\/wp-content\/uploads\/sites\/158\/2021\/12\/IMG_0406-rotated.jpeg\"><img loading=\"lazy\" decoding=\"async\" width=\"1440\" height=\"1920\" src=\"http:\/\/wpetab.ac-reunion.fr\/ravinedescabris\/wp-content\/uploads\/sites\/158\/2021\/12\/IMG_0406-rotated.jpeg\" alt=\"\" data-id=\"1442\" data-full-url=\"http:\/\/wpetab.ac-reunion.fr\/ravinedescabris\/wp-content\/uploads\/sites\/158\/2021\/12\/IMG_0406-rotated.jpeg\" data-link=\"https:\/\/etab.ac-reunion.fr\/clg-ravine-des-cabris\/2021\/12\/09\/les-4-novalis-aux-jo-des-taaf\/img_0406\/\" class=\"wp-image-1442\" srcset=\"https:\/\/etab.ac-reunion.fr\/clg-ravine-des-cabris\/wp-content\/uploads\/sites\/158\/2021\/12\/IMG_0406-rotated.jpeg 1440w, https:\/\/etab.ac-reunion.fr\/clg-ravine-des-cabris\/wp-content\/uploads\/sites\/158\/2021\/12\/IMG_0406-450x600.jpeg 450w, https:\/\/etab.ac-reunion.fr\/clg-ravine-des-cabris\/wp-content\/uploads\/sites\/158\/2021\/12\/IMG_0406-768x1024.jpeg 768w, https:\/\/etab.ac-reunion.fr\/clg-ravine-des-cabris\/wp-content\/uploads\/sites\/158\/2021\/12\/IMG_0406-1152x1536.jpeg 1152w, https:\/\/etab.ac-reunion.fr\/clg-ravine-des-cabris\/wp-content\/uploads\/sites\/158\/2021\/12\/IMG_0406-99x132.jpeg 99w\" sizes=\"auto, (max-width: 1440px) 100vw, 1440px\" \/><\/a><\/figure><\/li><li class=\"blocks-gallery-item\"><figure><a href=\"http:\/\/wpetab.ac-reunion.fr\/ravinedescabris\/wp-content\/uploads\/sites\/158\/2021\/12\/IMG_0432.jpeg\"><img loading=\"lazy\" decoding=\"async\" width=\"1440\" height=\"1920\" src=\"http:\/\/wpetab.ac-reunion.fr\/ravinedescabris\/wp-content\/uploads\/sites\/158\/2021\/12\/IMG_0432-1440x1920.jpeg\" alt=\"\" data-id=\"1448\" data-full-url=\"http:\/\/wpetab.ac-reunion.fr\/ravinedescabris\/wp-content\/uploads\/sites\/158\/2021\/12\/IMG_0432.jpeg\" data-link=\"https:\/\/etab.ac-reunion.fr\/clg-ravine-des-cabris\/2021\/12\/09\/les-4-novalis-aux-jo-des-taaf\/img_0432\/\" class=\"wp-image-1448\" srcset=\"https:\/\/etab.ac-reunion.fr\/clg-ravine-des-cabris\/wp-content\/uploads\/sites\/158\/2021\/12\/IMG_0432-1440x1920.jpeg 1440w, https:\/\/etab.ac-reunion.fr\/clg-ravine-des-cabris\/wp-content\/uploads\/sites\/158\/2021\/12\/IMG_0432-450x600.jpeg 450w, https:\/\/etab.ac-reunion.fr\/clg-ravine-des-cabris\/wp-content\/uploads\/sites\/158\/2021\/12\/IMG_0432-768x1024.jpeg 768w, https:\/\/etab.ac-reunion.fr\/clg-ravine-des-cabris\/wp-content\/uploads\/sites\/158\/2021\/12\/IMG_0432-1152x1536.jpeg 1152w, https:\/\/etab.ac-reunion.fr\/clg-ravine-des-cabris\/wp-content\/uploads\/sites\/158\/2021\/12\/IMG_0432-1536x2048.jpeg 1536w, https:\/\/etab.ac-reunion.fr\/clg-ravine-des-cabris\/wp-content\/uploads\/sites\/158\/2021\/12\/IMG_0432-99x132.jpeg 99w, https:\/\/etab.ac-reunion.fr\/clg-ravine-des-cabris\/wp-content\/uploads\/sites\/158\/2021\/12\/IMG_0432.jpeg 1920w\" sizes=\"auto, (max-width: 1440px) 100vw, 1440px\" \/><\/a><\/figure><\/li><li class=\"blocks-gallery-item\"><figure><a href=\"http:\/\/wpetab.ac-reunion.fr\/ravinedescabris\/wp-content\/uploads\/sites\/158\/2021\/12\/IMG_0430.jpeg\"><img loading=\"lazy\" decoding=\"async\" width=\"1440\" height=\"1920\" src=\"http:\/\/wpetab.ac-reunion.fr\/ravinedescabris\/wp-content\/uploads\/sites\/158\/2021\/12\/IMG_0430-1440x1920.jpeg\" alt=\"\" data-id=\"1447\" data-full-url=\"http:\/\/wpetab.ac-reunion.fr\/ravinedescabris\/wp-content\/uploads\/sites\/158\/2021\/12\/IMG_0430.jpeg\" data-link=\"https:\/\/etab.ac-reunion.fr\/clg-ravine-des-cabris\/2021\/12\/09\/les-4-novalis-aux-jo-des-taaf\/img_0430\/\" class=\"wp-image-1447\" srcset=\"https:\/\/etab.ac-reunion.fr\/clg-ravine-des-cabris\/wp-content\/uploads\/sites\/158\/2021\/12\/IMG_0430-1440x1920.jpeg 1440w, https:\/\/etab.ac-reunion.fr\/clg-ravine-des-cabris\/wp-content\/uploads\/sites\/158\/2021\/12\/IMG_0430-450x600.jpeg 450w, https:\/\/etab.ac-reunion.fr\/clg-ravine-des-cabris\/wp-content\/uploads\/sites\/158\/2021\/12\/IMG_0430-768x1024.jpeg 768w, https:\/\/etab.ac-reunion.fr\/clg-ravine-des-cabris\/wp-content\/uploads\/sites\/158\/2021\/12\/IMG_0430-1152x1536.jpeg 1152w, https:\/\/etab.ac-reunion.fr\/clg-ravine-des-cabris\/wp-content\/uploads\/sites\/158\/2021\/12\/IMG_0430-1536x2048.jpeg 1536w, https:\/\/etab.ac-reunion.fr\/clg-ravine-des-cabris\/wp-content\/uploads\/sites\/158\/2021\/12\/IMG_0430-99x132.jpeg 99w, https:\/\/etab.ac-reunion.fr\/clg-ravine-des-cabris\/wp-content\/uploads\/sites\/158\/2021\/12\/IMG_0430.jpeg 1920w\" sizes=\"auto, (max-width: 1440px) 100vw, 1440px\" \/><\/a><\/figure><\/li><li class=\"blocks-gallery-item\"><figure><a href=\"http:\/\/wpetab.ac-reunion.fr\/ravinedescabris\/wp-content\/uploads\/sites\/158\/2021\/12\/IMG_0424.jpeg\"><img loading=\"lazy\" decoding=\"async\" width=\"1440\" height=\"1920\" src=\"http:\/\/wpetab.ac-reunion.fr\/ravinedescabris\/wp-content\/uploads\/sites\/158\/2021\/12\/IMG_0424-1440x1920.jpeg\" alt=\"\" data-id=\"1446\" data-full-url=\"http:\/\/wpetab.ac-reunion.fr\/ravinedescabris\/wp-content\/uploads\/sites\/158\/2021\/12\/IMG_0424.jpeg\" data-link=\"https:\/\/etab.ac-reunion.fr\/clg-ravine-des-cabris\/2021\/12\/09\/les-4-novalis-aux-jo-des-taaf\/img_0424\/\" class=\"wp-image-1446\" srcset=\"https:\/\/etab.ac-reunion.fr\/clg-ravine-des-cabris\/wp-content\/uploads\/sites\/158\/2021\/12\/IMG_0424-1440x1920.jpeg 1440w, https:\/\/etab.ac-reunion.fr\/clg-ravine-des-cabris\/wp-content\/uploads\/sites\/158\/2021\/12\/IMG_0424-450x600.jpeg 450w, https:\/\/etab.ac-reunion.fr\/clg-ravine-des-cabris\/wp-content\/uploads\/sites\/158\/2021\/12\/IMG_0424-768x1024.jpeg 768w, https:\/\/etab.ac-reunion.fr\/clg-ravine-des-cabris\/wp-content\/uploads\/sites\/158\/2021\/12\/IMG_0424-1152x1536.jpeg 1152w, https:\/\/etab.ac-reunion.fr\/clg-ravine-des-cabris\/wp-content\/uploads\/sites\/158\/2021\/12\/IMG_0424-1536x2048.jpeg 1536w, https:\/\/etab.ac-reunion.fr\/clg-ravine-des-cabris\/wp-content\/uploads\/sites\/158\/2021\/12\/IMG_0424-99x132.jpeg 99w, https:\/\/etab.ac-reunion.fr\/clg-ravine-des-cabris\/wp-content\/uploads\/sites\/158\/2021\/12\/IMG_0424.jpeg 1920w\" sizes=\"auto, (max-width: 1440px) 100vw, 1440px\" \/><\/a><\/figure><\/li><li class=\"blocks-gallery-item\"><figure><a href=\"http:\/\/wpetab.ac-reunion.fr\/ravinedescabris\/wp-content\/uploads\/sites\/158\/2021\/12\/IMG_0412-rotated.jpeg\"><img loading=\"lazy\" decoding=\"async\" width=\"1920\" height=\"1440\" src=\"http:\/\/wpetab.ac-reunion.fr\/ravinedescabris\/wp-content\/uploads\/sites\/158\/2021\/12\/IMG_0412-rotated.jpeg\" alt=\"\" data-id=\"1444\" data-full-url=\"http:\/\/wpetab.ac-reunion.fr\/ravinedescabris\/wp-content\/uploads\/sites\/158\/2021\/12\/IMG_0412-rotated.jpeg\" data-link=\"https:\/\/etab.ac-reunion.fr\/clg-ravine-des-cabris\/2021\/12\/09\/les-4-novalis-aux-jo-des-taaf\/img_0412\/\" class=\"wp-image-1444\" srcset=\"https:\/\/etab.ac-reunion.fr\/clg-ravine-des-cabris\/wp-content\/uploads\/sites\/158\/2021\/12\/IMG_0412-rotated.jpeg 1920w, https:\/\/etab.ac-reunion.fr\/clg-ravine-des-cabris\/wp-content\/uploads\/sites\/158\/2021\/12\/IMG_0412-800x600.jpeg 800w, https:\/\/etab.ac-reunion.fr\/clg-ravine-des-cabris\/wp-content\/uploads\/sites\/158\/2021\/12\/IMG_0412-768x576.jpeg 768w, https:\/\/etab.ac-reunion.fr\/clg-ravine-des-cabris\/wp-content\/uploads\/sites\/158\/2021\/12\/IMG_0412-1536x1152.jpeg 1536w, https:\/\/etab.ac-reunion.fr\/clg-ravine-des-cabris\/wp-content\/uploads\/sites\/158\/2021\/12\/IMG_0412-176x132.jpeg 176w\" sizes=\"auto, (max-width: 1920px) 100vw, 1920px\" \/><\/a><\/figure><\/li><li class=\"blocks-gallery-item\"><figure><a href=\"http:\/\/wpetab.ac-reunion.fr\/ravinedescabris\/wp-content\/uploads\/sites\/158\/2021\/12\/IMG_0411.jpeg\"><img loading=\"lazy\" decoding=\"async\" width=\"1920\" height=\"1440\" src=\"http:\/\/wpetab.ac-reunion.fr\/ravinedescabris\/wp-content\/uploads\/sites\/158\/2021\/12\/IMG_0411.jpeg\" alt=\"\" data-id=\"1443\" data-full-url=\"http:\/\/wpetab.ac-reunion.fr\/ravinedescabris\/wp-content\/uploads\/sites\/158\/2021\/12\/IMG_0411.jpeg\" data-link=\"https:\/\/etab.ac-reunion.fr\/clg-ravine-des-cabris\/2021\/12\/09\/les-4-novalis-aux-jo-des-taaf\/img_0411\/\" class=\"wp-image-1443\" srcset=\"https:\/\/etab.ac-reunion.fr\/clg-ravine-des-cabris\/wp-content\/uploads\/sites\/158\/2021\/12\/IMG_0411.jpeg 1920w, https:\/\/etab.ac-reunion.fr\/clg-ravine-des-cabris\/wp-content\/uploads\/sites\/158\/2021\/12\/IMG_0411-800x600.jpeg 800w, https:\/\/etab.ac-reunion.fr\/clg-ravine-des-cabris\/wp-content\/uploads\/sites\/158\/2021\/12\/IMG_0411-768x576.jpeg 768w, https:\/\/etab.ac-reunion.fr\/clg-ravine-des-cabris\/wp-content\/uploads\/sites\/158\/2021\/12\/IMG_0411-1536x1152.jpeg 1536w, https:\/\/etab.ac-reunion.fr\/clg-ravine-des-cabris\/wp-content\/uploads\/sites\/158\/2021\/12\/IMG_0411-176x132.jpeg 176w\" sizes=\"auto, (max-width: 1920px) 100vw, 1920px\" \/><\/a><\/figure><\/li><li class=\"blocks-gallery-item\"><figure><a href=\"http:\/\/wpetab.ac-reunion.fr\/ravinedescabris\/wp-content\/uploads\/sites\/158\/2021\/12\/IMG_0433.jpeg\"><img loading=\"lazy\" decoding=\"async\" width=\"1440\" height=\"1920\" src=\"http:\/\/wpetab.ac-reunion.fr\/ravinedescabris\/wp-content\/uploads\/sites\/158\/2021\/12\/IMG_0433-1440x1920.jpeg\" alt=\"\" data-id=\"1449\" data-full-url=\"http:\/\/wpetab.ac-reunion.fr\/ravinedescabris\/wp-content\/uploads\/sites\/158\/2021\/12\/IMG_0433.jpeg\" data-link=\"https:\/\/etab.ac-reunion.fr\/clg-ravine-des-cabris\/2021\/12\/09\/les-4-novalis-aux-jo-des-taaf\/img_0433\/\" class=\"wp-image-1449\" srcset=\"https:\/\/etab.ac-reunion.fr\/clg-ravine-des-cabris\/wp-content\/uploads\/sites\/158\/2021\/12\/IMG_0433-1440x1920.jpeg 1440w, https:\/\/etab.ac-reunion.fr\/clg-ravine-des-cabris\/wp-content\/uploads\/sites\/158\/2021\/12\/IMG_0433-450x600.jpeg 450w, https:\/\/etab.ac-reunion.fr\/clg-ravine-des-cabris\/wp-content\/uploads\/sites\/158\/2021\/12\/IMG_0433-768x1024.jpeg 768w, https:\/\/etab.ac-reunion.fr\/clg-ravine-des-cabris\/wp-content\/uploads\/sites\/158\/2021\/12\/IMG_0433-1152x1536.jpeg 1152w, https:\/\/etab.ac-reunion.fr\/clg-ravine-des-cabris\/wp-content\/uploads\/sites\/158\/2021\/12\/IMG_0433-1536x2048.jpeg 1536w, https:\/\/etab.ac-reunion.fr\/clg-ravine-des-cabris\/wp-content\/uploads\/sites\/158\/2021\/12\/IMG_0433-99x132.jpeg 99w, https:\/\/etab.ac-reunion.fr\/clg-ravine-des-cabris\/wp-content\/uploads\/sites\/158\/2021\/12\/IMG_0433.jpeg 1920w\" sizes=\"auto, (max-width: 1440px) 100vw, 1440px\" \/><\/a><\/figure><\/li><li class=\"blocks-gallery-item\"><figure><a href=\"http:\/\/wpetab.ac-reunion.fr\/ravinedescabris\/wp-content\/uploads\/sites\/158\/2021\/12\/IMG_0434.jpeg\"><img loading=\"lazy\" decoding=\"async\" width=\"1440\" height=\"1920\" src=\"http:\/\/wpetab.ac-reunion.fr\/ravinedescabris\/wp-content\/uploads\/sites\/158\/2021\/12\/IMG_0434-1440x1920.jpeg\" alt=\"\" data-id=\"1450\" data-full-url=\"http:\/\/wpetab.ac-reunion.fr\/ravinedescabris\/wp-content\/uploads\/sites\/158\/2021\/12\/IMG_0434.jpeg\" data-link=\"https:\/\/etab.ac-reunion.fr\/clg-ravine-des-cabris\/2021\/12\/09\/les-4-novalis-aux-jo-des-taaf\/img_0434\/\" class=\"wp-image-1450\" srcset=\"https:\/\/etab.ac-reunion.fr\/clg-ravine-des-cabris\/wp-content\/uploads\/sites\/158\/2021\/12\/IMG_0434-1440x1920.jpeg 1440w, https:\/\/etab.ac-reunion.fr\/clg-ravine-des-cabris\/wp-content\/uploads\/sites\/158\/2021\/12\/IMG_0434-450x600.jpeg 450w, https:\/\/etab.ac-reunion.fr\/clg-ravine-des-cabris\/wp-content\/uploads\/sites\/158\/2021\/12\/IMG_0434-768x1024.jpeg 768w, https:\/\/etab.ac-reunion.fr\/clg-ravine-des-cabris\/wp-content\/uploads\/sites\/158\/2021\/12\/IMG_0434-1152x1536.jpeg 1152w, https:\/\/etab.ac-reunion.fr\/clg-ravine-des-cabris\/wp-content\/uploads\/sites\/158\/2021\/12\/IMG_0434-1536x2048.jpeg 1536w, https:\/\/etab.ac-reunion.fr\/clg-ravine-des-cabris\/wp-content\/uploads\/sites\/158\/2021\/12\/IMG_0434-99x132.jpeg 99w, https:\/\/etab.ac-reunion.fr\/clg-ravine-des-cabris\/wp-content\/uploads\/sites\/158\/2021\/12\/IMG_0434.jpeg 1920w\" sizes=\"auto, (max-width: 1440px) 100vw, 1440px\" \/><\/a><\/figure><\/li><li class=\"blocks-gallery-item\"><figure><a href=\"http:\/\/wpetab.ac-reunion.fr\/ravinedescabris\/wp-content\/uploads\/sites\/158\/2021\/12\/IMG_0438.jpeg\"><img loading=\"lazy\" decoding=\"async\" width=\"1440\" height=\"1920\" src=\"http:\/\/wpetab.ac-reunion.fr\/ravinedescabris\/wp-content\/uploads\/sites\/158\/2021\/12\/IMG_0438-1440x1920.jpeg\" alt=\"\" data-id=\"1451\" data-full-url=\"http:\/\/wpetab.ac-reunion.fr\/ravinedescabris\/wp-content\/uploads\/sites\/158\/2021\/12\/IMG_0438.jpeg\" data-link=\"https:\/\/etab.ac-reunion.fr\/clg-ravine-des-cabris\/2021\/12\/09\/les-4-novalis-aux-jo-des-taaf\/img_0438\/\" class=\"wp-image-1451\" srcset=\"https:\/\/etab.ac-reunion.fr\/clg-ravine-des-cabris\/wp-content\/uploads\/sites\/158\/2021\/12\/IMG_0438-1440x1920.jpeg 1440w, https:\/\/etab.ac-reunion.fr\/clg-ravine-des-cabris\/wp-content\/uploads\/sites\/158\/2021\/12\/IMG_0438-450x600.jpeg 450w, https:\/\/etab.ac-reunion.fr\/clg-ravine-des-cabris\/wp-content\/uploads\/sites\/158\/2021\/12\/IMG_0438-768x1024.jpeg 768w, https:\/\/etab.ac-reunion.fr\/clg-ravine-des-cabris\/wp-content\/uploads\/sites\/158\/2021\/12\/IMG_0438-1152x1536.jpeg 1152w, https:\/\/etab.ac-reunion.fr\/clg-ravine-des-cabris\/wp-content\/uploads\/sites\/158\/2021\/12\/IMG_0438-1536x2048.jpeg 1536w, https:\/\/etab.ac-reunion.fr\/clg-ravine-des-cabris\/wp-content\/uploads\/sites\/158\/2021\/12\/IMG_0438-99x132.jpeg 99w, https:\/\/etab.ac-reunion.fr\/clg-ravine-des-cabris\/wp-content\/uploads\/sites\/158\/2021\/12\/IMG_0438.jpeg 1920w\" sizes=\"auto, (max-width: 1440px) 100vw, 1440px\" \/><\/a><\/figure><\/li><li class=\"blocks-gallery-item\"><figure><a href=\"http:\/\/wpetab.ac-reunion.fr\/ravinedescabris\/wp-content\/uploads\/sites\/158\/2021\/12\/IMG_9332.jpeg\"><img loading=\"lazy\" decoding=\"async\" width=\"1920\" height=\"1440\" src=\"http:\/\/wpetab.ac-reunion.fr\/ravinedescabris\/wp-content\/uploads\/sites\/158\/2021\/12\/IMG_9332.jpeg\" alt=\"\" data-id=\"1452\" data-full-url=\"http:\/\/wpetab.ac-reunion.fr\/ravinedescabris\/wp-content\/uploads\/sites\/158\/2021\/12\/IMG_9332.jpeg\" data-link=\"https:\/\/etab.ac-reunion.fr\/clg-ravine-des-cabris\/2021\/12\/09\/les-4-novalis-aux-jo-des-taaf\/img_9332\/\" class=\"wp-image-1452\" srcset=\"https:\/\/etab.ac-reunion.fr\/clg-ravine-des-cabris\/wp-content\/uploads\/sites\/158\/2021\/12\/IMG_9332.jpeg 1920w, https:\/\/etab.ac-reunion.fr\/clg-ravine-des-cabris\/wp-content\/uploads\/sites\/158\/2021\/12\/IMG_9332-800x600.jpeg 800w, https:\/\/etab.ac-reunion.fr\/clg-ravine-des-cabris\/wp-content\/uploads\/sites\/158\/2021\/12\/IMG_9332-768x576.jpeg 768w, https:\/\/etab.ac-reunion.fr\/clg-ravine-des-cabris\/wp-content\/uploads\/sites\/158\/2021\/12\/IMG_9332-1536x1152.jpeg 1536w, https:\/\/etab.ac-reunion.fr\/clg-ravine-des-cabris\/wp-content\/uploads\/sites\/158\/2021\/12\/IMG_9332-176x132.jpeg 176w\" sizes=\"auto, (max-width: 1920px) 100vw, 1920px\" \/><\/a><\/figure><\/li><li class=\"blocks-gallery-item\"><figure><a href=\"http:\/\/wpetab.ac-reunion.fr\/ravinedescabris\/wp-content\/uploads\/sites\/158\/2021\/12\/IMG_9333.jpeg\"><img loading=\"lazy\" decoding=\"async\" width=\"1920\" height=\"1440\" src=\"http:\/\/wpetab.ac-reunion.fr\/ravinedescabris\/wp-content\/uploads\/sites\/158\/2021\/12\/IMG_9333.jpeg\" alt=\"\" data-id=\"1453\" data-full-url=\"http:\/\/wpetab.ac-reunion.fr\/ravinedescabris\/wp-content\/uploads\/sites\/158\/2021\/12\/IMG_9333.jpeg\" data-link=\"https:\/\/etab.ac-reunion.fr\/clg-ravine-des-cabris\/2021\/12\/09\/les-4-novalis-aux-jo-des-taaf\/img_9333\/\" class=\"wp-image-1453\" srcset=\"https:\/\/etab.ac-reunion.fr\/clg-ravine-des-cabris\/wp-content\/uploads\/sites\/158\/2021\/12\/IMG_9333.jpeg 1920w, https:\/\/etab.ac-reunion.fr\/clg-ravine-des-cabris\/wp-content\/uploads\/sites\/158\/2021\/12\/IMG_9333-800x600.jpeg 800w, https:\/\/etab.ac-reunion.fr\/clg-ravine-des-cabris\/wp-content\/uploads\/sites\/158\/2021\/12\/IMG_9333-768x576.jpeg 768w, https:\/\/etab.ac-reunion.fr\/clg-ravine-des-cabris\/wp-content\/uploads\/sites\/158\/2021\/12\/IMG_9333-1536x1152.jpeg 1536w, https:\/\/etab.ac-reunion.fr\/clg-ravine-des-cabris\/wp-content\/uploads\/sites\/158\/2021\/12\/IMG_9333-176x132.jpeg 176w\" sizes=\"auto, (max-width: 1920px) 100vw, 1920px\" \/><\/a><\/figure><\/li><li class=\"blocks-gallery-item\"><figure><a href=\"http:\/\/wpetab.ac-reunion.fr\/ravinedescabris\/wp-content\/uploads\/sites\/158\/2021\/12\/IMG_9390.jpeg\"><img loading=\"lazy\" decoding=\"async\" width=\"1920\" height=\"1440\" src=\"http:\/\/wpetab.ac-reunion.fr\/ravinedescabris\/wp-content\/uploads\/sites\/158\/2021\/12\/IMG_9390.jpeg\" alt=\"\" data-id=\"1458\" data-full-url=\"http:\/\/wpetab.ac-reunion.fr\/ravinedescabris\/wp-content\/uploads\/sites\/158\/2021\/12\/IMG_9390.jpeg\" data-link=\"https:\/\/etab.ac-reunion.fr\/clg-ravine-des-cabris\/2021\/12\/09\/les-4-novalis-aux-jo-des-taaf\/img_9390\/\" class=\"wp-image-1458\" srcset=\"https:\/\/etab.ac-reunion.fr\/clg-ravine-des-cabris\/wp-content\/uploads\/sites\/158\/2021\/12\/IMG_9390.jpeg 1920w, https:\/\/etab.ac-reunion.fr\/clg-ravine-des-cabris\/wp-content\/uploads\/sites\/158\/2021\/12\/IMG_9390-800x600.jpeg 800w, https:\/\/etab.ac-reunion.fr\/clg-ravine-des-cabris\/wp-content\/uploads\/sites\/158\/2021\/12\/IMG_9390-768x576.jpeg 768w, https:\/\/etab.ac-reunion.fr\/clg-ravine-des-cabris\/wp-content\/uploads\/sites\/158\/2021\/12\/IMG_9390-1536x1152.jpeg 1536w, https:\/\/etab.ac-reunion.fr\/clg-ravine-des-cabris\/wp-content\/uploads\/sites\/158\/2021\/12\/IMG_9390-176x132.jpeg 176w\" sizes=\"auto, (max-width: 1920px) 100vw, 1920px\" \/><\/a><\/figure><\/li><li class=\"blocks-gallery-item\"><figure><a href=\"http:\/\/wpetab.ac-reunion.fr\/ravinedescabris\/wp-content\/uploads\/sites\/158\/2021\/12\/IMG_9338.jpeg\"><img loading=\"lazy\" decoding=\"async\" width=\"1920\" height=\"1440\" src=\"http:\/\/wpetab.ac-reunion.fr\/ravinedescabris\/wp-content\/uploads\/sites\/158\/2021\/12\/IMG_9338.jpeg\" alt=\"\" data-id=\"1457\" data-full-url=\"http:\/\/wpetab.ac-reunion.fr\/ravinedescabris\/wp-content\/uploads\/sites\/158\/2021\/12\/IMG_9338.jpeg\" data-link=\"https:\/\/etab.ac-reunion.fr\/clg-ravine-des-cabris\/2021\/12\/09\/les-4-novalis-aux-jo-des-taaf\/img_9338\/\" class=\"wp-image-1457\" srcset=\"https:\/\/etab.ac-reunion.fr\/clg-ravine-des-cabris\/wp-content\/uploads\/sites\/158\/2021\/12\/IMG_9338.jpeg 1920w, https:\/\/etab.ac-reunion.fr\/clg-ravine-des-cabris\/wp-content\/uploads\/sites\/158\/2021\/12\/IMG_9338-800x600.jpeg 800w, https:\/\/etab.ac-reunion.fr\/clg-ravine-des-cabris\/wp-content\/uploads\/sites\/158\/2021\/12\/IMG_9338-768x576.jpeg 768w, https:\/\/etab.ac-reunion.fr\/clg-ravine-des-cabris\/wp-content\/uploads\/sites\/158\/2021\/12\/IMG_9338-1536x1152.jpeg 1536w, https:\/\/etab.ac-reunion.fr\/clg-ravine-des-cabris\/wp-content\/uploads\/sites\/158\/2021\/12\/IMG_9338-176x132.jpeg 176w\" sizes=\"auto, (max-width: 1920px) 100vw, 1920px\" \/><\/a><\/figure><\/li><li class=\"blocks-gallery-item\"><figure><a href=\"http:\/\/wpetab.ac-reunion.fr\/ravinedescabris\/wp-content\/uploads\/sites\/158\/2021\/12\/IMG_9337.jpeg\"><img loading=\"lazy\" decoding=\"async\" width=\"1920\" height=\"1440\" src=\"http:\/\/wpetab.ac-reunion.fr\/ravinedescabris\/wp-content\/uploads\/sites\/158\/2021\/12\/IMG_9337.jpeg\" alt=\"\" data-id=\"1456\" data-full-url=\"http:\/\/wpetab.ac-reunion.fr\/ravinedescabris\/wp-content\/uploads\/sites\/158\/2021\/12\/IMG_9337.jpeg\" data-link=\"https:\/\/etab.ac-reunion.fr\/clg-ravine-des-cabris\/2021\/12\/09\/les-4-novalis-aux-jo-des-taaf\/img_9337\/\" class=\"wp-image-1456\" srcset=\"https:\/\/etab.ac-reunion.fr\/clg-ravine-des-cabris\/wp-content\/uploads\/sites\/158\/2021\/12\/IMG_9337.jpeg 1920w, https:\/\/etab.ac-reunion.fr\/clg-ravine-des-cabris\/wp-content\/uploads\/sites\/158\/2021\/12\/IMG_9337-800x600.jpeg 800w, https:\/\/etab.ac-reunion.fr\/clg-ravine-des-cabris\/wp-content\/uploads\/sites\/158\/2021\/12\/IMG_9337-768x576.jpeg 768w, https:\/\/etab.ac-reunion.fr\/clg-ravine-des-cabris\/wp-content\/uploads\/sites\/158\/2021\/12\/IMG_9337-1536x1152.jpeg 1536w, https:\/\/etab.ac-reunion.fr\/clg-ravine-des-cabris\/wp-content\/uploads\/sites\/158\/2021\/12\/IMG_9337-176x132.jpeg 176w\" sizes=\"auto, (max-width: 1920px) 100vw, 1920px\" \/><\/a><\/figure><\/li><li class=\"blocks-gallery-item\"><figure><a href=\"http:\/\/wpetab.ac-reunion.fr\/ravinedescabris\/wp-content\/uploads\/sites\/158\/2021\/12\/IMG_9336.jpeg\"><img loading=\"lazy\" decoding=\"async\" width=\"1920\" height=\"1440\" src=\"http:\/\/wpetab.ac-reunion.fr\/ravinedescabris\/wp-content\/uploads\/sites\/158\/2021\/12\/IMG_9336.jpeg\" alt=\"\" data-id=\"1455\" data-full-url=\"http:\/\/wpetab.ac-reunion.fr\/ravinedescabris\/wp-content\/uploads\/sites\/158\/2021\/12\/IMG_9336.jpeg\" data-link=\"https:\/\/etab.ac-reunion.fr\/clg-ravine-des-cabris\/2021\/12\/09\/les-4-novalis-aux-jo-des-taaf\/img_9336\/\" class=\"wp-image-1455\" srcset=\"https:\/\/etab.ac-reunion.fr\/clg-ravine-des-cabris\/wp-content\/uploads\/sites\/158\/2021\/12\/IMG_9336.jpeg 1920w, https:\/\/etab.ac-reunion.fr\/clg-ravine-des-cabris\/wp-content\/uploads\/sites\/158\/2021\/12\/IMG_9336-800x600.jpeg 800w, https:\/\/etab.ac-reunion.fr\/clg-ravine-des-cabris\/wp-content\/uploads\/sites\/158\/2021\/12\/IMG_9336-768x576.jpeg 768w, https:\/\/etab.ac-reunion.fr\/clg-ravine-des-cabris\/wp-content\/uploads\/sites\/158\/2021\/12\/IMG_9336-1536x1152.jpeg 1536w, https:\/\/etab.ac-reunion.fr\/clg-ravine-des-cabris\/wp-content\/uploads\/sites\/158\/2021\/12\/IMG_9336-176x132.jpeg 176w\" sizes=\"auto, (max-width: 1920px) 100vw, 1920px\" \/><\/a><\/figure><\/li><li class=\"blocks-gallery-item\"><figure><a href=\"http:\/\/wpetab.ac-reunion.fr\/ravinedescabris\/wp-content\/uploads\/sites\/158\/2021\/12\/IMG_9334.jpeg\"><img loading=\"lazy\" decoding=\"async\" width=\"1920\" height=\"1440\" src=\"http:\/\/wpetab.ac-reunion.fr\/ravinedescabris\/wp-content\/uploads\/sites\/158\/2021\/12\/IMG_9334.jpeg\" alt=\"\" data-id=\"1454\" data-full-url=\"http:\/\/wpetab.ac-reunion.fr\/ravinedescabris\/wp-content\/uploads\/sites\/158\/2021\/12\/IMG_9334.jpeg\" data-link=\"https:\/\/etab.ac-reunion.fr\/clg-ravine-des-cabris\/2021\/12\/09\/les-4-novalis-aux-jo-des-taaf\/img_9334\/\" class=\"wp-image-1454\" srcset=\"https:\/\/etab.ac-reunion.fr\/clg-ravine-des-cabris\/wp-content\/uploads\/sites\/158\/2021\/12\/IMG_9334.jpeg 1920w, https:\/\/etab.ac-reunion.fr\/clg-ravine-des-cabris\/wp-content\/uploads\/sites\/158\/2021\/12\/IMG_9334-800x600.jpeg 800w, https:\/\/etab.ac-reunion.fr\/clg-ravine-des-cabris\/wp-content\/uploads\/sites\/158\/2021\/12\/IMG_9334-768x576.jpeg 768w, https:\/\/etab.ac-reunion.fr\/clg-ravine-des-cabris\/wp-content\/uploads\/sites\/158\/2021\/12\/IMG_9334-1536x1152.jpeg 1536w, https:\/\/etab.ac-reunion.fr\/clg-ravine-des-cabris\/wp-content\/uploads\/sites\/158\/2021\/12\/IMG_9334-176x132.jpeg 176w\" sizes=\"auto, (max-width: 1920px) 100vw, 1920px\" \/><\/a><\/figure><\/li><li class=\"blocks-gallery-item\"><figure><a href=\"http:\/\/wpetab.ac-reunion.fr\/ravinedescabris\/wp-content\/uploads\/sites\/158\/2021\/12\/IMG_9392.jpeg\"><img loading=\"lazy\" decoding=\"async\" width=\"1920\" height=\"1440\" src=\"http:\/\/wpetab.ac-reunion.fr\/ravinedescabris\/wp-content\/uploads\/sites\/158\/2021\/12\/IMG_9392.jpeg\" alt=\"\" data-id=\"1459\" data-full-url=\"http:\/\/wpetab.ac-reunion.fr\/ravinedescabris\/wp-content\/uploads\/sites\/158\/2021\/12\/IMG_9392.jpeg\" data-link=\"https:\/\/etab.ac-reunion.fr\/clg-ravine-des-cabris\/2021\/12\/09\/les-4-novalis-aux-jo-des-taaf\/img_9392\/\" class=\"wp-image-1459\" srcset=\"https:\/\/etab.ac-reunion.fr\/clg-ravine-des-cabris\/wp-content\/uploads\/sites\/158\/2021\/12\/IMG_9392.jpeg 1920w, https:\/\/etab.ac-reunion.fr\/clg-ravine-des-cabris\/wp-content\/uploads\/sites\/158\/2021\/12\/IMG_9392-800x600.jpeg 800w, https:\/\/etab.ac-reunion.fr\/clg-ravine-des-cabris\/wp-content\/uploads\/sites\/158\/2021\/12\/IMG_9392-768x576.jpeg 768w, https:\/\/etab.ac-reunion.fr\/clg-ravine-des-cabris\/wp-content\/uploads\/sites\/158\/2021\/12\/IMG_9392-1536x1152.jpeg 1536w, https:\/\/etab.ac-reunion.fr\/clg-ravine-des-cabris\/wp-content\/uploads\/sites\/158\/2021\/12\/IMG_9392-176x132.jpeg 176w\" sizes=\"auto, (max-width: 1920px) 100vw, 1920px\" \/><\/a><\/figure><\/li><li class=\"blocks-gallery-item\"><figure><a href=\"http:\/\/wpetab.ac-reunion.fr\/ravinedescabris\/wp-content\/uploads\/sites\/158\/2021\/12\/IMG_9393.jpeg\"><img loading=\"lazy\" decoding=\"async\" width=\"1920\" height=\"1440\" src=\"http:\/\/wpetab.ac-reunion.fr\/ravinedescabris\/wp-content\/uploads\/sites\/158\/2021\/12\/IMG_9393.jpeg\" alt=\"\" data-id=\"1460\" data-full-url=\"http:\/\/wpetab.ac-reunion.fr\/ravinedescabris\/wp-content\/uploads\/sites\/158\/2021\/12\/IMG_9393.jpeg\" data-link=\"https:\/\/etab.ac-reunion.fr\/clg-ravine-des-cabris\/2021\/12\/09\/les-4-novalis-aux-jo-des-taaf\/img_9393\/\" class=\"wp-image-1460\" srcset=\"https:\/\/etab.ac-reunion.fr\/clg-ravine-des-cabris\/wp-content\/uploads\/sites\/158\/2021\/12\/IMG_9393.jpeg 1920w, https:\/\/etab.ac-reunion.fr\/clg-ravine-des-cabris\/wp-content\/uploads\/sites\/158\/2021\/12\/IMG_9393-800x600.jpeg 800w, https:\/\/etab.ac-reunion.fr\/clg-ravine-des-cabris\/wp-content\/uploads\/sites\/158\/2021\/12\/IMG_9393-768x576.jpeg 768w, https:\/\/etab.ac-reunion.fr\/clg-ravine-des-cabris\/wp-content\/uploads\/sites\/158\/2021\/12\/IMG_9393-1536x1152.jpeg 1536w, https:\/\/etab.ac-reunion.fr\/clg-ravine-des-cabris\/wp-content\/uploads\/sites\/158\/2021\/12\/IMG_9393-176x132.jpeg 176w\" sizes=\"auto, (max-width: 1920px) 100vw, 1920px\" \/><\/a><\/figure><\/li><li class=\"blocks-gallery-item\"><figure><a href=\"http:\/\/wpetab.ac-reunion.fr\/ravinedescabris\/wp-content\/uploads\/sites\/158\/2021\/12\/IMG_9394.jpeg\"><img loading=\"lazy\" decoding=\"async\" width=\"1920\" height=\"1440\" src=\"http:\/\/wpetab.ac-reunion.fr\/ravinedescabris\/wp-content\/uploads\/sites\/158\/2021\/12\/IMG_9394.jpeg\" alt=\"\" data-id=\"1461\" data-full-url=\"http:\/\/wpetab.ac-reunion.fr\/ravinedescabris\/wp-content\/uploads\/sites\/158\/2021\/12\/IMG_9394.jpeg\" data-link=\"https:\/\/etab.ac-reunion.fr\/clg-ravine-des-cabris\/2021\/12\/09\/les-4-novalis-aux-jo-des-taaf\/img_9394\/\" class=\"wp-image-1461\" srcset=\"https:\/\/etab.ac-reunion.fr\/clg-ravine-des-cabris\/wp-content\/uploads\/sites\/158\/2021\/12\/IMG_9394.jpeg 1920w, https:\/\/etab.ac-reunion.fr\/clg-ravine-des-cabris\/wp-content\/uploads\/sites\/158\/2021\/12\/IMG_9394-800x600.jpeg 800w, https:\/\/etab.ac-reunion.fr\/clg-ravine-des-cabris\/wp-content\/uploads\/sites\/158\/2021\/12\/IMG_9394-768x576.jpeg 768w, https:\/\/etab.ac-reunion.fr\/clg-ravine-des-cabris\/wp-content\/uploads\/sites\/158\/2021\/12\/IMG_9394-1536x1152.jpeg 1536w, https:\/\/etab.ac-reunion.fr\/clg-ravine-des-cabris\/wp-content\/uploads\/sites\/158\/2021\/12\/IMG_9394-176x132.jpeg 176w\" sizes=\"auto, (max-width: 1920px) 100vw, 1920px\" \/><\/a><\/figure><\/li><li class=\"blocks-gallery-item\"><figure><a href=\"http:\/\/wpetab.ac-reunion.fr\/ravinedescabris\/wp-content\/uploads\/sites\/158\/2021\/12\/IMG_9397.jpeg\"><img loading=\"lazy\" decoding=\"async\" width=\"1920\" height=\"1440\" src=\"http:\/\/wpetab.ac-reunion.fr\/ravinedescabris\/wp-content\/uploads\/sites\/158\/2021\/12\/IMG_9397.jpeg\" alt=\"\" data-id=\"1462\" data-full-url=\"http:\/\/wpetab.ac-reunion.fr\/ravinedescabris\/wp-content\/uploads\/sites\/158\/2021\/12\/IMG_9397.jpeg\" data-link=\"https:\/\/etab.ac-reunion.fr\/clg-ravine-des-cabris\/2021\/12\/09\/les-4-novalis-aux-jo-des-taaf\/img_9397\/\" class=\"wp-image-1462\" srcset=\"https:\/\/etab.ac-reunion.fr\/clg-ravine-des-cabris\/wp-content\/uploads\/sites\/158\/2021\/12\/IMG_9397.jpeg 1920w, https:\/\/etab.ac-reunion.fr\/clg-ravine-des-cabris\/wp-content\/uploads\/sites\/158\/2021\/12\/IMG_9397-800x600.jpeg 800w, https:\/\/etab.ac-reunion.fr\/clg-ravine-des-cabris\/wp-content\/uploads\/sites\/158\/2021\/12\/IMG_9397-768x576.jpeg 768w, https:\/\/etab.ac-reunion.fr\/clg-ravine-des-cabris\/wp-content\/uploads\/sites\/158\/2021\/12\/IMG_9397-1536x1152.jpeg 1536w, https:\/\/etab.ac-reunion.fr\/clg-ravine-des-cabris\/wp-content\/uploads\/sites\/158\/2021\/12\/IMG_9397-176x132.jpeg 176w\" sizes=\"auto, (max-width: 1920px) 100vw, 1920px\" \/><\/a><\/figure><\/li><li class=\"blocks-gallery-item\"><figure><a href=\"http:\/\/wpetab.ac-reunion.fr\/ravinedescabris\/wp-content\/uploads\/sites\/158\/2021\/12\/IMG_9398.jpeg\"><img loading=\"lazy\" decoding=\"async\" width=\"1920\" height=\"1440\" src=\"http:\/\/wpetab.ac-reunion.fr\/ravinedescabris\/wp-content\/uploads\/sites\/158\/2021\/12\/IMG_9398.jpeg\" alt=\"\" data-id=\"1463\" data-full-url=\"http:\/\/wpetab.ac-reunion.fr\/ravinedescabris\/wp-content\/uploads\/sites\/158\/2021\/12\/IMG_9398.jpeg\" data-link=\"https:\/\/etab.ac-reunion.fr\/clg-ravine-des-cabris\/2021\/12\/09\/les-4-novalis-aux-jo-des-taaf\/img_9398\/\" class=\"wp-image-1463\" srcset=\"https:\/\/etab.ac-reunion.fr\/clg-ravine-des-cabris\/wp-content\/uploads\/sites\/158\/2021\/12\/IMG_9398.jpeg 1920w, https:\/\/etab.ac-reunion.fr\/clg-ravine-des-cabris\/wp-content\/uploads\/sites\/158\/2021\/12\/IMG_9398-800x600.jpeg 800w, https:\/\/etab.ac-reunion.fr\/clg-ravine-des-cabris\/wp-content\/uploads\/sites\/158\/2021\/12\/IMG_9398-768x576.jpeg 768w, https:\/\/etab.ac-reunion.fr\/clg-ravine-des-cabris\/wp-content\/uploads\/sites\/158\/2021\/12\/IMG_9398-1536x1152.jpeg 1536w, https:\/\/etab.ac-reunion.fr\/clg-ravine-des-cabris\/wp-content\/uploads\/sites\/158\/2021\/12\/IMG_9398-176x132.jpeg 176w\" sizes=\"auto, (max-width: 1920px) 100vw, 1920px\" \/><\/a><\/figure><\/li><li class=\"blocks-gallery-item\"><figure><a href=\"http:\/\/wpetab.ac-reunion.fr\/ravinedescabris\/wp-content\/uploads\/sites\/158\/2021\/12\/IMG_9404.jpeg\"><img loading=\"lazy\" decoding=\"async\" width=\"1920\" height=\"1440\" src=\"http:\/\/wpetab.ac-reunion.fr\/ravinedescabris\/wp-content\/uploads\/sites\/158\/2021\/12\/IMG_9404.jpeg\" alt=\"\" data-id=\"1468\" data-full-url=\"http:\/\/wpetab.ac-reunion.fr\/ravinedescabris\/wp-content\/uploads\/sites\/158\/2021\/12\/IMG_9404.jpeg\" data-link=\"https:\/\/etab.ac-reunion.fr\/clg-ravine-des-cabris\/2021\/12\/09\/les-4-novalis-aux-jo-des-taaf\/img_9404\/\" class=\"wp-image-1468\" srcset=\"https:\/\/etab.ac-reunion.fr\/clg-ravine-des-cabris\/wp-content\/uploads\/sites\/158\/2021\/12\/IMG_9404.jpeg 1920w, https:\/\/etab.ac-reunion.fr\/clg-ravine-des-cabris\/wp-content\/uploads\/sites\/158\/2021\/12\/IMG_9404-800x600.jpeg 800w, https:\/\/etab.ac-reunion.fr\/clg-ravine-des-cabris\/wp-content\/uploads\/sites\/158\/2021\/12\/IMG_9404-768x576.jpeg 768w, https:\/\/etab.ac-reunion.fr\/clg-ravine-des-cabris\/wp-content\/uploads\/sites\/158\/2021\/12\/IMG_9404-1536x1152.jpeg 1536w, https:\/\/etab.ac-reunion.fr\/clg-ravine-des-cabris\/wp-content\/uploads\/sites\/158\/2021\/12\/IMG_9404-176x132.jpeg 176w\" sizes=\"auto, (max-width: 1920px) 100vw, 1920px\" \/><\/a><\/figure><\/li><li class=\"blocks-gallery-item\"><figure><a href=\"http:\/\/wpetab.ac-reunion.fr\/ravinedescabris\/wp-content\/uploads\/sites\/158\/2021\/12\/IMG_9403.jpeg\"><img loading=\"lazy\" decoding=\"async\" width=\"1920\" height=\"1440\" src=\"http:\/\/wpetab.ac-reunion.fr\/ravinedescabris\/wp-content\/uploads\/sites\/158\/2021\/12\/IMG_9403.jpeg\" alt=\"\" data-id=\"1467\" data-full-url=\"http:\/\/wpetab.ac-reunion.fr\/ravinedescabris\/wp-content\/uploads\/sites\/158\/2021\/12\/IMG_9403.jpeg\" data-link=\"https:\/\/etab.ac-reunion.fr\/clg-ravine-des-cabris\/2021\/12\/09\/les-4-novalis-aux-jo-des-taaf\/img_9403\/\" class=\"wp-image-1467\" srcset=\"https:\/\/etab.ac-reunion.fr\/clg-ravine-des-cabris\/wp-content\/uploads\/sites\/158\/2021\/12\/IMG_9403.jpeg 1920w, https:\/\/etab.ac-reunion.fr\/clg-ravine-des-cabris\/wp-content\/uploads\/sites\/158\/2021\/12\/IMG_9403-800x600.jpeg 800w, https:\/\/etab.ac-reunion.fr\/clg-ravine-des-cabris\/wp-content\/uploads\/sites\/158\/2021\/12\/IMG_9403-768x576.jpeg 768w, https:\/\/etab.ac-reunion.fr\/clg-ravine-des-cabris\/wp-content\/uploads\/sites\/158\/2021\/12\/IMG_9403-1536x1152.jpeg 1536w, https:\/\/etab.ac-reunion.fr\/clg-ravine-des-cabris\/wp-content\/uploads\/sites\/158\/2021\/12\/IMG_9403-176x132.jpeg 176w\" sizes=\"auto, (max-width: 1920px) 100vw, 1920px\" \/><\/a><\/figure><\/li><li class=\"blocks-gallery-item\"><figure><a href=\"http:\/\/wpetab.ac-reunion.fr\/ravinedescabris\/wp-content\/uploads\/sites\/158\/2021\/12\/IMG_9402.jpeg\"><img loading=\"lazy\" decoding=\"async\" width=\"1440\" height=\"1920\" src=\"http:\/\/wpetab.ac-reunion.fr\/ravinedescabris\/wp-content\/uploads\/sites\/158\/2021\/12\/IMG_9402-1440x1920.jpeg\" alt=\"\" data-id=\"1466\" data-full-url=\"http:\/\/wpetab.ac-reunion.fr\/ravinedescabris\/wp-content\/uploads\/sites\/158\/2021\/12\/IMG_9402.jpeg\" data-link=\"https:\/\/etab.ac-reunion.fr\/clg-ravine-des-cabris\/2021\/12\/09\/les-4-novalis-aux-jo-des-taaf\/img_9402\/\" class=\"wp-image-1466\" srcset=\"https:\/\/etab.ac-reunion.fr\/clg-ravine-des-cabris\/wp-content\/uploads\/sites\/158\/2021\/12\/IMG_9402-1440x1920.jpeg 1440w, https:\/\/etab.ac-reunion.fr\/clg-ravine-des-cabris\/wp-content\/uploads\/sites\/158\/2021\/12\/IMG_9402-450x600.jpeg 450w, https:\/\/etab.ac-reunion.fr\/clg-ravine-des-cabris\/wp-content\/uploads\/sites\/158\/2021\/12\/IMG_9402-768x1024.jpeg 768w, https:\/\/etab.ac-reunion.fr\/clg-ravine-des-cabris\/wp-content\/uploads\/sites\/158\/2021\/12\/IMG_9402-1152x1536.jpeg 1152w, https:\/\/etab.ac-reunion.fr\/clg-ravine-des-cabris\/wp-content\/uploads\/sites\/158\/2021\/12\/IMG_9402-1536x2048.jpeg 1536w, https:\/\/etab.ac-reunion.fr\/clg-ravine-des-cabris\/wp-content\/uploads\/sites\/158\/2021\/12\/IMG_9402-99x132.jpeg 99w, https:\/\/etab.ac-reunion.fr\/clg-ravine-des-cabris\/wp-content\/uploads\/sites\/158\/2021\/12\/IMG_9402.jpeg 1920w\" sizes=\"auto, (max-width: 1440px) 100vw, 1440px\" \/><\/a><\/figure><\/li><li class=\"blocks-gallery-item\"><figure><a href=\"http:\/\/wpetab.ac-reunion.fr\/ravinedescabris\/wp-content\/uploads\/sites\/158\/2021\/12\/IMG_9400.jpeg\"><img loading=\"lazy\" decoding=\"async\" width=\"1920\" height=\"1440\" src=\"http:\/\/wpetab.ac-reunion.fr\/ravinedescabris\/wp-content\/uploads\/sites\/158\/2021\/12\/IMG_9400.jpeg\" alt=\"\" data-id=\"1465\" data-full-url=\"http:\/\/wpetab.ac-reunion.fr\/ravinedescabris\/wp-content\/uploads\/sites\/158\/2021\/12\/IMG_9400.jpeg\" data-link=\"https:\/\/etab.ac-reunion.fr\/clg-ravine-des-cabris\/2021\/12\/09\/les-4-novalis-aux-jo-des-taaf\/img_9400\/\" class=\"wp-image-1465\" srcset=\"https:\/\/etab.ac-reunion.fr\/clg-ravine-des-cabris\/wp-content\/uploads\/sites\/158\/2021\/12\/IMG_9400.jpeg 1920w, https:\/\/etab.ac-reunion.fr\/clg-ravine-des-cabris\/wp-content\/uploads\/sites\/158\/2021\/12\/IMG_9400-800x600.jpeg 800w, https:\/\/etab.ac-reunion.fr\/clg-ravine-des-cabris\/wp-content\/uploads\/sites\/158\/2021\/12\/IMG_9400-768x576.jpeg 768w, https:\/\/etab.ac-reunion.fr\/clg-ravine-des-cabris\/wp-content\/uploads\/sites\/158\/2021\/12\/IMG_9400-1536x1152.jpeg 1536w, https:\/\/etab.ac-reunion.fr\/clg-ravine-des-cabris\/wp-content\/uploads\/sites\/158\/2021\/12\/IMG_9400-176x132.jpeg 176w\" sizes=\"auto, (max-width: 1920px) 100vw, 1920px\" \/><\/a><\/figure><\/li><li class=\"blocks-gallery-item\"><figure><a href=\"http:\/\/wpetab.ac-reunion.fr\/ravinedescabris\/wp-content\/uploads\/sites\/158\/2021\/12\/IMG_9399.jpeg\"><img loading=\"lazy\" decoding=\"async\" width=\"1920\" height=\"1440\" src=\"http:\/\/wpetab.ac-reunion.fr\/ravinedescabris\/wp-content\/uploads\/sites\/158\/2021\/12\/IMG_9399.jpeg\" alt=\"\" data-id=\"1464\" data-full-url=\"http:\/\/wpetab.ac-reunion.fr\/ravinedescabris\/wp-content\/uploads\/sites\/158\/2021\/12\/IMG_9399.jpeg\" data-link=\"https:\/\/etab.ac-reunion.fr\/clg-ravine-des-cabris\/2021\/12\/09\/les-4-novalis-aux-jo-des-taaf\/img_9399\/\" class=\"wp-image-1464\" srcset=\"https:\/\/etab.ac-reunion.fr\/clg-ravine-des-cabris\/wp-content\/uploads\/sites\/158\/2021\/12\/IMG_9399.jpeg 1920w, https:\/\/etab.ac-reunion.fr\/clg-ravine-des-cabris\/wp-content\/uploads\/sites\/158\/2021\/12\/IMG_9399-800x600.jpeg 800w, https:\/\/etab.ac-reunion.fr\/clg-ravine-des-cabris\/wp-content\/uploads\/sites\/158\/2021\/12\/IMG_9399-768x576.jpeg 768w, https:\/\/etab.ac-reunion.fr\/clg-ravine-des-cabris\/wp-content\/uploads\/sites\/158\/2021\/12\/IMG_9399-1536x1152.jpeg 1536w, https:\/\/etab.ac-reunion.fr\/clg-ravine-des-cabris\/wp-content\/uploads\/sites\/158\/2021\/12\/IMG_9399-176x132.jpeg 176w\" sizes=\"auto, (max-width: 1920px) 100vw, 1920px\" \/><\/a><\/figure><\/li><li class=\"blocks-gallery-item\"><figure><a href=\"http:\/\/wpetab.ac-reunion.fr\/ravinedescabris\/wp-content\/uploads\/sites\/158\/2021\/12\/IMG_9408.jpeg\"><img loading=\"lazy\" decoding=\"async\" width=\"1920\" height=\"1440\" src=\"http:\/\/wpetab.ac-reunion.fr\/ravinedescabris\/wp-content\/uploads\/sites\/158\/2021\/12\/IMG_9408.jpeg\" alt=\"\" data-id=\"1469\" data-full-url=\"http:\/\/wpetab.ac-reunion.fr\/ravinedescabris\/wp-content\/uploads\/sites\/158\/2021\/12\/IMG_9408.jpeg\" data-link=\"https:\/\/etab.ac-reunion.fr\/clg-ravine-des-cabris\/2021\/12\/09\/les-4-novalis-aux-jo-des-taaf\/img_9408\/\" class=\"wp-image-1469\" srcset=\"https:\/\/etab.ac-reunion.fr\/clg-ravine-des-cabris\/wp-content\/uploads\/sites\/158\/2021\/12\/IMG_9408.jpeg 1920w, https:\/\/etab.ac-reunion.fr\/clg-ravine-des-cabris\/wp-content\/uploads\/sites\/158\/2021\/12\/IMG_9408-800x600.jpeg 800w, https:\/\/etab.ac-reunion.fr\/clg-ravine-des-cabris\/wp-content\/uploads\/sites\/158\/2021\/12\/IMG_9408-768x576.jpeg 768w, https:\/\/etab.ac-reunion.fr\/clg-ravine-des-cabris\/wp-content\/uploads\/sites\/158\/2021\/12\/IMG_9408-1536x1152.jpeg 1536w, https:\/\/etab.ac-reunion.fr\/clg-ravine-des-cabris\/wp-content\/uploads\/sites\/158\/2021\/12\/IMG_9408-176x132.jpeg 176w\" sizes=\"auto, (max-width: 1920px) 100vw, 1920px\" \/><\/a><\/figure><\/li><li class=\"blocks-gallery-item\"><figure><a href=\"http:\/\/wpetab.ac-reunion.fr\/ravinedescabris\/wp-content\/uploads\/sites\/158\/2021\/12\/IMG_9410.jpeg\"><img loading=\"lazy\" decoding=\"async\" width=\"1920\" height=\"1440\" src=\"http:\/\/wpetab.ac-reunion.fr\/ravinedescabris\/wp-content\/uploads\/sites\/158\/2021\/12\/IMG_9410.jpeg\" alt=\"\" data-id=\"1470\" data-full-url=\"http:\/\/wpetab.ac-reunion.fr\/ravinedescabris\/wp-content\/uploads\/sites\/158\/2021\/12\/IMG_9410.jpeg\" data-link=\"https:\/\/etab.ac-reunion.fr\/clg-ravine-des-cabris\/2021\/12\/09\/les-4-novalis-aux-jo-des-taaf\/img_9410\/\" class=\"wp-image-1470\" srcset=\"https:\/\/etab.ac-reunion.fr\/clg-ravine-des-cabris\/wp-content\/uploads\/sites\/158\/2021\/12\/IMG_9410.jpeg 1920w, https:\/\/etab.ac-reunion.fr\/clg-ravine-des-cabris\/wp-content\/uploads\/sites\/158\/2021\/12\/IMG_9410-800x600.jpeg 800w, https:\/\/etab.ac-reunion.fr\/clg-ravine-des-cabris\/wp-content\/uploads\/sites\/158\/2021\/12\/IMG_9410-768x576.jpeg 768w, https:\/\/etab.ac-reunion.fr\/clg-ravine-des-cabris\/wp-content\/uploads\/sites\/158\/2021\/12\/IMG_9410-1536x1152.jpeg 1536w, https:\/\/etab.ac-reunion.fr\/clg-ravine-des-cabris\/wp-content\/uploads\/sites\/158\/2021\/12\/IMG_9410-176x132.jpeg 176w\" sizes=\"auto, (max-width: 1920px) 100vw, 1920px\" \/><\/a><\/figure><\/li><li class=\"blocks-gallery-item\"><figure><a href=\"http:\/\/wpetab.ac-reunion.fr\/ravinedescabris\/wp-content\/uploads\/sites\/158\/2021\/12\/IMG_9412.jpeg\"><img loading=\"lazy\" decoding=\"async\" width=\"1920\" height=\"1440\" src=\"http:\/\/wpetab.ac-reunion.fr\/ravinedescabris\/wp-content\/uploads\/sites\/158\/2021\/12\/IMG_9412.jpeg\" alt=\"\" data-id=\"1471\" data-full-url=\"http:\/\/wpetab.ac-reunion.fr\/ravinedescabris\/wp-content\/uploads\/sites\/158\/2021\/12\/IMG_9412.jpeg\" data-link=\"https:\/\/etab.ac-reunion.fr\/clg-ravine-des-cabris\/2021\/12\/09\/les-4-novalis-aux-jo-des-taaf\/img_9412\/\" class=\"wp-image-1471\" srcset=\"https:\/\/etab.ac-reunion.fr\/clg-ravine-des-cabris\/wp-content\/uploads\/sites\/158\/2021\/12\/IMG_9412.jpeg 1920w, https:\/\/etab.ac-reunion.fr\/clg-ravine-des-cabris\/wp-content\/uploads\/sites\/158\/2021\/12\/IMG_9412-800x600.jpeg 800w, https:\/\/etab.ac-reunion.fr\/clg-ravine-des-cabris\/wp-content\/uploads\/sites\/158\/2021\/12\/IMG_9412-768x576.jpeg 768w, https:\/\/etab.ac-reunion.fr\/clg-ravine-des-cabris\/wp-content\/uploads\/sites\/158\/2021\/12\/IMG_9412-1536x1152.jpeg 1536w, https:\/\/etab.ac-reunion.fr\/clg-ravine-des-cabris\/wp-content\/uploads\/sites\/158\/2021\/12\/IMG_9412-176x132.jpeg 176w\" sizes=\"auto, (max-width: 1920px) 100vw, 1920px\" \/><\/a><\/figure><\/li><li class=\"blocks-gallery-item\"><figure><a href=\"http:\/\/wpetab.ac-reunion.fr\/ravinedescabris\/wp-content\/uploads\/sites\/158\/2021\/12\/IMG_9413.jpeg\"><img loading=\"lazy\" decoding=\"async\" width=\"1920\" height=\"1440\" src=\"http:\/\/wpetab.ac-reunion.fr\/ravinedescabris\/wp-content\/uploads\/sites\/158\/2021\/12\/IMG_9413.jpeg\" alt=\"\" data-id=\"1472\" data-full-url=\"http:\/\/wpetab.ac-reunion.fr\/ravinedescabris\/wp-content\/uploads\/sites\/158\/2021\/12\/IMG_9413.jpeg\" data-link=\"https:\/\/etab.ac-reunion.fr\/clg-ravine-des-cabris\/2021\/12\/09\/les-4-novalis-aux-jo-des-taaf\/img_9413\/\" class=\"wp-image-1472\" srcset=\"https:\/\/etab.ac-reunion.fr\/clg-ravine-des-cabris\/wp-content\/uploads\/sites\/158\/2021\/12\/IMG_9413.jpeg 1920w, https:\/\/etab.ac-reunion.fr\/clg-ravine-des-cabris\/wp-content\/uploads\/sites\/158\/2021\/12\/IMG_9413-800x600.jpeg 800w, https:\/\/etab.ac-reunion.fr\/clg-ravine-des-cabris\/wp-content\/uploads\/sites\/158\/2021\/12\/IMG_9413-768x576.jpeg 768w, https:\/\/etab.ac-reunion.fr\/clg-ravine-des-cabris\/wp-content\/uploads\/sites\/158\/2021\/12\/IMG_9413-1536x1152.jpeg 1536w, https:\/\/etab.ac-reunion.fr\/clg-ravine-des-cabris\/wp-content\/uploads\/sites\/158\/2021\/12\/IMG_9413-176x132.jpeg 176w\" sizes=\"auto, (max-width: 1920px) 100vw, 1920px\" \/><\/a><\/figure><\/li><li class=\"blocks-gallery-item\"><figure><a href=\"http:\/\/wpetab.ac-reunion.fr\/ravinedescabris\/wp-content\/uploads\/sites\/158\/2021\/12\/IMG_0351-1-rotated.jpeg\"><img loading=\"lazy\" decoding=\"async\" width=\"450\" height=\"600\" src=\"http:\/\/wpetab.ac-reunion.fr\/ravinedescabris\/wp-content\/uploads\/sites\/158\/2021\/12\/IMG_0351-1-450x600.jpeg\" alt=\"\" data-id=\"1473\" data-full-url=\"http:\/\/wpetab.ac-reunion.fr\/ravinedescabris\/wp-content\/uploads\/sites\/158\/2021\/12\/IMG_0351-1-rotated.jpeg\" data-link=\"https:\/\/etab.ac-reunion.fr\/clg-ravine-des-cabris\/2021\/12\/09\/les-4-novalis-aux-jo-des-taaf\/img_0351-1\/\" class=\"wp-image-1473\" srcset=\"https:\/\/etab.ac-reunion.fr\/clg-ravine-des-cabris\/wp-content\/uploads\/sites\/158\/2021\/12\/IMG_0351-1-450x600.jpeg 450w, https:\/\/etab.ac-reunion.fr\/clg-ravine-des-cabris\/wp-content\/uploads\/sites\/158\/2021\/12\/IMG_0351-1-768x1024.jpeg 768w, https:\/\/etab.ac-reunion.fr\/clg-ravine-des-cabris\/wp-content\/uploads\/sites\/158\/2021\/12\/IMG_0351-1-1152x1536.jpeg 1152w, https:\/\/etab.ac-reunion.fr\/clg-ravine-des-cabris\/wp-content\/uploads\/sites\/158\/2021\/12\/IMG_0351-1-99x132.jpeg 99w, https:\/\/etab.ac-reunion.fr\/clg-ravine-des-cabris\/wp-content\/uploads\/sites\/158\/2021\/12\/IMG_0351-1-rotated.jpeg 1440w\" sizes=\"auto, (max-width: 450px) 100vw, 450px\" \/><\/a><\/figure><\/li><li class=\"blocks-gallery-item\"><figure><a href=\"http:\/\/wpetab.ac-reunion.fr\/ravinedescabris\/wp-content\/uploads\/sites\/158\/2021\/12\/IMG_9420.jpeg\"><img loading=\"lazy\" decoding=\"async\" width=\"1920\" height=\"1440\" src=\"http:\/\/wpetab.ac-reunion.fr\/ravinedescabris\/wp-content\/uploads\/sites\/158\/2021\/12\/IMG_9420.jpeg\" alt=\"\" data-id=\"1478\" data-full-url=\"http:\/\/wpetab.ac-reunion.fr\/ravinedescabris\/wp-content\/uploads\/sites\/158\/2021\/12\/IMG_9420.jpeg\" data-link=\"https:\/\/etab.ac-reunion.fr\/clg-ravine-des-cabris\/2021\/12\/09\/les-4-novalis-aux-jo-des-taaf\/img_9420\/\" class=\"wp-image-1478\" srcset=\"https:\/\/etab.ac-reunion.fr\/clg-ravine-des-cabris\/wp-content\/uploads\/sites\/158\/2021\/12\/IMG_9420.jpeg 1920w, https:\/\/etab.ac-reunion.fr\/clg-ravine-des-cabris\/wp-content\/uploads\/sites\/158\/2021\/12\/IMG_9420-800x600.jpeg 800w, https:\/\/etab.ac-reunion.fr\/clg-ravine-des-cabris\/wp-content\/uploads\/sites\/158\/2021\/12\/IMG_9420-768x576.jpeg 768w, https:\/\/etab.ac-reunion.fr\/clg-ravine-des-cabris\/wp-content\/uploads\/sites\/158\/2021\/12\/IMG_9420-1536x1152.jpeg 1536w, https:\/\/etab.ac-reunion.fr\/clg-ravine-des-cabris\/wp-content\/uploads\/sites\/158\/2021\/12\/IMG_9420-176x132.jpeg 176w\" sizes=\"auto, (max-width: 1920px) 100vw, 1920px\" \/><\/a><\/figure><\/li><li class=\"blocks-gallery-item\"><figure><a href=\"http:\/\/wpetab.ac-reunion.fr\/ravinedescabris\/wp-content\/uploads\/sites\/158\/2021\/12\/IMG_0353-1-rotated.jpeg\"><img loading=\"lazy\" decoding=\"async\" width=\"450\" height=\"600\" src=\"http:\/\/wpetab.ac-reunion.fr\/ravinedescabris\/wp-content\/uploads\/sites\/158\/2021\/12\/IMG_0353-1-450x600.jpeg\" alt=\"\" data-id=\"1477\" data-full-url=\"http:\/\/wpetab.ac-reunion.fr\/ravinedescabris\/wp-content\/uploads\/sites\/158\/2021\/12\/IMG_0353-1-rotated.jpeg\" data-link=\"https:\/\/etab.ac-reunion.fr\/clg-ravine-des-cabris\/2021\/12\/09\/les-4-novalis-aux-jo-des-taaf\/img_0353-1\/\" class=\"wp-image-1477\" srcset=\"https:\/\/etab.ac-reunion.fr\/clg-ravine-des-cabris\/wp-content\/uploads\/sites\/158\/2021\/12\/IMG_0353-1-450x600.jpeg 450w, https:\/\/etab.ac-reunion.fr\/clg-ravine-des-cabris\/wp-content\/uploads\/sites\/158\/2021\/12\/IMG_0353-1-768x1024.jpeg 768w, https:\/\/etab.ac-reunion.fr\/clg-ravine-des-cabris\/wp-content\/uploads\/sites\/158\/2021\/12\/IMG_0353-1-1152x1536.jpeg 1152w, https:\/\/etab.ac-reunion.fr\/clg-ravine-des-cabris\/wp-content\/uploads\/sites\/158\/2021\/12\/IMG_0353-1-99x132.jpeg 99w, https:\/\/etab.ac-reunion.fr\/clg-ravine-des-cabris\/wp-content\/uploads\/sites\/158\/2021\/12\/IMG_0353-1-rotated.jpeg 1440w\" sizes=\"auto, (max-width: 450px) 100vw, 450px\" \/><\/a><\/figure><\/li><li class=\"blocks-gallery-item\"><figure><a href=\"http:\/\/wpetab.ac-reunion.fr\/ravinedescabris\/wp-content\/uploads\/sites\/158\/2021\/12\/IMG_9419.jpeg\"><img loading=\"lazy\" decoding=\"async\" width=\"1920\" height=\"1440\" src=\"http:\/\/wpetab.ac-reunion.fr\/ravinedescabris\/wp-content\/uploads\/sites\/158\/2021\/12\/IMG_9419.jpeg\" alt=\"\" data-id=\"1476\" data-full-url=\"http:\/\/wpetab.ac-reunion.fr\/ravinedescabris\/wp-content\/uploads\/sites\/158\/2021\/12\/IMG_9419.jpeg\" data-link=\"https:\/\/etab.ac-reunion.fr\/clg-ravine-des-cabris\/2021\/12\/09\/les-4-novalis-aux-jo-des-taaf\/img_9419\/\" class=\"wp-image-1476\" srcset=\"https:\/\/etab.ac-reunion.fr\/clg-ravine-des-cabris\/wp-content\/uploads\/sites\/158\/2021\/12\/IMG_9419.jpeg 1920w, https:\/\/etab.ac-reunion.fr\/clg-ravine-des-cabris\/wp-content\/uploads\/sites\/158\/2021\/12\/IMG_9419-800x600.jpeg 800w, https:\/\/etab.ac-reunion.fr\/clg-ravine-des-cabris\/wp-content\/uploads\/sites\/158\/2021\/12\/IMG_9419-768x576.jpeg 768w, https:\/\/etab.ac-reunion.fr\/clg-ravine-des-cabris\/wp-content\/uploads\/sites\/158\/2021\/12\/IMG_9419-1536x1152.jpeg 1536w, https:\/\/etab.ac-reunion.fr\/clg-ravine-des-cabris\/wp-content\/uploads\/sites\/158\/2021\/12\/IMG_9419-176x132.jpeg 176w\" sizes=\"auto, (max-width: 1920px) 100vw, 1920px\" \/><\/a><\/figure><\/li><li class=\"blocks-gallery-item\"><figure><a href=\"http:\/\/wpetab.ac-reunion.fr\/ravinedescabris\/wp-content\/uploads\/sites\/158\/2021\/12\/IMG_0352-1-rotated.jpeg\"><img loading=\"lazy\" decoding=\"async\" width=\"450\" height=\"600\" src=\"http:\/\/wpetab.ac-reunion.fr\/ravinedescabris\/wp-content\/uploads\/sites\/158\/2021\/12\/IMG_0352-1-450x600.jpeg\" alt=\"\" data-id=\"1475\" data-full-url=\"http:\/\/wpetab.ac-reunion.fr\/ravinedescabris\/wp-content\/uploads\/sites\/158\/2021\/12\/IMG_0352-1-rotated.jpeg\" data-link=\"https:\/\/etab.ac-reunion.fr\/clg-ravine-des-cabris\/2021\/12\/09\/les-4-novalis-aux-jo-des-taaf\/img_0352-1\/\" class=\"wp-image-1475\" srcset=\"https:\/\/etab.ac-reunion.fr\/clg-ravine-des-cabris\/wp-content\/uploads\/sites\/158\/2021\/12\/IMG_0352-1-450x600.jpeg 450w, https:\/\/etab.ac-reunion.fr\/clg-ravine-des-cabris\/wp-content\/uploads\/sites\/158\/2021\/12\/IMG_0352-1-768x1024.jpeg 768w, https:\/\/etab.ac-reunion.fr\/clg-ravine-des-cabris\/wp-content\/uploads\/sites\/158\/2021\/12\/IMG_0352-1-1152x1536.jpeg 1152w, https:\/\/etab.ac-reunion.fr\/clg-ravine-des-cabris\/wp-content\/uploads\/sites\/158\/2021\/12\/IMG_0352-1-99x132.jpeg 99w, https:\/\/etab.ac-reunion.fr\/clg-ravine-des-cabris\/wp-content\/uploads\/sites\/158\/2021\/12\/IMG_0352-1-rotated.jpeg 1440w\" sizes=\"auto, (max-width: 450px) 100vw, 450px\" \/><\/a><\/figure><\/li><li class=\"blocks-gallery-item\"><figure><a href=\"http:\/\/wpetab.ac-reunion.fr\/ravinedescabris\/wp-content\/uploads\/sites\/158\/2021\/12\/IMG_9414.jpeg\"><img loading=\"lazy\" decoding=\"async\" width=\"1920\" height=\"1440\" src=\"http:\/\/wpetab.ac-reunion.fr\/ravinedescabris\/wp-content\/uploads\/sites\/158\/2021\/12\/IMG_9414.jpeg\" alt=\"\" data-id=\"1474\" data-full-url=\"http:\/\/wpetab.ac-reunion.fr\/ravinedescabris\/wp-content\/uploads\/sites\/158\/2021\/12\/IMG_9414.jpeg\" data-link=\"https:\/\/etab.ac-reunion.fr\/clg-ravine-des-cabris\/2021\/12\/09\/les-4-novalis-aux-jo-des-taaf\/img_9414\/\" class=\"wp-image-1474\" srcset=\"https:\/\/etab.ac-reunion.fr\/clg-ravine-des-cabris\/wp-content\/uploads\/sites\/158\/2021\/12\/IMG_9414.jpeg 1920w, https:\/\/etab.ac-reunion.fr\/clg-ravine-des-cabris\/wp-content\/uploads\/sites\/158\/2021\/12\/IMG_9414-800x600.jpeg 800w, https:\/\/etab.ac-reunion.fr\/clg-ravine-des-cabris\/wp-content\/uploads\/sites\/158\/2021\/12\/IMG_9414-768x576.jpeg 768w, https:\/\/etab.ac-reunion.fr\/clg-ravine-des-cabris\/wp-content\/uploads\/sites\/158\/2021\/12\/IMG_9414-1536x1152.jpeg 1536w, https:\/\/etab.ac-reunion.fr\/clg-ravine-des-cabris\/wp-content\/uploads\/sites\/158\/2021\/12\/IMG_9414-176x132.jpeg 176w\" sizes=\"auto, (max-width: 1920px) 100vw, 1920px\" \/><\/a><\/figure><\/li><li class=\"blocks-gallery-item\"><figure><a href=\"http:\/\/wpetab.ac-reunion.fr\/ravinedescabris\/wp-content\/uploads\/sites\/158\/2021\/12\/IMG_0355-1-rotated.jpeg\"><img loading=\"lazy\" decoding=\"async\" width=\"450\" height=\"600\" src=\"http:\/\/wpetab.ac-reunion.fr\/ravinedescabris\/wp-content\/uploads\/sites\/158\/2021\/12\/IMG_0355-1-450x600.jpeg\" alt=\"\" data-id=\"1479\" data-full-url=\"http:\/\/wpetab.ac-reunion.fr\/ravinedescabris\/wp-content\/uploads\/sites\/158\/2021\/12\/IMG_0355-1-rotated.jpeg\" data-link=\"https:\/\/etab.ac-reunion.fr\/clg-ravine-des-cabris\/2021\/12\/09\/les-4-novalis-aux-jo-des-taaf\/img_0355-1\/\" class=\"wp-image-1479\" srcset=\"https:\/\/etab.ac-reunion.fr\/clg-ravine-des-cabris\/wp-content\/uploads\/sites\/158\/2021\/12\/IMG_0355-1-450x600.jpeg 450w, https:\/\/etab.ac-reunion.fr\/clg-ravine-des-cabris\/wp-content\/uploads\/sites\/158\/2021\/12\/IMG_0355-1-768x1024.jpeg 768w, https:\/\/etab.ac-reunion.fr\/clg-ravine-des-cabris\/wp-content\/uploads\/sites\/158\/2021\/12\/IMG_0355-1-1152x1536.jpeg 1152w, https:\/\/etab.ac-reunion.fr\/clg-ravine-des-cabris\/wp-content\/uploads\/sites\/158\/2021\/12\/IMG_0355-1-99x132.jpeg 99w, https:\/\/etab.ac-reunion.fr\/clg-ravine-des-cabris\/wp-content\/uploads\/sites\/158\/2021\/12\/IMG_0355-1-rotated.jpeg 1440w\" sizes=\"auto, (max-width: 450px) 100vw, 450px\" \/><\/a><\/figure><\/li><li class=\"blocks-gallery-item\"><figure><a href=\"http:\/\/wpetab.ac-reunion.fr\/ravinedescabris\/wp-content\/uploads\/sites\/158\/2021\/12\/IMG_9427.jpeg\"><img loading=\"lazy\" decoding=\"async\" width=\"1920\" height=\"1440\" src=\"http:\/\/wpetab.ac-reunion.fr\/ravinedescabris\/wp-content\/uploads\/sites\/158\/2021\/12\/IMG_9427.jpeg\" alt=\"\" data-id=\"1484\" data-full-url=\"http:\/\/wpetab.ac-reunion.fr\/ravinedescabris\/wp-content\/uploads\/sites\/158\/2021\/12\/IMG_9427.jpeg\" data-link=\"https:\/\/etab.ac-reunion.fr\/clg-ravine-des-cabris\/2021\/12\/09\/les-4-novalis-aux-jo-des-taaf\/img_9427\/\" class=\"wp-image-1484\" srcset=\"https:\/\/etab.ac-reunion.fr\/clg-ravine-des-cabris\/wp-content\/uploads\/sites\/158\/2021\/12\/IMG_9427.jpeg 1920w, https:\/\/etab.ac-reunion.fr\/clg-ravine-des-cabris\/wp-content\/uploads\/sites\/158\/2021\/12\/IMG_9427-800x600.jpeg 800w, https:\/\/etab.ac-reunion.fr\/clg-ravine-des-cabris\/wp-content\/uploads\/sites\/158\/2021\/12\/IMG_9427-768x576.jpeg 768w, https:\/\/etab.ac-reunion.fr\/clg-ravine-des-cabris\/wp-content\/uploads\/sites\/158\/2021\/12\/IMG_9427-1536x1152.jpeg 1536w, https:\/\/etab.ac-reunion.fr\/clg-ravine-des-cabris\/wp-content\/uploads\/sites\/158\/2021\/12\/IMG_9427-176x132.jpeg 176w\" sizes=\"auto, (max-width: 1920px) 100vw, 1920px\" \/><\/a><\/figure><\/li><li class=\"blocks-gallery-item\"><figure><a href=\"http:\/\/wpetab.ac-reunion.fr\/ravinedescabris\/wp-content\/uploads\/sites\/158\/2021\/12\/IMG_0383-1-rotated.jpeg\"><img loading=\"lazy\" decoding=\"async\" width=\"450\" height=\"600\" src=\"http:\/\/wpetab.ac-reunion.fr\/ravinedescabris\/wp-content\/uploads\/sites\/158\/2021\/12\/IMG_0383-1-450x600.jpeg\" alt=\"\" data-id=\"1485\" data-full-url=\"http:\/\/wpetab.ac-reunion.fr\/ravinedescabris\/wp-content\/uploads\/sites\/158\/2021\/12\/IMG_0383-1-rotated.jpeg\" data-link=\"https:\/\/etab.ac-reunion.fr\/clg-ravine-des-cabris\/2021\/12\/09\/les-4-novalis-aux-jo-des-taaf\/img_0383-1\/\" class=\"wp-image-1485\" srcset=\"https:\/\/etab.ac-reunion.fr\/clg-ravine-des-cabris\/wp-content\/uploads\/sites\/158\/2021\/12\/IMG_0383-1-450x600.jpeg 450w, https:\/\/etab.ac-reunion.fr\/clg-ravine-des-cabris\/wp-content\/uploads\/sites\/158\/2021\/12\/IMG_0383-1-768x1024.jpeg 768w, https:\/\/etab.ac-reunion.fr\/clg-ravine-des-cabris\/wp-content\/uploads\/sites\/158\/2021\/12\/IMG_0383-1-1152x1536.jpeg 1152w, https:\/\/etab.ac-reunion.fr\/clg-ravine-des-cabris\/wp-content\/uploads\/sites\/158\/2021\/12\/IMG_0383-1-99x132.jpeg 99w, https:\/\/etab.ac-reunion.fr\/clg-ravine-des-cabris\/wp-content\/uploads\/sites\/158\/2021\/12\/IMG_0383-1-rotated.jpeg 1440w\" sizes=\"auto, (max-width: 450px) 100vw, 450px\" \/><\/a><\/figure><\/li><li class=\"blocks-gallery-item\"><figure><a href=\"http:\/\/wpetab.ac-reunion.fr\/ravinedescabris\/wp-content\/uploads\/sites\/158\/2021\/12\/IMG_9424.jpeg\"><img loading=\"lazy\" decoding=\"async\" width=\"1920\" height=\"1440\" src=\"http:\/\/wpetab.ac-reunion.fr\/ravinedescabris\/wp-content\/uploads\/sites\/158\/2021\/12\/IMG_9424.jpeg\" alt=\"\" data-id=\"1480\" data-full-url=\"http:\/\/wpetab.ac-reunion.fr\/ravinedescabris\/wp-content\/uploads\/sites\/158\/2021\/12\/IMG_9424.jpeg\" data-link=\"https:\/\/etab.ac-reunion.fr\/clg-ravine-des-cabris\/2021\/12\/09\/les-4-novalis-aux-jo-des-taaf\/img_9424\/\" class=\"wp-image-1480\" srcset=\"https:\/\/etab.ac-reunion.fr\/clg-ravine-des-cabris\/wp-content\/uploads\/sites\/158\/2021\/12\/IMG_9424.jpeg 1920w, https:\/\/etab.ac-reunion.fr\/clg-ravine-des-cabris\/wp-content\/uploads\/sites\/158\/2021\/12\/IMG_9424-800x600.jpeg 800w, https:\/\/etab.ac-reunion.fr\/clg-ravine-des-cabris\/wp-content\/uploads\/sites\/158\/2021\/12\/IMG_9424-768x576.jpeg 768w, https:\/\/etab.ac-reunion.fr\/clg-ravine-des-cabris\/wp-content\/uploads\/sites\/158\/2021\/12\/IMG_9424-1536x1152.jpeg 1536w, https:\/\/etab.ac-reunion.fr\/clg-ravine-des-cabris\/wp-content\/uploads\/sites\/158\/2021\/12\/IMG_9424-176x132.jpeg 176w\" sizes=\"auto, (max-width: 1920px) 100vw, 1920px\" \/><\/a><\/figure><\/li><li class=\"blocks-gallery-item\"><figure><a href=\"http:\/\/wpetab.ac-reunion.fr\/ravinedescabris\/wp-content\/uploads\/sites\/158\/2021\/12\/IMG_0358-1.jpg\"><img loading=\"lazy\" decoding=\"async\" width=\"800\" height=\"600\" src=\"http:\/\/wpetab.ac-reunion.fr\/ravinedescabris\/wp-content\/uploads\/sites\/158\/2021\/12\/IMG_0358-1-800x600.jpg\" alt=\"\" data-id=\"1481\" data-full-url=\"http:\/\/wpetab.ac-reunion.fr\/ravinedescabris\/wp-content\/uploads\/sites\/158\/2021\/12\/IMG_0358-1.jpg\" data-link=\"https:\/\/etab.ac-reunion.fr\/clg-ravine-des-cabris\/2021\/12\/09\/les-4-novalis-aux-jo-des-taaf\/img_0358-1\/\" class=\"wp-image-1481\" srcset=\"https:\/\/etab.ac-reunion.fr\/clg-ravine-des-cabris\/wp-content\/uploads\/sites\/158\/2021\/12\/IMG_0358-1-800x600.jpg 800w, https:\/\/etab.ac-reunion.fr\/clg-ravine-des-cabris\/wp-content\/uploads\/sites\/158\/2021\/12\/IMG_0358-1-768x576.jpg 768w, https:\/\/etab.ac-reunion.fr\/clg-ravine-des-cabris\/wp-content\/uploads\/sites\/158\/2021\/12\/IMG_0358-1-1536x1152.jpg 1536w, https:\/\/etab.ac-reunion.fr\/clg-ravine-des-cabris\/wp-content\/uploads\/sites\/158\/2021\/12\/IMG_0358-1-176x132.jpg 176w, https:\/\/etab.ac-reunion.fr\/clg-ravine-des-cabris\/wp-content\/uploads\/sites\/158\/2021\/12\/IMG_0358-1.jpg 1920w\" sizes=\"auto, (max-width: 800px) 100vw, 800px\" \/><\/a><\/figure><\/li><li class=\"blocks-gallery-item\"><figure><a href=\"http:\/\/wpetab.ac-reunion.fr\/ravinedescabris\/wp-content\/uploads\/sites\/158\/2021\/12\/IMG_9428.jpeg\"><img loading=\"lazy\" decoding=\"async\" width=\"1920\" height=\"1440\" src=\"http:\/\/wpetab.ac-reunion.fr\/ravinedescabris\/wp-content\/uploads\/sites\/158\/2021\/12\/IMG_9428.jpeg\" alt=\"\" data-id=\"1486\" data-full-url=\"http:\/\/wpetab.ac-reunion.fr\/ravinedescabris\/wp-content\/uploads\/sites\/158\/2021\/12\/IMG_9428.jpeg\" data-link=\"https:\/\/etab.ac-reunion.fr\/clg-ravine-des-cabris\/2021\/12\/09\/les-4-novalis-aux-jo-des-taaf\/img_9428\/\" class=\"wp-image-1486\" srcset=\"https:\/\/etab.ac-reunion.fr\/clg-ravine-des-cabris\/wp-content\/uploads\/sites\/158\/2021\/12\/IMG_9428.jpeg 1920w, https:\/\/etab.ac-reunion.fr\/clg-ravine-des-cabris\/wp-content\/uploads\/sites\/158\/2021\/12\/IMG_9428-800x600.jpeg 800w, https:\/\/etab.ac-reunion.fr\/clg-ravine-des-cabris\/wp-content\/uploads\/sites\/158\/2021\/12\/IMG_9428-768x576.jpeg 768w, https:\/\/etab.ac-reunion.fr\/clg-ravine-des-cabris\/wp-content\/uploads\/sites\/158\/2021\/12\/IMG_9428-1536x1152.jpeg 1536w, https:\/\/etab.ac-reunion.fr\/clg-ravine-des-cabris\/wp-content\/uploads\/sites\/158\/2021\/12\/IMG_9428-176x132.jpeg 176w\" sizes=\"auto, (max-width: 1920px) 100vw, 1920px\" \/><\/a><\/figure><\/li><li class=\"blocks-gallery-item\"><figure><a href=\"http:\/\/wpetab.ac-reunion.fr\/ravinedescabris\/wp-content\/uploads\/sites\/158\/2021\/12\/IMG_0384-1-rotated.jpeg\"><img loading=\"lazy\" decoding=\"async\" width=\"450\" height=\"600\" src=\"http:\/\/wpetab.ac-reunion.fr\/ravinedescabris\/wp-content\/uploads\/sites\/158\/2021\/12\/IMG_0384-1-450x600.jpeg\" alt=\"\" data-id=\"1487\" data-full-url=\"http:\/\/wpetab.ac-reunion.fr\/ravinedescabris\/wp-content\/uploads\/sites\/158\/2021\/12\/IMG_0384-1-rotated.jpeg\" data-link=\"https:\/\/etab.ac-reunion.fr\/clg-ravine-des-cabris\/2021\/12\/09\/les-4-novalis-aux-jo-des-taaf\/img_0384-1\/\" class=\"wp-image-1487\" srcset=\"https:\/\/etab.ac-reunion.fr\/clg-ravine-des-cabris\/wp-content\/uploads\/sites\/158\/2021\/12\/IMG_0384-1-450x600.jpeg 450w, https:\/\/etab.ac-reunion.fr\/clg-ravine-des-cabris\/wp-content\/uploads\/sites\/158\/2021\/12\/IMG_0384-1-768x1024.jpeg 768w, https:\/\/etab.ac-reunion.fr\/clg-ravine-des-cabris\/wp-content\/uploads\/sites\/158\/2021\/12\/IMG_0384-1-1152x1536.jpeg 1152w, https:\/\/etab.ac-reunion.fr\/clg-ravine-des-cabris\/wp-content\/uploads\/sites\/158\/2021\/12\/IMG_0384-1-99x132.jpeg 99w, https:\/\/etab.ac-reunion.fr\/clg-ravine-des-cabris\/wp-content\/uploads\/sites\/158\/2021\/12\/IMG_0384-1-rotated.jpeg 1440w\" sizes=\"auto, (max-width: 450px) 100vw, 450px\" \/><\/a><\/figure><\/li><li class=\"blocks-gallery-item\"><figure><a href=\"http:\/\/wpetab.ac-reunion.fr\/ravinedescabris\/wp-content\/uploads\/sites\/158\/2021\/12\/IMG_9426.jpeg\"><img loading=\"lazy\" decoding=\"async\" width=\"1920\" height=\"1440\" src=\"http:\/\/wpetab.ac-reunion.fr\/ravinedescabris\/wp-content\/uploads\/sites\/158\/2021\/12\/IMG_9426.jpeg\" alt=\"\" data-id=\"1482\" data-full-url=\"http:\/\/wpetab.ac-reunion.fr\/ravinedescabris\/wp-content\/uploads\/sites\/158\/2021\/12\/IMG_9426.jpeg\" data-link=\"https:\/\/etab.ac-reunion.fr\/clg-ravine-des-cabris\/2021\/12\/09\/les-4-novalis-aux-jo-des-taaf\/img_9426\/\" class=\"wp-image-1482\" srcset=\"https:\/\/etab.ac-reunion.fr\/clg-ravine-des-cabris\/wp-content\/uploads\/sites\/158\/2021\/12\/IMG_9426.jpeg 1920w, https:\/\/etab.ac-reunion.fr\/clg-ravine-des-cabris\/wp-content\/uploads\/sites\/158\/2021\/12\/IMG_9426-800x600.jpeg 800w, https:\/\/etab.ac-reunion.fr\/clg-ravine-des-cabris\/wp-content\/uploads\/sites\/158\/2021\/12\/IMG_9426-768x576.jpeg 768w, https:\/\/etab.ac-reunion.fr\/clg-ravine-des-cabris\/wp-content\/uploads\/sites\/158\/2021\/12\/IMG_9426-1536x1152.jpeg 1536w, https:\/\/etab.ac-reunion.fr\/clg-ravine-des-cabris\/wp-content\/uploads\/sites\/158\/2021\/12\/IMG_9426-176x132.jpeg 176w\" sizes=\"auto, (max-width: 1920px) 100vw, 1920px\" \/><\/a><\/figure><\/li><li class=\"blocks-gallery-item\"><figure><a href=\"http:\/\/wpetab.ac-reunion.fr\/ravinedescabris\/wp-content\/uploads\/sites\/158\/2021\/12\/IMG_0362-1-rotated.jpeg\"><img loading=\"lazy\" decoding=\"async\" width=\"450\" height=\"600\" src=\"http:\/\/wpetab.ac-reunion.fr\/ravinedescabris\/wp-content\/uploads\/sites\/158\/2021\/12\/IMG_0362-1-450x600.jpeg\" alt=\"\" data-id=\"1483\" data-full-url=\"http:\/\/wpetab.ac-reunion.fr\/ravinedescabris\/wp-content\/uploads\/sites\/158\/2021\/12\/IMG_0362-1-rotated.jpeg\" data-link=\"https:\/\/etab.ac-reunion.fr\/clg-ravine-des-cabris\/2021\/12\/09\/les-4-novalis-aux-jo-des-taaf\/img_0362-1\/\" class=\"wp-image-1483\" srcset=\"https:\/\/etab.ac-reunion.fr\/clg-ravine-des-cabris\/wp-content\/uploads\/sites\/158\/2021\/12\/IMG_0362-1-450x600.jpeg 450w, https:\/\/etab.ac-reunion.fr\/clg-ravine-des-cabris\/wp-content\/uploads\/sites\/158\/2021\/12\/IMG_0362-1-768x1024.jpeg 768w, https:\/\/etab.ac-reunion.fr\/clg-ravine-des-cabris\/wp-content\/uploads\/sites\/158\/2021\/12\/IMG_0362-1-1152x1536.jpeg 1152w, https:\/\/etab.ac-reunion.fr\/clg-ravine-des-cabris\/wp-content\/uploads\/sites\/158\/2021\/12\/IMG_0362-1-99x132.jpeg 99w, https:\/\/etab.ac-reunion.fr\/clg-ravine-des-cabris\/wp-content\/uploads\/sites\/158\/2021\/12\/IMG_0362-1-rotated.jpeg 1440w\" sizes=\"auto, (max-width: 450px) 100vw, 450px\" \/><\/a><\/figure><\/li><li class=\"blocks-gallery-item\"><figure><a href=\"http:\/\/wpetab.ac-reunion.fr\/ravinedescabris\/wp-content\/uploads\/sites\/158\/2021\/12\/IMG_9429.jpeg\"><img loading=\"lazy\" decoding=\"async\" width=\"1920\" height=\"1440\" src=\"http:\/\/wpetab.ac-reunion.fr\/ravinedescabris\/wp-content\/uploads\/sites\/158\/2021\/12\/IMG_9429.jpeg\" alt=\"\" data-id=\"1488\" data-full-url=\"http:\/\/wpetab.ac-reunion.fr\/ravinedescabris\/wp-content\/uploads\/sites\/158\/2021\/12\/IMG_9429.jpeg\" data-link=\"https:\/\/etab.ac-reunion.fr\/clg-ravine-des-cabris\/2021\/12\/09\/les-4-novalis-aux-jo-des-taaf\/img_9429\/\" class=\"wp-image-1488\" srcset=\"https:\/\/etab.ac-reunion.fr\/clg-ravine-des-cabris\/wp-content\/uploads\/sites\/158\/2021\/12\/IMG_9429.jpeg 1920w, https:\/\/etab.ac-reunion.fr\/clg-ravine-des-cabris\/wp-content\/uploads\/sites\/158\/2021\/12\/IMG_9429-800x600.jpeg 800w, https:\/\/etab.ac-reunion.fr\/clg-ravine-des-cabris\/wp-content\/uploads\/sites\/158\/2021\/12\/IMG_9429-768x576.jpeg 768w, https:\/\/etab.ac-reunion.fr\/clg-ravine-des-cabris\/wp-content\/uploads\/sites\/158\/2021\/12\/IMG_9429-1536x1152.jpeg 1536w, https:\/\/etab.ac-reunion.fr\/clg-ravine-des-cabris\/wp-content\/uploads\/sites\/158\/2021\/12\/IMG_9429-176x132.jpeg 176w\" sizes=\"auto, (max-width: 1920px) 100vw, 1920px\" \/><\/a><\/figure><\/li><li class=\"blocks-gallery-item\"><figure><a href=\"http:\/\/wpetab.ac-reunion.fr\/ravinedescabris\/wp-content\/uploads\/sites\/158\/2021\/12\/IMG_9440.jpeg\"><img loading=\"lazy\" decoding=\"async\" width=\"1920\" height=\"1440\" src=\"http:\/\/wpetab.ac-reunion.fr\/ravinedescabris\/wp-content\/uploads\/sites\/158\/2021\/12\/IMG_9440.jpeg\" alt=\"\" data-id=\"1493\" data-full-url=\"http:\/\/wpetab.ac-reunion.fr\/ravinedescabris\/wp-content\/uploads\/sites\/158\/2021\/12\/IMG_9440.jpeg\" data-link=\"https:\/\/etab.ac-reunion.fr\/clg-ravine-des-cabris\/2021\/12\/09\/les-4-novalis-aux-jo-des-taaf\/img_9440\/\" class=\"wp-image-1493\" srcset=\"https:\/\/etab.ac-reunion.fr\/clg-ravine-des-cabris\/wp-content\/uploads\/sites\/158\/2021\/12\/IMG_9440.jpeg 1920w, https:\/\/etab.ac-reunion.fr\/clg-ravine-des-cabris\/wp-content\/uploads\/sites\/158\/2021\/12\/IMG_9440-800x600.jpeg 800w, https:\/\/etab.ac-reunion.fr\/clg-ravine-des-cabris\/wp-content\/uploads\/sites\/158\/2021\/12\/IMG_9440-768x576.jpeg 768w, https:\/\/etab.ac-reunion.fr\/clg-ravine-des-cabris\/wp-content\/uploads\/sites\/158\/2021\/12\/IMG_9440-1536x1152.jpeg 1536w, https:\/\/etab.ac-reunion.fr\/clg-ravine-des-cabris\/wp-content\/uploads\/sites\/158\/2021\/12\/IMG_9440-176x132.jpeg 176w\" sizes=\"auto, (max-width: 1920px) 100vw, 1920px\" \/><\/a><\/figure><\/li><li class=\"blocks-gallery-item\"><figure><a href=\"http:\/\/wpetab.ac-reunion.fr\/ravinedescabris\/wp-content\/uploads\/sites\/158\/2021\/12\/IMG_9435.jpeg\"><img loading=\"lazy\" decoding=\"async\" width=\"1920\" height=\"1440\" src=\"http:\/\/wpetab.ac-reunion.fr\/ravinedescabris\/wp-content\/uploads\/sites\/158\/2021\/12\/IMG_9435.jpeg\" alt=\"\" data-id=\"1492\" data-full-url=\"http:\/\/wpetab.ac-reunion.fr\/ravinedescabris\/wp-content\/uploads\/sites\/158\/2021\/12\/IMG_9435.jpeg\" data-link=\"https:\/\/etab.ac-reunion.fr\/clg-ravine-des-cabris\/2021\/12\/09\/les-4-novalis-aux-jo-des-taaf\/img_9435\/\" class=\"wp-image-1492\" srcset=\"https:\/\/etab.ac-reunion.fr\/clg-ravine-des-cabris\/wp-content\/uploads\/sites\/158\/2021\/12\/IMG_9435.jpeg 1920w, https:\/\/etab.ac-reunion.fr\/clg-ravine-des-cabris\/wp-content\/uploads\/sites\/158\/2021\/12\/IMG_9435-800x600.jpeg 800w, https:\/\/etab.ac-reunion.fr\/clg-ravine-des-cabris\/wp-content\/uploads\/sites\/158\/2021\/12\/IMG_9435-768x576.jpeg 768w, https:\/\/etab.ac-reunion.fr\/clg-ravine-des-cabris\/wp-content\/uploads\/sites\/158\/2021\/12\/IMG_9435-1536x1152.jpeg 1536w, https:\/\/etab.ac-reunion.fr\/clg-ravine-des-cabris\/wp-content\/uploads\/sites\/158\/2021\/12\/IMG_9435-176x132.jpeg 176w\" sizes=\"auto, (max-width: 1920px) 100vw, 1920px\" \/><\/a><\/figure><\/li><li class=\"blocks-gallery-item\"><figure><a href=\"http:\/\/wpetab.ac-reunion.fr\/ravinedescabris\/wp-content\/uploads\/sites\/158\/2021\/12\/IMG_0387-1-rotated.jpeg\"><img loading=\"lazy\" decoding=\"async\" width=\"450\" height=\"600\" src=\"http:\/\/wpetab.ac-reunion.fr\/ravinedescabris\/wp-content\/uploads\/sites\/158\/2021\/12\/IMG_0387-1-450x600.jpeg\" alt=\"\" data-id=\"1491\" data-full-url=\"http:\/\/wpetab.ac-reunion.fr\/ravinedescabris\/wp-content\/uploads\/sites\/158\/2021\/12\/IMG_0387-1-rotated.jpeg\" data-link=\"https:\/\/etab.ac-reunion.fr\/clg-ravine-des-cabris\/2021\/12\/09\/les-4-novalis-aux-jo-des-taaf\/img_0387-1\/\" class=\"wp-image-1491\" srcset=\"https:\/\/etab.ac-reunion.fr\/clg-ravine-des-cabris\/wp-content\/uploads\/sites\/158\/2021\/12\/IMG_0387-1-450x600.jpeg 450w, https:\/\/etab.ac-reunion.fr\/clg-ravine-des-cabris\/wp-content\/uploads\/sites\/158\/2021\/12\/IMG_0387-1-768x1024.jpeg 768w, https:\/\/etab.ac-reunion.fr\/clg-ravine-des-cabris\/wp-content\/uploads\/sites\/158\/2021\/12\/IMG_0387-1-1152x1536.jpeg 1152w, https:\/\/etab.ac-reunion.fr\/clg-ravine-des-cabris\/wp-content\/uploads\/sites\/158\/2021\/12\/IMG_0387-1-99x132.jpeg 99w, https:\/\/etab.ac-reunion.fr\/clg-ravine-des-cabris\/wp-content\/uploads\/sites\/158\/2021\/12\/IMG_0387-1-rotated.jpeg 1440w\" sizes=\"auto, (max-width: 450px) 100vw, 450px\" \/><\/a><\/figure><\/li><li class=\"blocks-gallery-item\"><figure><a href=\"http:\/\/wpetab.ac-reunion.fr\/ravinedescabris\/wp-content\/uploads\/sites\/158\/2021\/12\/IMG_9431.jpeg\"><img loading=\"lazy\" decoding=\"async\" width=\"1920\" height=\"1440\" src=\"http:\/\/wpetab.ac-reunion.fr\/ravinedescabris\/wp-content\/uploads\/sites\/158\/2021\/12\/IMG_9431.jpeg\" alt=\"\" data-id=\"1490\" data-full-url=\"http:\/\/wpetab.ac-reunion.fr\/ravinedescabris\/wp-content\/uploads\/sites\/158\/2021\/12\/IMG_9431.jpeg\" data-link=\"https:\/\/etab.ac-reunion.fr\/clg-ravine-des-cabris\/2021\/12\/09\/les-4-novalis-aux-jo-des-taaf\/img_9431\/\" class=\"wp-image-1490\" srcset=\"https:\/\/etab.ac-reunion.fr\/clg-ravine-des-cabris\/wp-content\/uploads\/sites\/158\/2021\/12\/IMG_9431.jpeg 1920w, https:\/\/etab.ac-reunion.fr\/clg-ravine-des-cabris\/wp-content\/uploads\/sites\/158\/2021\/12\/IMG_9431-800x600.jpeg 800w, https:\/\/etab.ac-reunion.fr\/clg-ravine-des-cabris\/wp-content\/uploads\/sites\/158\/2021\/12\/IMG_9431-768x576.jpeg 768w, https:\/\/etab.ac-reunion.fr\/clg-ravine-des-cabris\/wp-content\/uploads\/sites\/158\/2021\/12\/IMG_9431-1536x1152.jpeg 1536w, https:\/\/etab.ac-reunion.fr\/clg-ravine-des-cabris\/wp-content\/uploads\/sites\/158\/2021\/12\/IMG_9431-176x132.jpeg 176w\" sizes=\"auto, (max-width: 1920px) 100vw, 1920px\" \/><\/a><\/figure><\/li><li class=\"blocks-gallery-item\"><figure><a href=\"http:\/\/wpetab.ac-reunion.fr\/ravinedescabris\/wp-content\/uploads\/sites\/158\/2021\/12\/IMG_0385-1-rotated.jpeg\"><img loading=\"lazy\" decoding=\"async\" width=\"450\" height=\"600\" src=\"http:\/\/wpetab.ac-reunion.fr\/ravinedescabris\/wp-content\/uploads\/sites\/158\/2021\/12\/IMG_0385-1-450x600.jpeg\" alt=\"\" data-id=\"1489\" data-full-url=\"http:\/\/wpetab.ac-reunion.fr\/ravinedescabris\/wp-content\/uploads\/sites\/158\/2021\/12\/IMG_0385-1-rotated.jpeg\" data-link=\"https:\/\/etab.ac-reunion.fr\/clg-ravine-des-cabris\/2021\/12\/09\/les-4-novalis-aux-jo-des-taaf\/img_0385-1\/\" class=\"wp-image-1489\" srcset=\"https:\/\/etab.ac-reunion.fr\/clg-ravine-des-cabris\/wp-content\/uploads\/sites\/158\/2021\/12\/IMG_0385-1-450x600.jpeg 450w, https:\/\/etab.ac-reunion.fr\/clg-ravine-des-cabris\/wp-content\/uploads\/sites\/158\/2021\/12\/IMG_0385-1-768x1024.jpeg 768w, https:\/\/etab.ac-reunion.fr\/clg-ravine-des-cabris\/wp-content\/uploads\/sites\/158\/2021\/12\/IMG_0385-1-1152x1536.jpeg 1152w, https:\/\/etab.ac-reunion.fr\/clg-ravine-des-cabris\/wp-content\/uploads\/sites\/158\/2021\/12\/IMG_0385-1-99x132.jpeg 99w, https:\/\/etab.ac-reunion.fr\/clg-ravine-des-cabris\/wp-content\/uploads\/sites\/158\/2021\/12\/IMG_0385-1-rotated.jpeg 1440w\" sizes=\"auto, (max-width: 450px) 100vw, 450px\" \/><\/a><\/figure><\/li><li class=\"blocks-gallery-item\"><figure><a href=\"http:\/\/wpetab.ac-reunion.fr\/ravinedescabris\/wp-content\/uploads\/sites\/158\/2021\/12\/IMG_9441.jpeg\"><img loading=\"lazy\" decoding=\"async\" width=\"1920\" height=\"1440\" src=\"http:\/\/wpetab.ac-reunion.fr\/ravinedescabris\/wp-content\/uploads\/sites\/158\/2021\/12\/IMG_9441.jpeg\" alt=\"\" data-id=\"1495\" data-full-url=\"http:\/\/wpetab.ac-reunion.fr\/ravinedescabris\/wp-content\/uploads\/sites\/158\/2021\/12\/IMG_9441.jpeg\" data-link=\"https:\/\/etab.ac-reunion.fr\/clg-ravine-des-cabris\/2021\/12\/09\/les-4-novalis-aux-jo-des-taaf\/img_9441\/\" class=\"wp-image-1495\" srcset=\"https:\/\/etab.ac-reunion.fr\/clg-ravine-des-cabris\/wp-content\/uploads\/sites\/158\/2021\/12\/IMG_9441.jpeg 1920w, https:\/\/etab.ac-reunion.fr\/clg-ravine-des-cabris\/wp-content\/uploads\/sites\/158\/2021\/12\/IMG_9441-800x600.jpeg 800w, https:\/\/etab.ac-reunion.fr\/clg-ravine-des-cabris\/wp-content\/uploads\/sites\/158\/2021\/12\/IMG_9441-768x576.jpeg 768w, https:\/\/etab.ac-reunion.fr\/clg-ravine-des-cabris\/wp-content\/uploads\/sites\/158\/2021\/12\/IMG_9441-1536x1152.jpeg 1536w, https:\/\/etab.ac-reunion.fr\/clg-ravine-des-cabris\/wp-content\/uploads\/sites\/158\/2021\/12\/IMG_9441-176x132.jpeg 176w\" sizes=\"auto, (max-width: 1920px) 100vw, 1920px\" \/><\/a><\/figure><\/li><li class=\"blocks-gallery-item\"><figure><a href=\"http:\/\/wpetab.ac-reunion.fr\/ravinedescabris\/wp-content\/uploads\/sites\/158\/2021\/12\/IMG_9514-scaled.jpeg\"><img loading=\"lazy\" decoding=\"async\" width=\"1920\" height=\"1440\" src=\"http:\/\/wpetab.ac-reunion.fr\/ravinedescabris\/wp-content\/uploads\/sites\/158\/2021\/12\/IMG_9514-1920x1440.jpeg\" alt=\"\" data-id=\"1559\" data-full-url=\"http:\/\/wpetab.ac-reunion.fr\/ravinedescabris\/wp-content\/uploads\/sites\/158\/2021\/12\/IMG_9514-scaled.jpeg\" data-link=\"https:\/\/etab.ac-reunion.fr\/clg-ravine-des-cabris\/2021\/12\/09\/les-4-novalis-aux-jo-des-taaf\/img_9514\/\" class=\"wp-image-1559\" srcset=\"https:\/\/etab.ac-reunion.fr\/clg-ravine-des-cabris\/wp-content\/uploads\/sites\/158\/2021\/12\/IMG_9514-1920x1440.jpeg 1920w, https:\/\/etab.ac-reunion.fr\/clg-ravine-des-cabris\/wp-content\/uploads\/sites\/158\/2021\/12\/IMG_9514-800x600.jpeg 800w, https:\/\/etab.ac-reunion.fr\/clg-ravine-des-cabris\/wp-content\/uploads\/sites\/158\/2021\/12\/IMG_9514-768x576.jpeg 768w, https:\/\/etab.ac-reunion.fr\/clg-ravine-des-cabris\/wp-content\/uploads\/sites\/158\/2021\/12\/IMG_9514-1536x1152.jpeg 1536w, https:\/\/etab.ac-reunion.fr\/clg-ravine-des-cabris\/wp-content\/uploads\/sites\/158\/2021\/12\/IMG_9514-2048x1536.jpeg 2048w, https:\/\/etab.ac-reunion.fr\/clg-ravine-des-cabris\/wp-content\/uploads\/sites\/158\/2021\/12\/IMG_9514-176x132.jpeg 176w\" sizes=\"auto, (max-width: 1920px) 100vw, 1920px\" \/><\/a><\/figure><\/li><li class=\"blocks-gallery-item\"><figure><a href=\"http:\/\/wpetab.ac-reunion.fr\/ravinedescabris\/wp-content\/uploads\/sites\/158\/2021\/12\/IMG_9513-scaled.jpeg\"><img loading=\"lazy\" decoding=\"async\" width=\"1920\" height=\"1440\" src=\"http:\/\/wpetab.ac-reunion.fr\/ravinedescabris\/wp-content\/uploads\/sites\/158\/2021\/12\/IMG_9513-1920x1440.jpeg\" alt=\"\" data-id=\"1560\" data-full-url=\"http:\/\/wpetab.ac-reunion.fr\/ravinedescabris\/wp-content\/uploads\/sites\/158\/2021\/12\/IMG_9513-scaled.jpeg\" data-link=\"https:\/\/etab.ac-reunion.fr\/clg-ravine-des-cabris\/2021\/12\/09\/les-4-novalis-aux-jo-des-taaf\/img_9513\/\" class=\"wp-image-1560\" srcset=\"https:\/\/etab.ac-reunion.fr\/clg-ravine-des-cabris\/wp-content\/uploads\/sites\/158\/2021\/12\/IMG_9513-1920x1440.jpeg 1920w, https:\/\/etab.ac-reunion.fr\/clg-ravine-des-cabris\/wp-content\/uploads\/sites\/158\/2021\/12\/IMG_9513-800x600.jpeg 800w, https:\/\/etab.ac-reunion.fr\/clg-ravine-des-cabris\/wp-content\/uploads\/sites\/158\/2021\/12\/IMG_9513-768x576.jpeg 768w, https:\/\/etab.ac-reunion.fr\/clg-ravine-des-cabris\/wp-content\/uploads\/sites\/158\/2021\/12\/IMG_9513-1536x1152.jpeg 1536w, https:\/\/etab.ac-reunion.fr\/clg-ravine-des-cabris\/wp-content\/uploads\/sites\/158\/2021\/12\/IMG_9513-2048x1536.jpeg 2048w, https:\/\/etab.ac-reunion.fr\/clg-ravine-des-cabris\/wp-content\/uploads\/sites\/158\/2021\/12\/IMG_9513-176x132.jpeg 176w\" sizes=\"auto, (max-width: 1920px) 100vw, 1920px\" \/><\/a><\/figure><\/li><li class=\"blocks-gallery-item\"><figure><a href=\"http:\/\/wpetab.ac-reunion.fr\/ravinedescabris\/wp-content\/uploads\/sites\/158\/2021\/12\/IMG_0455-scaled.jpeg\"><img loading=\"lazy\" decoding=\"async\" width=\"1440\" height=\"1920\" src=\"http:\/\/wpetab.ac-reunion.fr\/ravinedescabris\/wp-content\/uploads\/sites\/158\/2021\/12\/IMG_0455-1440x1920.jpeg\" alt=\"\" data-id=\"1561\" data-full-url=\"http:\/\/wpetab.ac-reunion.fr\/ravinedescabris\/wp-content\/uploads\/sites\/158\/2021\/12\/IMG_0455-scaled.jpeg\" data-link=\"https:\/\/etab.ac-reunion.fr\/clg-ravine-des-cabris\/2021\/12\/09\/les-4-novalis-aux-jo-des-taaf\/img_0455\/\" class=\"wp-image-1561\" srcset=\"https:\/\/etab.ac-reunion.fr\/clg-ravine-des-cabris\/wp-content\/uploads\/sites\/158\/2021\/12\/IMG_0455-1440x1920.jpeg 1440w, https:\/\/etab.ac-reunion.fr\/clg-ravine-des-cabris\/wp-content\/uploads\/sites\/158\/2021\/12\/IMG_0455-450x600.jpeg 450w, https:\/\/etab.ac-reunion.fr\/clg-ravine-des-cabris\/wp-content\/uploads\/sites\/158\/2021\/12\/IMG_0455-768x1024.jpeg 768w, https:\/\/etab.ac-reunion.fr\/clg-ravine-des-cabris\/wp-content\/uploads\/sites\/158\/2021\/12\/IMG_0455-1152x1536.jpeg 1152w, https:\/\/etab.ac-reunion.fr\/clg-ravine-des-cabris\/wp-content\/uploads\/sites\/158\/2021\/12\/IMG_0455-1536x2048.jpeg 1536w, https:\/\/etab.ac-reunion.fr\/clg-ravine-des-cabris\/wp-content\/uploads\/sites\/158\/2021\/12\/IMG_0455-99x132.jpeg 99w, https:\/\/etab.ac-reunion.fr\/clg-ravine-des-cabris\/wp-content\/uploads\/sites\/158\/2021\/12\/IMG_0455-scaled.jpeg 1920w\" sizes=\"auto, (max-width: 1440px) 100vw, 1440px\" \/><\/a><\/figure><\/li><li class=\"blocks-gallery-item\"><figure><a href=\"http:\/\/wpetab.ac-reunion.fr\/ravinedescabris\/wp-content\/uploads\/sites\/158\/2021\/12\/IMG_0454-scaled.jpeg\"><img loading=\"lazy\" decoding=\"async\" width=\"1440\" height=\"1920\" src=\"http:\/\/wpetab.ac-reunion.fr\/ravinedescabris\/wp-content\/uploads\/sites\/158\/2021\/12\/IMG_0454-1440x1920.jpeg\" alt=\"\" data-id=\"1562\" data-full-url=\"http:\/\/wpetab.ac-reunion.fr\/ravinedescabris\/wp-content\/uploads\/sites\/158\/2021\/12\/IMG_0454-scaled.jpeg\" data-link=\"https:\/\/etab.ac-reunion.fr\/clg-ravine-des-cabris\/2021\/12\/09\/les-4-novalis-aux-jo-des-taaf\/img_0454\/\" class=\"wp-image-1562\" srcset=\"https:\/\/etab.ac-reunion.fr\/clg-ravine-des-cabris\/wp-content\/uploads\/sites\/158\/2021\/12\/IMG_0454-1440x1920.jpeg 1440w, https:\/\/etab.ac-reunion.fr\/clg-ravine-des-cabris\/wp-content\/uploads\/sites\/158\/2021\/12\/IMG_0454-450x600.jpeg 450w, https:\/\/etab.ac-reunion.fr\/clg-ravine-des-cabris\/wp-content\/uploads\/sites\/158\/2021\/12\/IMG_0454-768x1024.jpeg 768w, https:\/\/etab.ac-reunion.fr\/clg-ravine-des-cabris\/wp-content\/uploads\/sites\/158\/2021\/12\/IMG_0454-1152x1536.jpeg 1152w, https:\/\/etab.ac-reunion.fr\/clg-ravine-des-cabris\/wp-content\/uploads\/sites\/158\/2021\/12\/IMG_0454-1536x2048.jpeg 1536w, https:\/\/etab.ac-reunion.fr\/clg-ravine-des-cabris\/wp-content\/uploads\/sites\/158\/2021\/12\/IMG_0454-99x132.jpeg 99w, https:\/\/etab.ac-reunion.fr\/clg-ravine-des-cabris\/wp-content\/uploads\/sites\/158\/2021\/12\/IMG_0454-scaled.jpeg 1920w\" sizes=\"auto, (max-width: 1440px) 100vw, 1440px\" \/><\/a><\/figure><\/li><li class=\"blocks-gallery-item\"><figure><a href=\"http:\/\/wpetab.ac-reunion.fr\/ravinedescabris\/wp-content\/uploads\/sites\/158\/2021\/12\/IMG_9471-scaled.jpeg\"><img loading=\"lazy\" decoding=\"async\" width=\"1920\" height=\"1440\" src=\"http:\/\/wpetab.ac-reunion.fr\/ravinedescabris\/wp-content\/uploads\/sites\/158\/2021\/12\/IMG_9471-1920x1440.jpeg\" alt=\"\" data-id=\"1563\" data-full-url=\"http:\/\/wpetab.ac-reunion.fr\/ravinedescabris\/wp-content\/uploads\/sites\/158\/2021\/12\/IMG_9471-scaled.jpeg\" data-link=\"https:\/\/etab.ac-reunion.fr\/clg-ravine-des-cabris\/2021\/12\/09\/les-4-novalis-aux-jo-des-taaf\/img_9471\/\" class=\"wp-image-1563\" srcset=\"https:\/\/etab.ac-reunion.fr\/clg-ravine-des-cabris\/wp-content\/uploads\/sites\/158\/2021\/12\/IMG_9471-1920x1440.jpeg 1920w, https:\/\/etab.ac-reunion.fr\/clg-ravine-des-cabris\/wp-content\/uploads\/sites\/158\/2021\/12\/IMG_9471-800x600.jpeg 800w, https:\/\/etab.ac-reunion.fr\/clg-ravine-des-cabris\/wp-content\/uploads\/sites\/158\/2021\/12\/IMG_9471-768x576.jpeg 768w, https:\/\/etab.ac-reunion.fr\/clg-ravine-des-cabris\/wp-content\/uploads\/sites\/158\/2021\/12\/IMG_9471-1536x1152.jpeg 1536w, https:\/\/etab.ac-reunion.fr\/clg-ravine-des-cabris\/wp-content\/uploads\/sites\/158\/2021\/12\/IMG_9471-2048x1536.jpeg 2048w, https:\/\/etab.ac-reunion.fr\/clg-ravine-des-cabris\/wp-content\/uploads\/sites\/158\/2021\/12\/IMG_9471-176x132.jpeg 176w\" sizes=\"auto, (max-width: 1920px) 100vw, 1920px\" \/><\/a><\/figure><\/li><li class=\"blocks-gallery-item\"><figure><a href=\"http:\/\/wpetab.ac-reunion.fr\/ravinedescabris\/wp-content\/uploads\/sites\/158\/2021\/12\/IMG_9467-scaled.jpeg\"><img loading=\"lazy\" decoding=\"async\" width=\"1920\" height=\"1440\" src=\"http:\/\/wpetab.ac-reunion.fr\/ravinedescabris\/wp-content\/uploads\/sites\/158\/2021\/12\/IMG_9467-1920x1440.jpeg\" alt=\"\" data-id=\"1569\" data-full-url=\"http:\/\/wpetab.ac-reunion.fr\/ravinedescabris\/wp-content\/uploads\/sites\/158\/2021\/12\/IMG_9467-scaled.jpeg\" data-link=\"https:\/\/etab.ac-reunion.fr\/clg-ravine-des-cabris\/2021\/12\/09\/les-4-novalis-aux-jo-des-taaf\/img_9467\/\" class=\"wp-image-1569\" srcset=\"https:\/\/etab.ac-reunion.fr\/clg-ravine-des-cabris\/wp-content\/uploads\/sites\/158\/2021\/12\/IMG_9467-1920x1440.jpeg 1920w, https:\/\/etab.ac-reunion.fr\/clg-ravine-des-cabris\/wp-content\/uploads\/sites\/158\/2021\/12\/IMG_9467-800x600.jpeg 800w, https:\/\/etab.ac-reunion.fr\/clg-ravine-des-cabris\/wp-content\/uploads\/sites\/158\/2021\/12\/IMG_9467-768x576.jpeg 768w, https:\/\/etab.ac-reunion.fr\/clg-ravine-des-cabris\/wp-content\/uploads\/sites\/158\/2021\/12\/IMG_9467-1536x1152.jpeg 1536w, https:\/\/etab.ac-reunion.fr\/clg-ravine-des-cabris\/wp-content\/uploads\/sites\/158\/2021\/12\/IMG_9467-2048x1536.jpeg 2048w, https:\/\/etab.ac-reunion.fr\/clg-ravine-des-cabris\/wp-content\/uploads\/sites\/158\/2021\/12\/IMG_9467-176x132.jpeg 176w\" sizes=\"auto, (max-width: 1920px) 100vw, 1920px\" \/><\/a><\/figure><\/li><li class=\"blocks-gallery-item\"><figure><a href=\"http:\/\/wpetab.ac-reunion.fr\/ravinedescabris\/wp-content\/uploads\/sites\/158\/2021\/12\/IMG_9468-scaled.jpeg\"><img loading=\"lazy\" decoding=\"async\" width=\"1920\" height=\"1440\" src=\"http:\/\/wpetab.ac-reunion.fr\/ravinedescabris\/wp-content\/uploads\/sites\/158\/2021\/12\/IMG_9468-1920x1440.jpeg\" alt=\"\" data-id=\"1568\" data-full-url=\"http:\/\/wpetab.ac-reunion.fr\/ravinedescabris\/wp-content\/uploads\/sites\/158\/2021\/12\/IMG_9468-scaled.jpeg\" data-link=\"https:\/\/etab.ac-reunion.fr\/clg-ravine-des-cabris\/2021\/12\/09\/les-4-novalis-aux-jo-des-taaf\/img_9468\/\" class=\"wp-image-1568\" srcset=\"https:\/\/etab.ac-reunion.fr\/clg-ravine-des-cabris\/wp-content\/uploads\/sites\/158\/2021\/12\/IMG_9468-1920x1440.jpeg 1920w, https:\/\/etab.ac-reunion.fr\/clg-ravine-des-cabris\/wp-content\/uploads\/sites\/158\/2021\/12\/IMG_9468-800x600.jpeg 800w, https:\/\/etab.ac-reunion.fr\/clg-ravine-des-cabris\/wp-content\/uploads\/sites\/158\/2021\/12\/IMG_9468-768x576.jpeg 768w, https:\/\/etab.ac-reunion.fr\/clg-ravine-des-cabris\/wp-content\/uploads\/sites\/158\/2021\/12\/IMG_9468-1536x1152.jpeg 1536w, https:\/\/etab.ac-reunion.fr\/clg-ravine-des-cabris\/wp-content\/uploads\/sites\/158\/2021\/12\/IMG_9468-2048x1536.jpeg 2048w, https:\/\/etab.ac-reunion.fr\/clg-ravine-des-cabris\/wp-content\/uploads\/sites\/158\/2021\/12\/IMG_9468-176x132.jpeg 176w\" sizes=\"auto, (max-width: 1920px) 100vw, 1920px\" \/><\/a><\/figure><\/li><li class=\"blocks-gallery-item\"><figure><a href=\"http:\/\/wpetab.ac-reunion.fr\/ravinedescabris\/wp-content\/uploads\/sites\/158\/2021\/12\/IMG_0453-scaled.jpeg\"><img loading=\"lazy\" decoding=\"async\" width=\"1440\" height=\"1920\" src=\"http:\/\/wpetab.ac-reunion.fr\/ravinedescabris\/wp-content\/uploads\/sites\/158\/2021\/12\/IMG_0453-1440x1920.jpeg\" alt=\"\" data-id=\"1567\" data-full-url=\"http:\/\/wpetab.ac-reunion.fr\/ravinedescabris\/wp-content\/uploads\/sites\/158\/2021\/12\/IMG_0453-scaled.jpeg\" data-link=\"https:\/\/etab.ac-reunion.fr\/clg-ravine-des-cabris\/2021\/12\/09\/les-4-novalis-aux-jo-des-taaf\/img_0453\/\" class=\"wp-image-1567\" srcset=\"https:\/\/etab.ac-reunion.fr\/clg-ravine-des-cabris\/wp-content\/uploads\/sites\/158\/2021\/12\/IMG_0453-1440x1920.jpeg 1440w, https:\/\/etab.ac-reunion.fr\/clg-ravine-des-cabris\/wp-content\/uploads\/sites\/158\/2021\/12\/IMG_0453-450x600.jpeg 450w, https:\/\/etab.ac-reunion.fr\/clg-ravine-des-cabris\/wp-content\/uploads\/sites\/158\/2021\/12\/IMG_0453-768x1024.jpeg 768w, https:\/\/etab.ac-reunion.fr\/clg-ravine-des-cabris\/wp-content\/uploads\/sites\/158\/2021\/12\/IMG_0453-1152x1536.jpeg 1152w, https:\/\/etab.ac-reunion.fr\/clg-ravine-des-cabris\/wp-content\/uploads\/sites\/158\/2021\/12\/IMG_0453-1536x2048.jpeg 1536w, https:\/\/etab.ac-reunion.fr\/clg-ravine-des-cabris\/wp-content\/uploads\/sites\/158\/2021\/12\/IMG_0453-99x132.jpeg 99w, https:\/\/etab.ac-reunion.fr\/clg-ravine-des-cabris\/wp-content\/uploads\/sites\/158\/2021\/12\/IMG_0453-scaled.jpeg 1920w\" sizes=\"auto, (max-width: 1440px) 100vw, 1440px\" \/><\/a><\/figure><\/li><li class=\"blocks-gallery-item\"><figure><a href=\"http:\/\/wpetab.ac-reunion.fr\/ravinedescabris\/wp-content\/uploads\/sites\/158\/2021\/12\/IMG_9469-scaled.jpeg\"><img loading=\"lazy\" decoding=\"async\" width=\"1920\" height=\"1440\" src=\"http:\/\/wpetab.ac-reunion.fr\/ravinedescabris\/wp-content\/uploads\/sites\/158\/2021\/12\/IMG_9469-1920x1440.jpeg\" alt=\"\" data-id=\"1566\" data-full-url=\"http:\/\/wpetab.ac-reunion.fr\/ravinedescabris\/wp-content\/uploads\/sites\/158\/2021\/12\/IMG_9469-scaled.jpeg\" data-link=\"https:\/\/etab.ac-reunion.fr\/clg-ravine-des-cabris\/2021\/12\/09\/les-4-novalis-aux-jo-des-taaf\/img_9469\/\" class=\"wp-image-1566\" srcset=\"https:\/\/etab.ac-reunion.fr\/clg-ravine-des-cabris\/wp-content\/uploads\/sites\/158\/2021\/12\/IMG_9469-1920x1440.jpeg 1920w, https:\/\/etab.ac-reunion.fr\/clg-ravine-des-cabris\/wp-content\/uploads\/sites\/158\/2021\/12\/IMG_9469-800x600.jpeg 800w, https:\/\/etab.ac-reunion.fr\/clg-ravine-des-cabris\/wp-content\/uploads\/sites\/158\/2021\/12\/IMG_9469-768x576.jpeg 768w, https:\/\/etab.ac-reunion.fr\/clg-ravine-des-cabris\/wp-content\/uploads\/sites\/158\/2021\/12\/IMG_9469-1536x1152.jpeg 1536w, https:\/\/etab.ac-reunion.fr\/clg-ravine-des-cabris\/wp-content\/uploads\/sites\/158\/2021\/12\/IMG_9469-2048x1536.jpeg 2048w, https:\/\/etab.ac-reunion.fr\/clg-ravine-des-cabris\/wp-content\/uploads\/sites\/158\/2021\/12\/IMG_9469-176x132.jpeg 176w\" sizes=\"auto, (max-width: 1920px) 100vw, 1920px\" \/><\/a><\/figure><\/li><li class=\"blocks-gallery-item\"><figure><a href=\"http:\/\/wpetab.ac-reunion.fr\/ravinedescabris\/wp-content\/uploads\/sites\/158\/2021\/12\/IMG_9470-scaled.jpeg\"><img loading=\"lazy\" decoding=\"async\" width=\"1920\" height=\"1440\" src=\"http:\/\/wpetab.ac-reunion.fr\/ravinedescabris\/wp-content\/uploads\/sites\/158\/2021\/12\/IMG_9470-1920x1440.jpeg\" alt=\"\" data-id=\"1564\" data-full-url=\"http:\/\/wpetab.ac-reunion.fr\/ravinedescabris\/wp-content\/uploads\/sites\/158\/2021\/12\/IMG_9470-scaled.jpeg\" data-link=\"https:\/\/etab.ac-reunion.fr\/clg-ravine-des-cabris\/2021\/12\/09\/les-4-novalis-aux-jo-des-taaf\/img_9470\/\" class=\"wp-image-1564\" srcset=\"https:\/\/etab.ac-reunion.fr\/clg-ravine-des-cabris\/wp-content\/uploads\/sites\/158\/2021\/12\/IMG_9470-1920x1440.jpeg 1920w, https:\/\/etab.ac-reunion.fr\/clg-ravine-des-cabris\/wp-content\/uploads\/sites\/158\/2021\/12\/IMG_9470-800x600.jpeg 800w, https:\/\/etab.ac-reunion.fr\/clg-ravine-des-cabris\/wp-content\/uploads\/sites\/158\/2021\/12\/IMG_9470-768x576.jpeg 768w, https:\/\/etab.ac-reunion.fr\/clg-ravine-des-cabris\/wp-content\/uploads\/sites\/158\/2021\/12\/IMG_9470-1536x1152.jpeg 1536w, https:\/\/etab.ac-reunion.fr\/clg-ravine-des-cabris\/wp-content\/uploads\/sites\/158\/2021\/12\/IMG_9470-2048x1536.jpeg 2048w, https:\/\/etab.ac-reunion.fr\/clg-ravine-des-cabris\/wp-content\/uploads\/sites\/158\/2021\/12\/IMG_9470-176x132.jpeg 176w\" sizes=\"auto, (max-width: 1920px) 100vw, 1920px\" \/><\/a><\/figure><\/li><li class=\"blocks-gallery-item\"><figure><a href=\"http:\/\/wpetab.ac-reunion.fr\/ravinedescabris\/wp-content\/uploads\/sites\/158\/2021\/12\/IMG_0452-scaled.jpeg\"><img loading=\"lazy\" decoding=\"async\" width=\"1440\" height=\"1920\" src=\"http:\/\/wpetab.ac-reunion.fr\/ravinedescabris\/wp-content\/uploads\/sites\/158\/2021\/12\/IMG_0452-1440x1920.jpeg\" alt=\"\" data-id=\"1570\" data-full-url=\"http:\/\/wpetab.ac-reunion.fr\/ravinedescabris\/wp-content\/uploads\/sites\/158\/2021\/12\/IMG_0452-scaled.jpeg\" data-link=\"https:\/\/etab.ac-reunion.fr\/clg-ravine-des-cabris\/2021\/12\/09\/les-4-novalis-aux-jo-des-taaf\/img_0452\/\" class=\"wp-image-1570\" srcset=\"https:\/\/etab.ac-reunion.fr\/clg-ravine-des-cabris\/wp-content\/uploads\/sites\/158\/2021\/12\/IMG_0452-1440x1920.jpeg 1440w, https:\/\/etab.ac-reunion.fr\/clg-ravine-des-cabris\/wp-content\/uploads\/sites\/158\/2021\/12\/IMG_0452-450x600.jpeg 450w, https:\/\/etab.ac-reunion.fr\/clg-ravine-des-cabris\/wp-content\/uploads\/sites\/158\/2021\/12\/IMG_0452-768x1024.jpeg 768w, https:\/\/etab.ac-reunion.fr\/clg-ravine-des-cabris\/wp-content\/uploads\/sites\/158\/2021\/12\/IMG_0452-1152x1536.jpeg 1152w, https:\/\/etab.ac-reunion.fr\/clg-ravine-des-cabris\/wp-content\/uploads\/sites\/158\/2021\/12\/IMG_0452-1536x2048.jpeg 1536w, https:\/\/etab.ac-reunion.fr\/clg-ravine-des-cabris\/wp-content\/uploads\/sites\/158\/2021\/12\/IMG_0452-99x132.jpeg 99w, https:\/\/etab.ac-reunion.fr\/clg-ravine-des-cabris\/wp-content\/uploads\/sites\/158\/2021\/12\/IMG_0452-scaled.jpeg 1920w\" sizes=\"auto, (max-width: 1440px) 100vw, 1440px\" \/><\/a><\/figure><\/li><li class=\"blocks-gallery-item\"><figure><a href=\"http:\/\/wpetab.ac-reunion.fr\/ravinedescabris\/wp-content\/uploads\/sites\/158\/2021\/12\/IMG_0450-scaled.jpeg\"><img loading=\"lazy\" decoding=\"async\" width=\"1440\" height=\"1920\" src=\"http:\/\/wpetab.ac-reunion.fr\/ravinedescabris\/wp-content\/uploads\/sites\/158\/2021\/12\/IMG_0450-1440x1920.jpeg\" alt=\"\" data-id=\"1571\" data-full-url=\"http:\/\/wpetab.ac-reunion.fr\/ravinedescabris\/wp-content\/uploads\/sites\/158\/2021\/12\/IMG_0450-scaled.jpeg\" data-link=\"https:\/\/etab.ac-reunion.fr\/clg-ravine-des-cabris\/2021\/12\/09\/les-4-novalis-aux-jo-des-taaf\/img_0450\/\" class=\"wp-image-1571\" srcset=\"https:\/\/etab.ac-reunion.fr\/clg-ravine-des-cabris\/wp-content\/uploads\/sites\/158\/2021\/12\/IMG_0450-1440x1920.jpeg 1440w, https:\/\/etab.ac-reunion.fr\/clg-ravine-des-cabris\/wp-content\/uploads\/sites\/158\/2021\/12\/IMG_0450-450x600.jpeg 450w, https:\/\/etab.ac-reunion.fr\/clg-ravine-des-cabris\/wp-content\/uploads\/sites\/158\/2021\/12\/IMG_0450-768x1024.jpeg 768w, https:\/\/etab.ac-reunion.fr\/clg-ravine-des-cabris\/wp-content\/uploads\/sites\/158\/2021\/12\/IMG_0450-1152x1536.jpeg 1152w, https:\/\/etab.ac-reunion.fr\/clg-ravine-des-cabris\/wp-content\/uploads\/sites\/158\/2021\/12\/IMG_0450-1536x2048.jpeg 1536w, https:\/\/etab.ac-reunion.fr\/clg-ravine-des-cabris\/wp-content\/uploads\/sites\/158\/2021\/12\/IMG_0450-99x132.jpeg 99w, https:\/\/etab.ac-reunion.fr\/clg-ravine-des-cabris\/wp-content\/uploads\/sites\/158\/2021\/12\/IMG_0450-scaled.jpeg 1920w\" sizes=\"auto, (max-width: 1440px) 100vw, 1440px\" \/><\/a><\/figure><\/li><li class=\"blocks-gallery-item\"><figure><a href=\"http:\/\/wpetab.ac-reunion.fr\/ravinedescabris\/wp-content\/uploads\/sites\/158\/2021\/12\/IMG_0449-scaled.jpeg\"><img loading=\"lazy\" decoding=\"async\" width=\"1440\" height=\"1920\" src=\"http:\/\/wpetab.ac-reunion.fr\/ravinedescabris\/wp-content\/uploads\/sites\/158\/2021\/12\/IMG_0449-1440x1920.jpeg\" alt=\"\" data-id=\"1573\" data-full-url=\"http:\/\/wpetab.ac-reunion.fr\/ravinedescabris\/wp-content\/uploads\/sites\/158\/2021\/12\/IMG_0449-scaled.jpeg\" data-link=\"https:\/\/etab.ac-reunion.fr\/clg-ravine-des-cabris\/2021\/12\/09\/les-4-novalis-aux-jo-des-taaf\/img_0449\/\" class=\"wp-image-1573\" srcset=\"https:\/\/etab.ac-reunion.fr\/clg-ravine-des-cabris\/wp-content\/uploads\/sites\/158\/2021\/12\/IMG_0449-1440x1920.jpeg 1440w, https:\/\/etab.ac-reunion.fr\/clg-ravine-des-cabris\/wp-content\/uploads\/sites\/158\/2021\/12\/IMG_0449-450x600.jpeg 450w, https:\/\/etab.ac-reunion.fr\/clg-ravine-des-cabris\/wp-content\/uploads\/sites\/158\/2021\/12\/IMG_0449-768x1024.jpeg 768w, https:\/\/etab.ac-reunion.fr\/clg-ravine-des-cabris\/wp-content\/uploads\/sites\/158\/2021\/12\/IMG_0449-1152x1536.jpeg 1152w, https:\/\/etab.ac-reunion.fr\/clg-ravine-des-cabris\/wp-content\/uploads\/sites\/158\/2021\/12\/IMG_0449-1536x2048.jpeg 1536w, https:\/\/etab.ac-reunion.fr\/clg-ravine-des-cabris\/wp-content\/uploads\/sites\/158\/2021\/12\/IMG_0449-99x132.jpeg 99w, https:\/\/etab.ac-reunion.fr\/clg-ravine-des-cabris\/wp-content\/uploads\/sites\/158\/2021\/12\/IMG_0449-scaled.jpeg 1920w\" sizes=\"auto, (max-width: 1440px) 100vw, 1440px\" \/><\/a><\/figure><\/li><li class=\"blocks-gallery-item\"><figure><a href=\"http:\/\/wpetab.ac-reunion.fr\/ravinedescabris\/wp-content\/uploads\/sites\/158\/2021\/12\/IMG_0448-scaled.jpeg\"><img loading=\"lazy\" decoding=\"async\" width=\"1440\" height=\"1920\" src=\"http:\/\/wpetab.ac-reunion.fr\/ravinedescabris\/wp-content\/uploads\/sites\/158\/2021\/12\/IMG_0448-1440x1920.jpeg\" alt=\"\" data-id=\"1574\" data-full-url=\"http:\/\/wpetab.ac-reunion.fr\/ravinedescabris\/wp-content\/uploads\/sites\/158\/2021\/12\/IMG_0448-scaled.jpeg\" data-link=\"https:\/\/etab.ac-reunion.fr\/clg-ravine-des-cabris\/2021\/12\/09\/les-4-novalis-aux-jo-des-taaf\/img_0448\/\" class=\"wp-image-1574\" srcset=\"https:\/\/etab.ac-reunion.fr\/clg-ravine-des-cabris\/wp-content\/uploads\/sites\/158\/2021\/12\/IMG_0448-1440x1920.jpeg 1440w, https:\/\/etab.ac-reunion.fr\/clg-ravine-des-cabris\/wp-content\/uploads\/sites\/158\/2021\/12\/IMG_0448-450x600.jpeg 450w, https:\/\/etab.ac-reunion.fr\/clg-ravine-des-cabris\/wp-content\/uploads\/sites\/158\/2021\/12\/IMG_0448-768x1024.jpeg 768w, https:\/\/etab.ac-reunion.fr\/clg-ravine-des-cabris\/wp-content\/uploads\/sites\/158\/2021\/12\/IMG_0448-1152x1536.jpeg 1152w, https:\/\/etab.ac-reunion.fr\/clg-ravine-des-cabris\/wp-content\/uploads\/sites\/158\/2021\/12\/IMG_0448-1536x2048.jpeg 1536w, https:\/\/etab.ac-reunion.fr\/clg-ravine-des-cabris\/wp-content\/uploads\/sites\/158\/2021\/12\/IMG_0448-99x132.jpeg 99w, https:\/\/etab.ac-reunion.fr\/clg-ravine-des-cabris\/wp-content\/uploads\/sites\/158\/2021\/12\/IMG_0448-scaled.jpeg 1920w\" sizes=\"auto, (max-width: 1440px) 100vw, 1440px\" \/><\/a><\/figure><\/li><li class=\"blocks-gallery-item\"><figure><a href=\"http:\/\/wpetab.ac-reunion.fr\/ravinedescabris\/wp-content\/uploads\/sites\/158\/2021\/12\/IMG_0447-scaled.jpeg\"><img loading=\"lazy\" decoding=\"async\" width=\"1440\" height=\"1920\" src=\"http:\/\/wpetab.ac-reunion.fr\/ravinedescabris\/wp-content\/uploads\/sites\/158\/2021\/12\/IMG_0447-1440x1920.jpeg\" alt=\"\" data-id=\"1575\" data-full-url=\"http:\/\/wpetab.ac-reunion.fr\/ravinedescabris\/wp-content\/uploads\/sites\/158\/2021\/12\/IMG_0447-scaled.jpeg\" data-link=\"https:\/\/etab.ac-reunion.fr\/clg-ravine-des-cabris\/2021\/12\/09\/les-4-novalis-aux-jo-des-taaf\/img_0447\/\" class=\"wp-image-1575\" srcset=\"https:\/\/etab.ac-reunion.fr\/clg-ravine-des-cabris\/wp-content\/uploads\/sites\/158\/2021\/12\/IMG_0447-1440x1920.jpeg 1440w, https:\/\/etab.ac-reunion.fr\/clg-ravine-des-cabris\/wp-content\/uploads\/sites\/158\/2021\/12\/IMG_0447-450x600.jpeg 450w, https:\/\/etab.ac-reunion.fr\/clg-ravine-des-cabris\/wp-content\/uploads\/sites\/158\/2021\/12\/IMG_0447-768x1024.jpeg 768w, https:\/\/etab.ac-reunion.fr\/clg-ravine-des-cabris\/wp-content\/uploads\/sites\/158\/2021\/12\/IMG_0447-1152x1536.jpeg 1152w, https:\/\/etab.ac-reunion.fr\/clg-ravine-des-cabris\/wp-content\/uploads\/sites\/158\/2021\/12\/IMG_0447-1536x2048.jpeg 1536w, https:\/\/etab.ac-reunion.fr\/clg-ravine-des-cabris\/wp-content\/uploads\/sites\/158\/2021\/12\/IMG_0447-99x132.jpeg 99w, https:\/\/etab.ac-reunion.fr\/clg-ravine-des-cabris\/wp-content\/uploads\/sites\/158\/2021\/12\/IMG_0447-scaled.jpeg 1920w\" sizes=\"auto, (max-width: 1440px) 100vw, 1440px\" \/><\/a><\/figure><\/li><li class=\"blocks-gallery-item\"><figure><a href=\"http:\/\/wpetab.ac-reunion.fr\/ravinedescabris\/wp-content\/uploads\/sites\/158\/2021\/12\/IMG_9462-scaled.jpeg\"><img loading=\"lazy\" decoding=\"async\" width=\"1920\" height=\"1440\" src=\"http:\/\/wpetab.ac-reunion.fr\/ravinedescabris\/wp-content\/uploads\/sites\/158\/2021\/12\/IMG_9462-1920x1440.jpeg\" alt=\"\" data-id=\"1581\" data-full-url=\"http:\/\/wpetab.ac-reunion.fr\/ravinedescabris\/wp-content\/uploads\/sites\/158\/2021\/12\/IMG_9462-scaled.jpeg\" data-link=\"https:\/\/etab.ac-reunion.fr\/clg-ravine-des-cabris\/2021\/12\/09\/les-4-novalis-aux-jo-des-taaf\/img_9462\/\" class=\"wp-image-1581\" srcset=\"https:\/\/etab.ac-reunion.fr\/clg-ravine-des-cabris\/wp-content\/uploads\/sites\/158\/2021\/12\/IMG_9462-1920x1440.jpeg 1920w, https:\/\/etab.ac-reunion.fr\/clg-ravine-des-cabris\/wp-content\/uploads\/sites\/158\/2021\/12\/IMG_9462-800x600.jpeg 800w, https:\/\/etab.ac-reunion.fr\/clg-ravine-des-cabris\/wp-content\/uploads\/sites\/158\/2021\/12\/IMG_9462-768x576.jpeg 768w, https:\/\/etab.ac-reunion.fr\/clg-ravine-des-cabris\/wp-content\/uploads\/sites\/158\/2021\/12\/IMG_9462-1536x1152.jpeg 1536w, https:\/\/etab.ac-reunion.fr\/clg-ravine-des-cabris\/wp-content\/uploads\/sites\/158\/2021\/12\/IMG_9462-2048x1536.jpeg 2048w, https:\/\/etab.ac-reunion.fr\/clg-ravine-des-cabris\/wp-content\/uploads\/sites\/158\/2021\/12\/IMG_9462-176x132.jpeg 176w\" sizes=\"auto, (max-width: 1920px) 100vw, 1920px\" \/><\/a><\/figure><\/li><li class=\"blocks-gallery-item\"><figure><a href=\"http:\/\/wpetab.ac-reunion.fr\/ravinedescabris\/wp-content\/uploads\/sites\/158\/2021\/12\/IMG_9459-scaled.jpeg\"><img loading=\"lazy\" decoding=\"async\" width=\"1920\" height=\"1440\" src=\"http:\/\/wpetab.ac-reunion.fr\/ravinedescabris\/wp-content\/uploads\/sites\/158\/2021\/12\/IMG_9459-1920x1440.jpeg\" alt=\"\" data-id=\"1582\" data-full-url=\"http:\/\/wpetab.ac-reunion.fr\/ravinedescabris\/wp-content\/uploads\/sites\/158\/2021\/12\/IMG_9459-scaled.jpeg\" data-link=\"https:\/\/etab.ac-reunion.fr\/clg-ravine-des-cabris\/2021\/12\/09\/les-4-novalis-aux-jo-des-taaf\/img_9459\/\" class=\"wp-image-1582\" srcset=\"https:\/\/etab.ac-reunion.fr\/clg-ravine-des-cabris\/wp-content\/uploads\/sites\/158\/2021\/12\/IMG_9459-1920x1440.jpeg 1920w, https:\/\/etab.ac-reunion.fr\/clg-ravine-des-cabris\/wp-content\/uploads\/sites\/158\/2021\/12\/IMG_9459-800x600.jpeg 800w, https:\/\/etab.ac-reunion.fr\/clg-ravine-des-cabris\/wp-content\/uploads\/sites\/158\/2021\/12\/IMG_9459-768x576.jpeg 768w, https:\/\/etab.ac-reunion.fr\/clg-ravine-des-cabris\/wp-content\/uploads\/sites\/158\/2021\/12\/IMG_9459-1536x1152.jpeg 1536w, https:\/\/etab.ac-reunion.fr\/clg-ravine-des-cabris\/wp-content\/uploads\/sites\/158\/2021\/12\/IMG_9459-2048x1536.jpeg 2048w, https:\/\/etab.ac-reunion.fr\/clg-ravine-des-cabris\/wp-content\/uploads\/sites\/158\/2021\/12\/IMG_9459-176x132.jpeg 176w\" sizes=\"auto, (max-width: 1920px) 100vw, 1920px\" \/><\/a><\/figure><\/li><li class=\"blocks-gallery-item\"><figure><a href=\"http:\/\/wpetab.ac-reunion.fr\/ravinedescabris\/wp-content\/uploads\/sites\/158\/2021\/12\/IMG_9456-scaled.jpeg\"><img loading=\"lazy\" decoding=\"async\" width=\"1920\" height=\"1440\" src=\"http:\/\/wpetab.ac-reunion.fr\/ravinedescabris\/wp-content\/uploads\/sites\/158\/2021\/12\/IMG_9456-1920x1440.jpeg\" alt=\"\" data-id=\"1583\" data-full-url=\"http:\/\/wpetab.ac-reunion.fr\/ravinedescabris\/wp-content\/uploads\/sites\/158\/2021\/12\/IMG_9456-scaled.jpeg\" data-link=\"https:\/\/etab.ac-reunion.fr\/clg-ravine-des-cabris\/2021\/12\/09\/les-4-novalis-aux-jo-des-taaf\/img_9456\/\" class=\"wp-image-1583\" srcset=\"https:\/\/etab.ac-reunion.fr\/clg-ravine-des-cabris\/wp-content\/uploads\/sites\/158\/2021\/12\/IMG_9456-1920x1440.jpeg 1920w, https:\/\/etab.ac-reunion.fr\/clg-ravine-des-cabris\/wp-content\/uploads\/sites\/158\/2021\/12\/IMG_9456-800x600.jpeg 800w, https:\/\/etab.ac-reunion.fr\/clg-ravine-des-cabris\/wp-content\/uploads\/sites\/158\/2021\/12\/IMG_9456-768x576.jpeg 768w, https:\/\/etab.ac-reunion.fr\/clg-ravine-des-cabris\/wp-content\/uploads\/sites\/158\/2021\/12\/IMG_9456-1536x1152.jpeg 1536w, https:\/\/etab.ac-reunion.fr\/clg-ravine-des-cabris\/wp-content\/uploads\/sites\/158\/2021\/12\/IMG_9456-2048x1536.jpeg 2048w, https:\/\/etab.ac-reunion.fr\/clg-ravine-des-cabris\/wp-content\/uploads\/sites\/158\/2021\/12\/IMG_9456-176x132.jpeg 176w\" sizes=\"auto, (max-width: 1920px) 100vw, 1920px\" \/><\/a><\/figure><\/li><li class=\"blocks-gallery-item\"><figure><a href=\"http:\/\/wpetab.ac-reunion.fr\/ravinedescabris\/wp-content\/uploads\/sites\/158\/2021\/12\/IMG_9454-scaled.jpeg\"><img loading=\"lazy\" decoding=\"async\" width=\"1920\" height=\"1440\" src=\"http:\/\/wpetab.ac-reunion.fr\/ravinedescabris\/wp-content\/uploads\/sites\/158\/2021\/12\/IMG_9454-1920x1440.jpeg\" alt=\"\" data-id=\"1584\" data-full-url=\"http:\/\/wpetab.ac-reunion.fr\/ravinedescabris\/wp-content\/uploads\/sites\/158\/2021\/12\/IMG_9454-scaled.jpeg\" data-link=\"https:\/\/etab.ac-reunion.fr\/clg-ravine-des-cabris\/2021\/12\/09\/les-4-novalis-aux-jo-des-taaf\/img_9454\/\" class=\"wp-image-1584\" srcset=\"https:\/\/etab.ac-reunion.fr\/clg-ravine-des-cabris\/wp-content\/uploads\/sites\/158\/2021\/12\/IMG_9454-1920x1440.jpeg 1920w, https:\/\/etab.ac-reunion.fr\/clg-ravine-des-cabris\/wp-content\/uploads\/sites\/158\/2021\/12\/IMG_9454-800x600.jpeg 800w, https:\/\/etab.ac-reunion.fr\/clg-ravine-des-cabris\/wp-content\/uploads\/sites\/158\/2021\/12\/IMG_9454-768x576.jpeg 768w, https:\/\/etab.ac-reunion.fr\/clg-ravine-des-cabris\/wp-content\/uploads\/sites\/158\/2021\/12\/IMG_9454-1536x1152.jpeg 1536w, https:\/\/etab.ac-reunion.fr\/clg-ravine-des-cabris\/wp-content\/uploads\/sites\/158\/2021\/12\/IMG_9454-2048x1536.jpeg 2048w, https:\/\/etab.ac-reunion.fr\/clg-ravine-des-cabris\/wp-content\/uploads\/sites\/158\/2021\/12\/IMG_9454-176x132.jpeg 176w\" sizes=\"auto, (max-width: 1920px) 100vw, 1920px\" \/><\/a><\/figure><\/li><li class=\"blocks-gallery-item\"><figure><a href=\"http:\/\/wpetab.ac-reunion.fr\/ravinedescabris\/wp-content\/uploads\/sites\/158\/2021\/12\/IMG_9452-scaled.jpeg\"><img loading=\"lazy\" decoding=\"async\" width=\"1920\" height=\"1440\" src=\"http:\/\/wpetab.ac-reunion.fr\/ravinedescabris\/wp-content\/uploads\/sites\/158\/2021\/12\/IMG_9452-1920x1440.jpeg\" alt=\"\" data-id=\"1585\" data-full-url=\"http:\/\/wpetab.ac-reunion.fr\/ravinedescabris\/wp-content\/uploads\/sites\/158\/2021\/12\/IMG_9452-scaled.jpeg\" data-link=\"https:\/\/etab.ac-reunion.fr\/clg-ravine-des-cabris\/2021\/12\/09\/les-4-novalis-aux-jo-des-taaf\/img_9452\/\" class=\"wp-image-1585\" srcset=\"https:\/\/etab.ac-reunion.fr\/clg-ravine-des-cabris\/wp-content\/uploads\/sites\/158\/2021\/12\/IMG_9452-1920x1440.jpeg 1920w, https:\/\/etab.ac-reunion.fr\/clg-ravine-des-cabris\/wp-content\/uploads\/sites\/158\/2021\/12\/IMG_9452-800x600.jpeg 800w, https:\/\/etab.ac-reunion.fr\/clg-ravine-des-cabris\/wp-content\/uploads\/sites\/158\/2021\/12\/IMG_9452-768x576.jpeg 768w, https:\/\/etab.ac-reunion.fr\/clg-ravine-des-cabris\/wp-content\/uploads\/sites\/158\/2021\/12\/IMG_9452-1536x1152.jpeg 1536w, https:\/\/etab.ac-reunion.fr\/clg-ravine-des-cabris\/wp-content\/uploads\/sites\/158\/2021\/12\/IMG_9452-2048x1536.jpeg 2048w, https:\/\/etab.ac-reunion.fr\/clg-ravine-des-cabris\/wp-content\/uploads\/sites\/158\/2021\/12\/IMG_9452-176x132.jpeg 176w\" sizes=\"auto, (max-width: 1920px) 100vw, 1920px\" \/><\/a><\/figure><\/li><li class=\"blocks-gallery-item\"><figure><a href=\"http:\/\/wpetab.ac-reunion.fr\/ravinedescabris\/wp-content\/uploads\/sites\/158\/2021\/12\/IMG_9439-scaled.jpeg\"><img loading=\"lazy\" decoding=\"async\" width=\"1920\" height=\"1440\" src=\"http:\/\/wpetab.ac-reunion.fr\/ravinedescabris\/wp-content\/uploads\/sites\/158\/2021\/12\/IMG_9439-1920x1440.jpeg\" alt=\"\" data-id=\"1590\" data-full-url=\"http:\/\/wpetab.ac-reunion.fr\/ravinedescabris\/wp-content\/uploads\/sites\/158\/2021\/12\/IMG_9439-scaled.jpeg\" data-link=\"https:\/\/etab.ac-reunion.fr\/clg-ravine-des-cabris\/2021\/12\/09\/les-4-novalis-aux-jo-des-taaf\/img_9439\/\" class=\"wp-image-1590\" srcset=\"https:\/\/etab.ac-reunion.fr\/clg-ravine-des-cabris\/wp-content\/uploads\/sites\/158\/2021\/12\/IMG_9439-1920x1440.jpeg 1920w, https:\/\/etab.ac-reunion.fr\/clg-ravine-des-cabris\/wp-content\/uploads\/sites\/158\/2021\/12\/IMG_9439-800x600.jpeg 800w, https:\/\/etab.ac-reunion.fr\/clg-ravine-des-cabris\/wp-content\/uploads\/sites\/158\/2021\/12\/IMG_9439-768x576.jpeg 768w, https:\/\/etab.ac-reunion.fr\/clg-ravine-des-cabris\/wp-content\/uploads\/sites\/158\/2021\/12\/IMG_9439-1536x1152.jpeg 1536w, https:\/\/etab.ac-reunion.fr\/clg-ravine-des-cabris\/wp-content\/uploads\/sites\/158\/2021\/12\/IMG_9439-2048x1536.jpeg 2048w, https:\/\/etab.ac-reunion.fr\/clg-ravine-des-cabris\/wp-content\/uploads\/sites\/158\/2021\/12\/IMG_9439-176x132.jpeg 176w\" sizes=\"auto, (max-width: 1920px) 100vw, 1920px\" \/><\/a><\/figure><\/li><li class=\"blocks-gallery-item\"><figure><a href=\"http:\/\/wpetab.ac-reunion.fr\/ravinedescabris\/wp-content\/uploads\/sites\/158\/2021\/12\/IMG_9445-scaled.jpeg\"><img loading=\"lazy\" decoding=\"async\" width=\"1920\" height=\"1440\" src=\"http:\/\/wpetab.ac-reunion.fr\/ravinedescabris\/wp-content\/uploads\/sites\/158\/2021\/12\/IMG_9445-1920x1440.jpeg\" alt=\"\" data-id=\"1589\" data-full-url=\"http:\/\/wpetab.ac-reunion.fr\/ravinedescabris\/wp-content\/uploads\/sites\/158\/2021\/12\/IMG_9445-scaled.jpeg\" data-link=\"https:\/\/etab.ac-reunion.fr\/clg-ravine-des-cabris\/2021\/12\/09\/les-4-novalis-aux-jo-des-taaf\/img_9445\/\" class=\"wp-image-1589\" srcset=\"https:\/\/etab.ac-reunion.fr\/clg-ravine-des-cabris\/wp-content\/uploads\/sites\/158\/2021\/12\/IMG_9445-1920x1440.jpeg 1920w, https:\/\/etab.ac-reunion.fr\/clg-ravine-des-cabris\/wp-content\/uploads\/sites\/158\/2021\/12\/IMG_9445-800x600.jpeg 800w, https:\/\/etab.ac-reunion.fr\/clg-ravine-des-cabris\/wp-content\/uploads\/sites\/158\/2021\/12\/IMG_9445-768x576.jpeg 768w, https:\/\/etab.ac-reunion.fr\/clg-ravine-des-cabris\/wp-content\/uploads\/sites\/158\/2021\/12\/IMG_9445-1536x1152.jpeg 1536w, https:\/\/etab.ac-reunion.fr\/clg-ravine-des-cabris\/wp-content\/uploads\/sites\/158\/2021\/12\/IMG_9445-2048x1536.jpeg 2048w, https:\/\/etab.ac-reunion.fr\/clg-ravine-des-cabris\/wp-content\/uploads\/sites\/158\/2021\/12\/IMG_9445-176x132.jpeg 176w\" sizes=\"auto, (max-width: 1920px) 100vw, 1920px\" \/><\/a><\/figure><\/li><li class=\"blocks-gallery-item\"><figure><a href=\"http:\/\/wpetab.ac-reunion.fr\/ravinedescabris\/wp-content\/uploads\/sites\/158\/2021\/12\/IMG_9447-scaled.jpeg\"><img loading=\"lazy\" decoding=\"async\" width=\"1920\" height=\"1440\" src=\"http:\/\/wpetab.ac-reunion.fr\/ravinedescabris\/wp-content\/uploads\/sites\/158\/2021\/12\/IMG_9447-1920x1440.jpeg\" alt=\"\" data-id=\"1588\" data-full-url=\"http:\/\/wpetab.ac-reunion.fr\/ravinedescabris\/wp-content\/uploads\/sites\/158\/2021\/12\/IMG_9447-scaled.jpeg\" data-link=\"https:\/\/etab.ac-reunion.fr\/clg-ravine-des-cabris\/2021\/12\/09\/les-4-novalis-aux-jo-des-taaf\/img_9447\/\" class=\"wp-image-1588\" srcset=\"https:\/\/etab.ac-reunion.fr\/clg-ravine-des-cabris\/wp-content\/uploads\/sites\/158\/2021\/12\/IMG_9447-1920x1440.jpeg 1920w, https:\/\/etab.ac-reunion.fr\/clg-ravine-des-cabris\/wp-content\/uploads\/sites\/158\/2021\/12\/IMG_9447-800x600.jpeg 800w, https:\/\/etab.ac-reunion.fr\/clg-ravine-des-cabris\/wp-content\/uploads\/sites\/158\/2021\/12\/IMG_9447-768x576.jpeg 768w, https:\/\/etab.ac-reunion.fr\/clg-ravine-des-cabris\/wp-content\/uploads\/sites\/158\/2021\/12\/IMG_9447-1536x1152.jpeg 1536w, https:\/\/etab.ac-reunion.fr\/clg-ravine-des-cabris\/wp-content\/uploads\/sites\/158\/2021\/12\/IMG_9447-2048x1536.jpeg 2048w, https:\/\/etab.ac-reunion.fr\/clg-ravine-des-cabris\/wp-content\/uploads\/sites\/158\/2021\/12\/IMG_9447-176x132.jpeg 176w\" sizes=\"auto, (max-width: 1920px) 100vw, 1920px\" \/><\/a><\/figure><\/li><li class=\"blocks-gallery-item\"><figure><a href=\"http:\/\/wpetab.ac-reunion.fr\/ravinedescabris\/wp-content\/uploads\/sites\/158\/2021\/12\/IMG_9450-scaled.jpeg\"><img loading=\"lazy\" decoding=\"async\" width=\"1920\" height=\"1440\" src=\"http:\/\/wpetab.ac-reunion.fr\/ravinedescabris\/wp-content\/uploads\/sites\/158\/2021\/12\/IMG_9450-1920x1440.jpeg\" alt=\"\" data-id=\"1587\" data-full-url=\"http:\/\/wpetab.ac-reunion.fr\/ravinedescabris\/wp-content\/uploads\/sites\/158\/2021\/12\/IMG_9450-scaled.jpeg\" data-link=\"https:\/\/etab.ac-reunion.fr\/clg-ravine-des-cabris\/2021\/12\/09\/les-4-novalis-aux-jo-des-taaf\/img_9450\/\" class=\"wp-image-1587\" srcset=\"https:\/\/etab.ac-reunion.fr\/clg-ravine-des-cabris\/wp-content\/uploads\/sites\/158\/2021\/12\/IMG_9450-1920x1440.jpeg 1920w, https:\/\/etab.ac-reunion.fr\/clg-ravine-des-cabris\/wp-content\/uploads\/sites\/158\/2021\/12\/IMG_9450-800x600.jpeg 800w, https:\/\/etab.ac-reunion.fr\/clg-ravine-des-cabris\/wp-content\/uploads\/sites\/158\/2021\/12\/IMG_9450-768x576.jpeg 768w, https:\/\/etab.ac-reunion.fr\/clg-ravine-des-cabris\/wp-content\/uploads\/sites\/158\/2021\/12\/IMG_9450-1536x1152.jpeg 1536w, https:\/\/etab.ac-reunion.fr\/clg-ravine-des-cabris\/wp-content\/uploads\/sites\/158\/2021\/12\/IMG_9450-2048x1536.jpeg 2048w, https:\/\/etab.ac-reunion.fr\/clg-ravine-des-cabris\/wp-content\/uploads\/sites\/158\/2021\/12\/IMG_9450-176x132.jpeg 176w\" sizes=\"auto, (max-width: 1920px) 100vw, 1920px\" \/><\/a><\/figure><\/li><li class=\"blocks-gallery-item\"><figure><a href=\"http:\/\/wpetab.ac-reunion.fr\/ravinedescabris\/wp-content\/uploads\/sites\/158\/2021\/12\/IMG_9451-scaled.jpeg\"><img loading=\"lazy\" decoding=\"async\" width=\"1920\" height=\"1440\" src=\"http:\/\/wpetab.ac-reunion.fr\/ravinedescabris\/wp-content\/uploads\/sites\/158\/2021\/12\/IMG_9451-1920x1440.jpeg\" alt=\"\" data-id=\"1586\" data-full-url=\"http:\/\/wpetab.ac-reunion.fr\/ravinedescabris\/wp-content\/uploads\/sites\/158\/2021\/12\/IMG_9451-scaled.jpeg\" data-link=\"https:\/\/etab.ac-reunion.fr\/clg-ravine-des-cabris\/2021\/12\/09\/les-4-novalis-aux-jo-des-taaf\/img_9451\/\" class=\"wp-image-1586\" srcset=\"https:\/\/etab.ac-reunion.fr\/clg-ravine-des-cabris\/wp-content\/uploads\/sites\/158\/2021\/12\/IMG_9451-1920x1440.jpeg 1920w, https:\/\/etab.ac-reunion.fr\/clg-ravine-des-cabris\/wp-content\/uploads\/sites\/158\/2021\/12\/IMG_9451-800x600.jpeg 800w, https:\/\/etab.ac-reunion.fr\/clg-ravine-des-cabris\/wp-content\/uploads\/sites\/158\/2021\/12\/IMG_9451-768x576.jpeg 768w, https:\/\/etab.ac-reunion.fr\/clg-ravine-des-cabris\/wp-content\/uploads\/sites\/158\/2021\/12\/IMG_9451-1536x1152.jpeg 1536w, https:\/\/etab.ac-reunion.fr\/clg-ravine-des-cabris\/wp-content\/uploads\/sites\/158\/2021\/12\/IMG_9451-2048x1536.jpeg 2048w, https:\/\/etab.ac-reunion.fr\/clg-ravine-des-cabris\/wp-content\/uploads\/sites\/158\/2021\/12\/IMG_9451-176x132.jpeg 176w\" sizes=\"auto, (max-width: 1920px) 100vw, 1920px\" \/><\/a><\/figure><\/li><li class=\"blocks-gallery-item\"><figure><a href=\"http:\/\/wpetab.ac-reunion.fr\/ravinedescabris\/wp-content\/uploads\/sites\/158\/2021\/12\/IMG_9514-1.jpeg\"><img loading=\"lazy\" decoding=\"async\" width=\"800\" height=\"600\" src=\"http:\/\/wpetab.ac-reunion.fr\/ravinedescabris\/wp-content\/uploads\/sites\/158\/2021\/12\/IMG_9514-1-800x600.jpeg\" alt=\"\" data-id=\"1591\" data-full-url=\"http:\/\/wpetab.ac-reunion.fr\/ravinedescabris\/wp-content\/uploads\/sites\/158\/2021\/12\/IMG_9514-1.jpeg\" data-link=\"https:\/\/etab.ac-reunion.fr\/clg-ravine-des-cabris\/2021\/12\/09\/les-4-novalis-aux-jo-des-taaf\/img_9514-1\/\" class=\"wp-image-1591\" srcset=\"https:\/\/etab.ac-reunion.fr\/clg-ravine-des-cabris\/wp-content\/uploads\/sites\/158\/2021\/12\/IMG_9514-1-800x600.jpeg 800w, https:\/\/etab.ac-reunion.fr\/clg-ravine-des-cabris\/wp-content\/uploads\/sites\/158\/2021\/12\/IMG_9514-1-768x576.jpeg 768w, https:\/\/etab.ac-reunion.fr\/clg-ravine-des-cabris\/wp-content\/uploads\/sites\/158\/2021\/12\/IMG_9514-1-1536x1152.jpeg 1536w, https:\/\/etab.ac-reunion.fr\/clg-ravine-des-cabris\/wp-content\/uploads\/sites\/158\/2021\/12\/IMG_9514-1-176x132.jpeg 176w, https:\/\/etab.ac-reunion.fr\/clg-ravine-des-cabris\/wp-content\/uploads\/sites\/158\/2021\/12\/IMG_9514-1.jpeg 1920w\" sizes=\"auto, (max-width: 800px) 100vw, 800px\" \/><\/a><\/figure><\/li><\/ul><\/figure>\n","protected":false},"excerpt":{"rendered":"","protected":false},"author":28090,"featured_media":1491,"comment_status":"closed","ping_status":"closed","sticky":false,"template":"","format":"standard","meta":{"footnotes":"","_links_to":"","_links_to_target":""},"categories":[27,17,18],"tags":[],"class_list":["post-1426","post","type-post","status-publish","format-standard","has-post-thumbnail","hentry","category-education-physique-et-sportive","category-francais-latin","category-histoire-geographie-emc"],"_links":{"self":[{"href":"https:\/\/etab.ac-reunion.fr\/clg-ravine-des-cabris\/wp-json\/wp\/v2\/posts\/1426","targetHints":{"allow":["GET"]}}],"collection":[{"href":"https:\/\/etab.ac-reunion.fr\/clg-ravine-des-cabris\/wp-json\/wp\/v2\/posts"}],"about":[{"href":"https:\/\/etab.ac-reunion.fr\/clg-ravine-des-cabris\/wp-json\/wp\/v2\/types\/post"}],"author":[{"embeddable":true,"href":"https:\/\/etab.ac-reunion.fr\/clg-ravine-des-cabris\/wp-json\/wp\/v2\/users\/28090"}],"replies":[{"embeddable":true,"href":"https:\/\/etab.ac-reunion.fr\/clg-ravine-des-cabris\/wp-json\/wp\/v2\/comments?post=1426"}],"version-history":[{"count":6,"href":"https:\/\/etab.ac-reunion.fr\/clg-ravine-des-cabris\/wp-json\/wp\/v2\/posts\/1426\/revisions"}],"predecessor-version":[{"id":1624,"href":"https:\/\/etab.ac-reunion.fr\/clg-ravine-des-cabris\/wp-json\/wp\/v2\/posts\/1426\/revisions\/1624"}],"wp:featuredmedia":[{"embeddable":true,"href":"https:\/\/etab.ac-reunion.fr\/clg-ravine-des-cabris\/wp-json\/wp\/v2\/media\/1491"}],"wp:attachment":[{"href":"https:\/\/etab.ac-reunion.fr\/clg-ravine-des-cabris\/wp-json\/wp\/v2\/media?parent=1426"}],"wp:term":[{"taxonomy":"category","embeddable":true,"href":"https:\/\/etab.ac-reunion.fr\/clg-ravine-des-cabris\/wp-json\/wp\/v2\/categories?post=1426"},{"taxonomy":"post_tag","embeddable":true,"href":"https:\/\/etab.ac-reunion.fr\/clg-ravine-des-cabris\/wp-json\/wp\/v2\/tags?post=1426"}],"curies":[{"name":"wp","href":"https:\/\/api.w.org\/{rel}","templated":true}]}}