{"id":151,"date":"2020-10-08T11:21:14","date_gmt":"2020-10-08T09:21:14","guid":{"rendered":"http:\/\/college-ravinedescabris-tmp.ac-reunion.fr\/?p=151"},"modified":"2020-10-29T14:31:36","modified_gmt":"2020-10-29T13:31:36","slug":"il-etait-une-fois-la-muse-de-trois-bassins-au-college-ravine-des-cabris","status":"publish","type":"post","link":"https:\/\/etab.ac-reunion.fr\/clg-ravine-des-cabris\/2020\/10\/08\/il-etait-une-fois-la-muse-de-trois-bassins-au-college-ravine-des-cabris\/","title":{"rendered":"Il \u00e9tait une fois la muse de Trois-Bassins au coll\u00e8ge Ravine des cabris \u2026"},"content":{"rendered":"\n<div class=\"wp-block-image\"><figure class=\"alignleft size-large is-resized\"><img loading=\"lazy\" decoding=\"async\" src=\"http:\/\/wpetab.ac-reunion.fr\/ravinedescabris\/wp-content\/uploads\/sites\/158\/2020\/10\/Celimene.jpg\" alt=\"\" class=\"wp-image-152\" width=\"300\" height=\"191\" srcset=\"https:\/\/etab.ac-reunion.fr\/clg-ravine-des-cabris\/wp-content\/uploads\/sites\/158\/2020\/10\/Celimene.jpg 400w, https:\/\/etab.ac-reunion.fr\/clg-ravine-des-cabris\/wp-content\/uploads\/sites\/158\/2020\/10\/Celimene-300x191.jpg 300w\" sizes=\"auto, (max-width: 300px) 100vw, 300px\" \/><\/figure><\/div>\n\n\n\n<p>Dans le cadre de la Comm\u00e9moration de l\u2019abolition de l\u2019esclavage du 20 d\u00e9cembre 2018, les \u00e9l\u00e8ves de 5\u00e8me La Bourdonnais ont r\u00e9alis\u00e9 en cours d\u2019EMC une exposition de panneaux rendant compte du parcours particulier de femmes et d\u2019hommes ayant marqu\u00e9 l\u2019histoire et la culture r\u00e9unionnaises : Juliette Dodu, C\u00e9lim\u00e8ne Gaudieux, Edmond Albius, Anchaing, Cimandef, Raharianne.<\/p>\n\n\n\n<p>La pr\u00e9sentation des panneaux en classe enti\u00e8re a donn\u00e9 lieu \u00e0 un vote qui a d\u00e9termin\u00e9 quelle figure r\u00e9unionnaise donnerait son nom \u00e0 l\u2019actuelle 5\u00e8me&nbsp; La Bourdonnais.&nbsp;<\/p>\n\n\n\n<p>Ces personnalit\u00e9s ont ensuite servi de base \u00e0 un jeu de r\u00f4le en allemand et \u00e0 la cr\u00e9ation d\u2019avatars.<\/p>\n\n\n\n<p>Les \u00e9l\u00e8ves se sont majoritairement exprim\u00e9s pour la po\u00e9tesse CELIMENE GAUDIEUX qui donnera ainsi son nom \u00e0 la prochaine rentr\u00e9e \u00e0 une classe de 4\u00e8me.<\/p>\n\n\n\n<figure class=\"wp-block-embed-youtube wp-block-embed is-type-video is-provider-youtube wp-embed-aspect-16-9 wp-has-aspect-ratio\"><div class=\"wp-block-embed__wrapper\">\n<iframe loading=\"lazy\" title=\"Portrait Celimene\" width=\"1505\" height=\"847\" src=\"https:\/\/www.youtube.com\/embed\/YAtrJMsGdV4?feature=oembed\" frameborder=\"0\" allow=\"accelerometer; autoplay; clipboard-write; encrypted-media; gyroscope; picture-in-picture; web-share\" referrerpolicy=\"strict-origin-when-cross-origin\" allowfullscreen><\/iframe>\n<\/div><\/figure>\n\n\n\n<h3 class=\"wp-block-heading\">Portrait de C\u00e9lim\u00e8ne Gaudieux, la muse de Trois-Bassins :<\/h3>\n\n\n\n<p>Marie Monique, dite C\u00e9lim\u00e8ne, est n\u00e9e \u00e0 Saint-Paul le 20 avril 1807.Elle est la fille de Candide, une esclave cr\u00e9ole.<br>Deux mois apr\u00e8s sa naissance, elle est achet\u00e9e, avec sa m\u00e8re, par un cultivateur de La Saline, Louis Edmond Jean (ou Jeance).<br>Affranchie le 14 novembre 1811, en m\u00eame temps que sa fille, Candide \u00e9pouse Louis Edmond Jeance le 26 avril 1830.<br>Ce dernier, n\u00e9 \u00e0 Saint-Paul le 28 septembre 1789 est lui aussi d\u2019origine affranchie.<br>Le 3 octobre 1839, C\u00e9lim\u00e8ne \u00e9pouse un ancien gendarme, Pierre Gaudieux, \u00e2g\u00e9 de 24 ans et originaire de la Dordogne. Le couple s\u2019installe \u00e0 la Saline, sur la route de Trois Bassins, o\u00f9 ils tiennent une auberge, relais d\u2019\u00e9tape entre Saint-Paul et Saint-Leu. C\u2019est le lieu de rendezvous des voyageurs qui empruntent la route nationale reliant le nord au sud de l\u2019\u00eele.<br>&nbsp; &nbsp;&nbsp;<br>Dans son auberge baptis\u00e9e \u00ab H\u00f4tel des hommes d\u2019esprit, les imb\u00e9ciles doivent passer sans s\u2019y arr\u00eater\u00bb, C\u00e9lim\u00e8ne distrait les voyageurs, par des chansons souvent compos\u00e9es \u00e0 partir de ses propres po\u00e8mes, qu\u2019elle interpr\u00e8te en s\u2019accompagnant de sa guitare.<br>C\u00e9lim\u00e8ne est une femme d\u2019une vive intelligence. Elle \u00e9crit aussi bien en vers qu\u2019en prose, en fran\u00e7ais et en cr\u00e9ole, ce qui est tr\u00e8s m\u00e9ritoire, car elle n\u2019a pas fr\u00e9quent\u00e9 l\u2019\u00e9cole en raison de son statut d\u2019esclave. Ses vers sont dit-elle \u00ab \u00e0 tort et \u00e0 travers \u00bb. Sans c\u00e9sure, ni \u00e9lision, ils riment seulement pour l\u2019oreille.<br>Sa renomm\u00e9e d\u00e9passe bien vite le cadre de son village de La Saline. Les voyageurs venant de Saint-Denis ou de Saint-Pierre ne manquent jamais de s\u2019arr\u00eater chez elle.<br>Symbole de la po\u00e9sie populaire r\u00e9unionnaise, C\u00e9lim\u00e8ne s\u2019\u00e9teint \u00e0 Saint-Paul le 13 juillet 1864.<\/p>\n\n\n\n<figure class=\"wp-block-gallery columns-2 is-cropped fancybox-iframe wp-block-gallery-1 is-layout-flex wp-block-gallery-is-layout-flex\"><ul class=\"blocks-gallery-grid\"><li class=\"blocks-gallery-item\"><figure><a href=\"http:\/\/wpetab.ac-reunion.fr\/ravinedescabris\/wp-content\/uploads\/sites\/158\/2020\/10\/Celimene01.jpg\"><img loading=\"lazy\" decoding=\"async\" width=\"800\" height=\"597\" src=\"http:\/\/wpetab.ac-reunion.fr\/ravinedescabris\/wp-content\/uploads\/sites\/158\/2020\/10\/Celimene01.jpg\" alt=\"\" data-id=\"154\" data-full-url=\"http:\/\/wpetab.ac-reunion.fr\/ravinedescabris\/wp-content\/uploads\/sites\/158\/2020\/10\/Celimene01.jpg\" data-link=\"http:\/\/college-ravinedescabris-tmp.ac-reunion.fr\/?attachment_id=154\" class=\"wp-image-154\" srcset=\"https:\/\/etab.ac-reunion.fr\/clg-ravine-des-cabris\/wp-content\/uploads\/sites\/158\/2020\/10\/Celimene01.jpg 800w, https:\/\/etab.ac-reunion.fr\/clg-ravine-des-cabris\/wp-content\/uploads\/sites\/158\/2020\/10\/Celimene01-300x224.jpg 300w, https:\/\/etab.ac-reunion.fr\/clg-ravine-des-cabris\/wp-content\/uploads\/sites\/158\/2020\/10\/Celimene01-768x573.jpg 768w, https:\/\/etab.ac-reunion.fr\/clg-ravine-des-cabris\/wp-content\/uploads\/sites\/158\/2020\/10\/Celimene01-496x370.jpg 496w\" sizes=\"auto, (max-width: 800px) 100vw, 800px\" \/><\/a><\/figure><\/li><li class=\"blocks-gallery-item\"><figure><a href=\"http:\/\/wpetab.ac-reunion.fr\/ravinedescabris\/wp-content\/uploads\/sites\/158\/2020\/10\/Celimene02.jpg\"><img loading=\"lazy\" decoding=\"async\" width=\"650\" height=\"600\" src=\"http:\/\/wpetab.ac-reunion.fr\/ravinedescabris\/wp-content\/uploads\/sites\/158\/2020\/10\/Celimene02.jpg\" alt=\"\" data-id=\"155\" data-full-url=\"http:\/\/wpetab.ac-reunion.fr\/ravinedescabris\/wp-content\/uploads\/sites\/158\/2020\/10\/Celimene02.jpg\" data-link=\"http:\/\/college-ravinedescabris-tmp.ac-reunion.fr\/?attachment_id=155\" class=\"wp-image-155\" srcset=\"https:\/\/etab.ac-reunion.fr\/clg-ravine-des-cabris\/wp-content\/uploads\/sites\/158\/2020\/10\/Celimene02.jpg 650w, https:\/\/etab.ac-reunion.fr\/clg-ravine-des-cabris\/wp-content\/uploads\/sites\/158\/2020\/10\/Celimene02-300x277.jpg 300w, https:\/\/etab.ac-reunion.fr\/clg-ravine-des-cabris\/wp-content\/uploads\/sites\/158\/2020\/10\/Celimene02-401x370.jpg 401w\" sizes=\"auto, (max-width: 650px) 100vw, 650px\" \/><\/a><\/figure><\/li><\/ul><\/figure>\n","protected":false},"excerpt":{"rendered":"","protected":false},"author":27941,"featured_media":251,"comment_status":"closed","ping_status":"closed","sticky":false,"template":"","format":"standard","meta":{"footnotes":"","_links_to":"","_links_to_target":""},"categories":[18],"tags":[],"class_list":["post-151","post","type-post","status-publish","format-standard","has-post-thumbnail","hentry","category-histoire-geographie-emc"],"_links":{"self":[{"href":"https:\/\/etab.ac-reunion.fr\/clg-ravine-des-cabris\/wp-json\/wp\/v2\/posts\/151","targetHints":{"allow":["GET"]}}],"collection":[{"href":"https:\/\/etab.ac-reunion.fr\/clg-ravine-des-cabris\/wp-json\/wp\/v2\/posts"}],"about":[{"href":"https:\/\/etab.ac-reunion.fr\/clg-ravine-des-cabris\/wp-json\/wp\/v2\/types\/post"}],"author":[{"embeddable":true,"href":"https:\/\/etab.ac-reunion.fr\/clg-ravine-des-cabris\/wp-json\/wp\/v2\/users\/27941"}],"replies":[{"embeddable":true,"href":"https:\/\/etab.ac-reunion.fr\/clg-ravine-des-cabris\/wp-json\/wp\/v2\/comments?post=151"}],"version-history":[{"count":5,"href":"https:\/\/etab.ac-reunion.fr\/clg-ravine-des-cabris\/wp-json\/wp\/v2\/posts\/151\/revisions"}],"predecessor-version":[{"id":326,"href":"https:\/\/etab.ac-reunion.fr\/clg-ravine-des-cabris\/wp-json\/wp\/v2\/posts\/151\/revisions\/326"}],"wp:featuredmedia":[{"embeddable":true,"href":"https:\/\/etab.ac-reunion.fr\/clg-ravine-des-cabris\/wp-json\/wp\/v2\/media\/251"}],"wp:attachment":[{"href":"https:\/\/etab.ac-reunion.fr\/clg-ravine-des-cabris\/wp-json\/wp\/v2\/media?parent=151"}],"wp:term":[{"taxonomy":"category","embeddable":true,"href":"https:\/\/etab.ac-reunion.fr\/clg-ravine-des-cabris\/wp-json\/wp\/v2\/categories?post=151"},{"taxonomy":"post_tag","embeddable":true,"href":"https:\/\/etab.ac-reunion.fr\/clg-ravine-des-cabris\/wp-json\/wp\/v2\/tags?post=151"}],"curies":[{"name":"wp","href":"https:\/\/api.w.org\/{rel}","templated":true}]}}