{"id":1631,"date":"2022-01-27T18:46:43","date_gmt":"2022-01-27T17:46:43","guid":{"rendered":"http:\/\/college-ravinedescabris.ac-reunion.fr\/?p=1631"},"modified":"2022-01-27T18:52:22","modified_gmt":"2022-01-27T17:52:22","slug":"la-nouvelle-hannah-est-arrivee","status":"publish","type":"post","link":"https:\/\/etab.ac-reunion.fr\/clg-ravine-des-cabris\/2022\/01\/27\/la-nouvelle-hannah-est-arrivee\/","title":{"rendered":"La nouvelle Hannah est arriv\u00e9e \u2026"},"content":{"rendered":"\n<p class=\"has-text-color\" style=\"color:#19191a\"><\/p>\n\n\n\n<blockquote class=\"wp-block-quote has-text-align-center is-style-large is-layout-flow wp-block-quote-is-layout-flow\"><p><strong><span style=\"color:#f20a96\" class=\"has-inline-color\">Apr\u00e8s avoir fait connaissance avec Hannah Arendt, les \u00e9l\u00e8ves germanistes de 6<sup>\u00e8me<\/sup> vous proposent une galerie de portraits tr\u00e8s personnels et r\u00e9jouissants\u00a0!<\/span><\/strong><\/p><\/blockquote>\n\n\n\n<figure class=\"wp-block-gallery columns-2 is-cropped wp-block-gallery-1 is-layout-flex wp-block-gallery-is-layout-flex\"><ul class=\"blocks-gallery-grid\"><li class=\"blocks-gallery-item\"><figure><a href=\"http:\/\/wpetab.ac-reunion.fr\/ravinedescabris\/wp-content\/uploads\/sites\/158\/2022\/01\/Capture-decran-2022-01-27-a-21.0-9.06.png\"><img loading=\"lazy\" decoding=\"async\" width=\"720\" height=\"1152\" src=\"http:\/\/wpetab.ac-reunion.fr\/ravinedescabris\/wp-content\/uploads\/sites\/158\/2022\/01\/Capture-decran-2022-01-27-a-21.0-9.06.png\" alt=\"\" data-id=\"1632\" data-full-url=\"http:\/\/wpetab.ac-reunion.fr\/ravinedescabris\/wp-content\/uploads\/sites\/158\/2022\/01\/Capture-decran-2022-01-27-a-21.0-9.06.png\" data-link=\"https:\/\/etab.ac-reunion.fr\/clg-ravine-des-cabris\/?attachment_id=1632\" class=\"wp-image-1632\" srcset=\"https:\/\/etab.ac-reunion.fr\/clg-ravine-des-cabris\/wp-content\/uploads\/sites\/158\/2022\/01\/Capture-decran-2022-01-27-a-21.0-9.06.png 720w, https:\/\/etab.ac-reunion.fr\/clg-ravine-des-cabris\/wp-content\/uploads\/sites\/158\/2022\/01\/Capture-decran-2022-01-27-a-21.0-9.06-375x600.png 375w, https:\/\/etab.ac-reunion.fr\/clg-ravine-des-cabris\/wp-content\/uploads\/sites\/158\/2022\/01\/Capture-decran-2022-01-27-a-21.0-9.06-83x132.png 83w\" sizes=\"auto, (max-width: 720px) 100vw, 720px\" \/><\/a><\/figure><\/li><li class=\"blocks-gallery-item\"><figure><a href=\"http:\/\/wpetab.ac-reunion.fr\/ravinedescabris\/wp-content\/uploads\/sites\/158\/2022\/01\/Capture-decran-2022-01-27-a-21.1-0.06.png\"><img loading=\"lazy\" decoding=\"async\" width=\"762\" height=\"1276\" src=\"http:\/\/wpetab.ac-reunion.fr\/ravinedescabris\/wp-content\/uploads\/sites\/158\/2022\/01\/Capture-decran-2022-01-27-a-21.1-0.06.png\" alt=\"\" data-id=\"1633\" data-full-url=\"http:\/\/wpetab.ac-reunion.fr\/ravinedescabris\/wp-content\/uploads\/sites\/158\/2022\/01\/Capture-decran-2022-01-27-a-21.1-0.06.png\" data-link=\"https:\/\/etab.ac-reunion.fr\/clg-ravine-des-cabris\/?attachment_id=1633\" class=\"wp-image-1633\" srcset=\"https:\/\/etab.ac-reunion.fr\/clg-ravine-des-cabris\/wp-content\/uploads\/sites\/158\/2022\/01\/Capture-decran-2022-01-27-a-21.1-0.06.png 762w, https:\/\/etab.ac-reunion.fr\/clg-ravine-des-cabris\/wp-content\/uploads\/sites\/158\/2022\/01\/Capture-decran-2022-01-27-a-21.1-0.06-358x600.png 358w, https:\/\/etab.ac-reunion.fr\/clg-ravine-des-cabris\/wp-content\/uploads\/sites\/158\/2022\/01\/Capture-decran-2022-01-27-a-21.1-0.06-79x132.png 79w\" sizes=\"auto, (max-width: 762px) 100vw, 762px\" \/><\/a><\/figure><\/li><li class=\"blocks-gallery-item\"><figure><a href=\"http:\/\/wpetab.ac-reunion.fr\/ravinedescabris\/wp-content\/uploads\/sites\/158\/2022\/01\/Capture-decran-2022-01-27-a-21.1-0.47.png\"><img loading=\"lazy\" decoding=\"async\" width=\"688\" height=\"1144\" src=\"http:\/\/wpetab.ac-reunion.fr\/ravinedescabris\/wp-content\/uploads\/sites\/158\/2022\/01\/Capture-decran-2022-01-27-a-21.1-0.47.png\" alt=\"\" data-id=\"1634\" data-full-url=\"http:\/\/wpetab.ac-reunion.fr\/ravinedescabris\/wp-content\/uploads\/sites\/158\/2022\/01\/Capture-decran-2022-01-27-a-21.1-0.47.png\" data-link=\"https:\/\/etab.ac-reunion.fr\/clg-ravine-des-cabris\/?attachment_id=1634\" class=\"wp-image-1634\" srcset=\"https:\/\/etab.ac-reunion.fr\/clg-ravine-des-cabris\/wp-content\/uploads\/sites\/158\/2022\/01\/Capture-decran-2022-01-27-a-21.1-0.47.png 688w, https:\/\/etab.ac-reunion.fr\/clg-ravine-des-cabris\/wp-content\/uploads\/sites\/158\/2022\/01\/Capture-decran-2022-01-27-a-21.1-0.47-361x600.png 361w, https:\/\/etab.ac-reunion.fr\/clg-ravine-des-cabris\/wp-content\/uploads\/sites\/158\/2022\/01\/Capture-decran-2022-01-27-a-21.1-0.47-79x132.png 79w\" sizes=\"auto, (max-width: 688px) 100vw, 688px\" \/><\/a><\/figure><\/li><li class=\"blocks-gallery-item\"><figure><a href=\"http:\/\/wpetab.ac-reunion.fr\/ravinedescabris\/wp-content\/uploads\/sites\/158\/2022\/01\/Capture-decran-2022-01-27-a-21.1-2.09.png\"><img loading=\"lazy\" decoding=\"async\" width=\"882\" height=\"1202\" src=\"http:\/\/wpetab.ac-reunion.fr\/ravinedescabris\/wp-content\/uploads\/sites\/158\/2022\/01\/Capture-decran-2022-01-27-a-21.1-2.09.png\" alt=\"\" data-id=\"1635\" data-full-url=\"http:\/\/wpetab.ac-reunion.fr\/ravinedescabris\/wp-content\/uploads\/sites\/158\/2022\/01\/Capture-decran-2022-01-27-a-21.1-2.09.png\" data-link=\"https:\/\/etab.ac-reunion.fr\/clg-ravine-des-cabris\/?attachment_id=1635\" class=\"wp-image-1635\" srcset=\"https:\/\/etab.ac-reunion.fr\/clg-ravine-des-cabris\/wp-content\/uploads\/sites\/158\/2022\/01\/Capture-decran-2022-01-27-a-21.1-2.09.png 882w, https:\/\/etab.ac-reunion.fr\/clg-ravine-des-cabris\/wp-content\/uploads\/sites\/158\/2022\/01\/Capture-decran-2022-01-27-a-21.1-2.09-440x600.png 440w, https:\/\/etab.ac-reunion.fr\/clg-ravine-des-cabris\/wp-content\/uploads\/sites\/158\/2022\/01\/Capture-decran-2022-01-27-a-21.1-2.09-768x1047.png 768w, https:\/\/etab.ac-reunion.fr\/clg-ravine-des-cabris\/wp-content\/uploads\/sites\/158\/2022\/01\/Capture-decran-2022-01-27-a-21.1-2.09-97x132.png 97w\" sizes=\"auto, (max-width: 882px) 100vw, 882px\" \/><\/a><\/figure><\/li><\/ul><\/figure>\n","protected":false},"excerpt":{"rendered":"","protected":false},"author":28090,"featured_media":1636,"comment_status":"closed","ping_status":"closed","sticky":false,"template":"","format":"standard","meta":{"footnotes":"","_links_to":"","_links_to_target":""},"categories":[35],"tags":[],"class_list":["post-1631","post","type-post","status-publish","format-standard","has-post-thumbnail","hentry","category-allemand"],"_links":{"self":[{"href":"https:\/\/etab.ac-reunion.fr\/clg-ravine-des-cabris\/wp-json\/wp\/v2\/posts\/1631","targetHints":{"allow":["GET"]}}],"collection":[{"href":"https:\/\/etab.ac-reunion.fr\/clg-ravine-des-cabris\/wp-json\/wp\/v2\/posts"}],"about":[{"href":"https:\/\/etab.ac-reunion.fr\/clg-ravine-des-cabris\/wp-json\/wp\/v2\/types\/post"}],"author":[{"embeddable":true,"href":"https:\/\/etab.ac-reunion.fr\/clg-ravine-des-cabris\/wp-json\/wp\/v2\/users\/28090"}],"replies":[{"embeddable":true,"href":"https:\/\/etab.ac-reunion.fr\/clg-ravine-des-cabris\/wp-json\/wp\/v2\/comments?post=1631"}],"version-history":[{"count":2,"href":"https:\/\/etab.ac-reunion.fr\/clg-ravine-des-cabris\/wp-json\/wp\/v2\/posts\/1631\/revisions"}],"predecessor-version":[{"id":1639,"href":"https:\/\/etab.ac-reunion.fr\/clg-ravine-des-cabris\/wp-json\/wp\/v2\/posts\/1631\/revisions\/1639"}],"wp:featuredmedia":[{"embeddable":true,"href":"https:\/\/etab.ac-reunion.fr\/clg-ravine-des-cabris\/wp-json\/wp\/v2\/media\/1636"}],"wp:attachment":[{"href":"https:\/\/etab.ac-reunion.fr\/clg-ravine-des-cabris\/wp-json\/wp\/v2\/media?parent=1631"}],"wp:term":[{"taxonomy":"category","embeddable":true,"href":"https:\/\/etab.ac-reunion.fr\/clg-ravine-des-cabris\/wp-json\/wp\/v2\/categories?post=1631"},{"taxonomy":"post_tag","embeddable":true,"href":"https:\/\/etab.ac-reunion.fr\/clg-ravine-des-cabris\/wp-json\/wp\/v2\/tags?post=1631"}],"curies":[{"name":"wp","href":"https:\/\/api.w.org\/{rel}","templated":true}]}}