{"id":1684,"date":"2022-04-20T19:21:43","date_gmt":"2022-04-20T17:21:43","guid":{"rendered":"http:\/\/college-ravinedescabris.ac-reunion.fr\/?p=1684"},"modified":"2022-04-20T19:21:45","modified_gmt":"2022-04-20T17:21:45","slug":"les-premiers-secours-au-college","status":"publish","type":"post","link":"https:\/\/etab.ac-reunion.fr\/clg-ravine-des-cabris\/2022\/04\/20\/les-premiers-secours-au-college\/","title":{"rendered":"Les Premiers Secours au Coll\u00e8ge"},"content":{"rendered":"\n<p class=\"has-text-align-left\">Au coll\u00e8ge de la Ravine des Cabris, tous les \u00e9l\u00e8ves de 3\u00e8me sont form\u00e9s aux gestes qui sauvent. Ils sont form\u00e9s \u00e0 venir en aide \u00e0 une victime et \u00e0 appeler les secours.<\/p>\n\n\n\n<figure class=\"wp-block-gallery has-nested-images columns-default is-cropped wp-block-gallery-1 is-layout-flex wp-block-gallery-is-layout-flex\">\n<figure class=\"wp-block-image size-large\"><img loading=\"lazy\" decoding=\"async\" width=\"1920\" height=\"1440\" data-id=\"1687\" src=\"http:\/\/wpetab.ac-reunion.fr\/ravinedescabris\/wp-content\/uploads\/sites\/158\/2022\/04\/IMG_1437-1920x1440.jpg\" alt=\"\" class=\"wp-image-1687\" srcset=\"https:\/\/etab.ac-reunion.fr\/clg-ravine-des-cabris\/wp-content\/uploads\/sites\/158\/2022\/04\/IMG_1437-1920x1440.jpg 1920w, https:\/\/etab.ac-reunion.fr\/clg-ravine-des-cabris\/wp-content\/uploads\/sites\/158\/2022\/04\/IMG_1437-800x600.jpg 800w, https:\/\/etab.ac-reunion.fr\/clg-ravine-des-cabris\/wp-content\/uploads\/sites\/158\/2022\/04\/IMG_1437-768x576.jpg 768w, https:\/\/etab.ac-reunion.fr\/clg-ravine-des-cabris\/wp-content\/uploads\/sites\/158\/2022\/04\/IMG_1437-1536x1152.jpg 1536w, https:\/\/etab.ac-reunion.fr\/clg-ravine-des-cabris\/wp-content\/uploads\/sites\/158\/2022\/04\/IMG_1437-2048x1536.jpg 2048w, https:\/\/etab.ac-reunion.fr\/clg-ravine-des-cabris\/wp-content\/uploads\/sites\/158\/2022\/04\/IMG_1437-176x132.jpg 176w\" sizes=\"auto, (max-width: 1920px) 100vw, 1920px\" \/><\/figure>\n\n\n\n<figure class=\"wp-block-image size-large\"><img loading=\"lazy\" decoding=\"async\" width=\"1440\" height=\"1920\" data-id=\"1686\" src=\"http:\/\/wpetab.ac-reunion.fr\/ravinedescabris\/wp-content\/uploads\/sites\/158\/2022\/04\/IMG_1425-1440x1920.jpg\" alt=\"\" class=\"wp-image-1686\" srcset=\"https:\/\/etab.ac-reunion.fr\/clg-ravine-des-cabris\/wp-content\/uploads\/sites\/158\/2022\/04\/IMG_1425-1440x1920.jpg 1440w, https:\/\/etab.ac-reunion.fr\/clg-ravine-des-cabris\/wp-content\/uploads\/sites\/158\/2022\/04\/IMG_1425-450x600.jpg 450w, https:\/\/etab.ac-reunion.fr\/clg-ravine-des-cabris\/wp-content\/uploads\/sites\/158\/2022\/04\/IMG_1425-768x1024.jpg 768w, https:\/\/etab.ac-reunion.fr\/clg-ravine-des-cabris\/wp-content\/uploads\/sites\/158\/2022\/04\/IMG_1425-1152x1536.jpg 1152w, https:\/\/etab.ac-reunion.fr\/clg-ravine-des-cabris\/wp-content\/uploads\/sites\/158\/2022\/04\/IMG_1425-1536x2048.jpg 1536w, https:\/\/etab.ac-reunion.fr\/clg-ravine-des-cabris\/wp-content\/uploads\/sites\/158\/2022\/04\/IMG_1425-99x132.jpg 99w, https:\/\/etab.ac-reunion.fr\/clg-ravine-des-cabris\/wp-content\/uploads\/sites\/158\/2022\/04\/IMG_1425-rotated.jpg 1773w\" sizes=\"auto, (max-width: 1440px) 100vw, 1440px\" \/><\/figure>\n\n\n\n<figure class=\"wp-block-image size-large\"><img loading=\"lazy\" decoding=\"async\" width=\"1440\" height=\"1920\" data-id=\"1685\" src=\"http:\/\/wpetab.ac-reunion.fr\/ravinedescabris\/wp-content\/uploads\/sites\/158\/2022\/04\/IMG_1422-1440x1920.jpg\" alt=\"\" class=\"wp-image-1685\" srcset=\"https:\/\/etab.ac-reunion.fr\/clg-ravine-des-cabris\/wp-content\/uploads\/sites\/158\/2022\/04\/IMG_1422-1440x1920.jpg 1440w, https:\/\/etab.ac-reunion.fr\/clg-ravine-des-cabris\/wp-content\/uploads\/sites\/158\/2022\/04\/IMG_1422-450x600.jpg 450w, https:\/\/etab.ac-reunion.fr\/clg-ravine-des-cabris\/wp-content\/uploads\/sites\/158\/2022\/04\/IMG_1422-768x1024.jpg 768w, https:\/\/etab.ac-reunion.fr\/clg-ravine-des-cabris\/wp-content\/uploads\/sites\/158\/2022\/04\/IMG_1422-1152x1536.jpg 1152w, https:\/\/etab.ac-reunion.fr\/clg-ravine-des-cabris\/wp-content\/uploads\/sites\/158\/2022\/04\/IMG_1422-1536x2048.jpg 1536w, https:\/\/etab.ac-reunion.fr\/clg-ravine-des-cabris\/wp-content\/uploads\/sites\/158\/2022\/04\/IMG_1422-99x132.jpg 99w, https:\/\/etab.ac-reunion.fr\/clg-ravine-des-cabris\/wp-content\/uploads\/sites\/158\/2022\/04\/IMG_1422-rotated.jpg 1773w\" sizes=\"auto, (max-width: 1440px) 100vw, 1440px\" \/><\/figure>\n<\/figure>\n\n\n\n<div class=\"wp-block-image\"><figure class=\"aligncenter size-full is-resized\"><a href=\"https:\/\/www.maif.fr\/files\/live\/sites\/maif-fr\/files\/pdf\/particuliers\/services-au-quotidien\/solutions-educatives\/depliant-formation-psc1.pdf\"><img loading=\"lazy\" decoding=\"async\" src=\"http:\/\/wpetab.ac-reunion.fr\/ravinedescabris\/wp-content\/uploads\/sites\/158\/2022\/04\/Depliant-Maif.jpg\" alt=\"\" class=\"wp-image-1689\" width=\"222\" height=\"244\" srcset=\"https:\/\/etab.ac-reunion.fr\/clg-ravine-des-cabris\/wp-content\/uploads\/sites\/158\/2022\/04\/Depliant-Maif.jpg 348w, https:\/\/etab.ac-reunion.fr\/clg-ravine-des-cabris\/wp-content\/uploads\/sites\/158\/2022\/04\/Depliant-Maif-120x132.jpg 120w\" sizes=\"auto, (max-width: 222px) 100vw, 222px\" \/><\/a><figcaption>D\u00e9pliant-formation-psc1<\/figcaption><\/figure><\/div>\n\n\n\n<p><\/p>\n\n\n\n<p><\/p>\n","protected":false},"excerpt":{"rendered":"","protected":false},"author":28491,"featured_media":0,"comment_status":"closed","ping_status":"closed","sticky":false,"template":"","format":"standard","meta":{"footnotes":"","_links_to":"","_links_to_target":""},"categories":[3,29,1,22],"tags":[],"class_list":["post-1684","post","type-post","status-publish","format-standard","hentry","category-accompagnement-educatif","category-developpement-durable","category-non-classe","category-s-v-t-physique"],"_links":{"self":[{"href":"https:\/\/etab.ac-reunion.fr\/clg-ravine-des-cabris\/wp-json\/wp\/v2\/posts\/1684","targetHints":{"allow":["GET"]}}],"collection":[{"href":"https:\/\/etab.ac-reunion.fr\/clg-ravine-des-cabris\/wp-json\/wp\/v2\/posts"}],"about":[{"href":"https:\/\/etab.ac-reunion.fr\/clg-ravine-des-cabris\/wp-json\/wp\/v2\/types\/post"}],"author":[{"embeddable":true,"href":"https:\/\/etab.ac-reunion.fr\/clg-ravine-des-cabris\/wp-json\/wp\/v2\/users\/28491"}],"replies":[{"embeddable":true,"href":"https:\/\/etab.ac-reunion.fr\/clg-ravine-des-cabris\/wp-json\/wp\/v2\/comments?post=1684"}],"version-history":[{"count":5,"href":"https:\/\/etab.ac-reunion.fr\/clg-ravine-des-cabris\/wp-json\/wp\/v2\/posts\/1684\/revisions"}],"predecessor-version":[{"id":1693,"href":"https:\/\/etab.ac-reunion.fr\/clg-ravine-des-cabris\/wp-json\/wp\/v2\/posts\/1684\/revisions\/1693"}],"wp:attachment":[{"href":"https:\/\/etab.ac-reunion.fr\/clg-ravine-des-cabris\/wp-json\/wp\/v2\/media?parent=1684"}],"wp:term":[{"taxonomy":"category","embeddable":true,"href":"https:\/\/etab.ac-reunion.fr\/clg-ravine-des-cabris\/wp-json\/wp\/v2\/categories?post=1684"},{"taxonomy":"post_tag","embeddable":true,"href":"https:\/\/etab.ac-reunion.fr\/clg-ravine-des-cabris\/wp-json\/wp\/v2\/tags?post=1684"}],"curies":[{"name":"wp","href":"https:\/\/api.w.org\/{rel}","templated":true}]}}