{"id":1852,"date":"2022-07-06T08:33:20","date_gmt":"2022-07-06T06:33:20","guid":{"rendered":"http:\/\/college-ravinedescabris.ac-reunion.fr\/?p=1852"},"modified":"2022-07-06T10:35:44","modified_gmt":"2022-07-06T08:35:44","slug":"projet-randonnee-sportive-4-eme-parcours-excellence","status":"publish","type":"post","link":"https:\/\/etab.ac-reunion.fr\/clg-ravine-des-cabris\/2022\/07\/06\/projet-randonnee-sportive-4-eme-parcours-excellence\/","title":{"rendered":"\u00ab\u00a0Projet Randonn\u00e9e sportive 4 \u00e8me parcours excellence\u00a0\u00bb"},"content":{"rendered":"\n<p>\u00ab\u00a0Projet Randonn\u00e9e sportive 4 \u00e8me parcours excellence. Col du Taibit \/Marla avec une nuit\u00e9e pour 25 \u00e9l\u00e8ves de 4 \u00e8me du coll\u00e8ge, s\u00e9lectionn\u00e9s pour leur assiduit\u00e9, leur comportement, et leur motivation lors du projet rando 5 \u00e8me. \u00ab\u00a0<\/p>\n\n\n\n<p><a href=\"https:\/\/youtube.com\/shorts\/Fw4sflusphY?feature=share\">https:\/\/youtube.com\/shorts\/Fw4sflusphY?feature=share<\/a><\/p>\n\n\n\n<p><\/p>\n\n\n\n<p><\/p>\n","protected":false},"excerpt":{"rendered":"","protected":false},"author":28090,"featured_media":1858,"comment_status":"closed","ping_status":"closed","sticky":false,"template":"","format":"standard","meta":{"footnotes":"","_links_to":"","_links_to_target":""},"categories":[27,48],"tags":[],"class_list":["post-1852","post","type-post","status-publish","format-standard","has-post-thumbnail","hentry","category-education-physique-et-sportive","category-unss"],"_links":{"self":[{"href":"https:\/\/etab.ac-reunion.fr\/clg-ravine-des-cabris\/wp-json\/wp\/v2\/posts\/1852","targetHints":{"allow":["GET"]}}],"collection":[{"href":"https:\/\/etab.ac-reunion.fr\/clg-ravine-des-cabris\/wp-json\/wp\/v2\/posts"}],"about":[{"href":"https:\/\/etab.ac-reunion.fr\/clg-ravine-des-cabris\/wp-json\/wp\/v2\/types\/post"}],"author":[{"embeddable":true,"href":"https:\/\/etab.ac-reunion.fr\/clg-ravine-des-cabris\/wp-json\/wp\/v2\/users\/28090"}],"replies":[{"embeddable":true,"href":"https:\/\/etab.ac-reunion.fr\/clg-ravine-des-cabris\/wp-json\/wp\/v2\/comments?post=1852"}],"version-history":[{"count":13,"href":"https:\/\/etab.ac-reunion.fr\/clg-ravine-des-cabris\/wp-json\/wp\/v2\/posts\/1852\/revisions"}],"predecessor-version":[{"id":1871,"href":"https:\/\/etab.ac-reunion.fr\/clg-ravine-des-cabris\/wp-json\/wp\/v2\/posts\/1852\/revisions\/1871"}],"wp:featuredmedia":[{"embeddable":true,"href":"https:\/\/etab.ac-reunion.fr\/clg-ravine-des-cabris\/wp-json\/wp\/v2\/media\/1858"}],"wp:attachment":[{"href":"https:\/\/etab.ac-reunion.fr\/clg-ravine-des-cabris\/wp-json\/wp\/v2\/media?parent=1852"}],"wp:term":[{"taxonomy":"category","embeddable":true,"href":"https:\/\/etab.ac-reunion.fr\/clg-ravine-des-cabris\/wp-json\/wp\/v2\/categories?post=1852"},{"taxonomy":"post_tag","embeddable":true,"href":"https:\/\/etab.ac-reunion.fr\/clg-ravine-des-cabris\/wp-json\/wp\/v2\/tags?post=1852"}],"curies":[{"name":"wp","href":"https:\/\/api.w.org\/{rel}","templated":true}]}}